{"id":56315,"date":"2023-08-08T09:13:23","date_gmt":"2023-08-08T14:13:23","guid":{"rendered":"http:\/\/losperiodistas.com.mx\/portal\/?p=56315"},"modified":"2023-08-08T09:13:26","modified_gmt":"2023-08-08T14:13:26","slug":"los-primeros-usos-de-la-palabra-filosofia-vozpopuli","status":"publish","type":"post","link":"https:\/\/losperiodistas.com.mx\/portal\/los-primeros-usos-de-la-palabra-filosofia-vozpopuli\/","title":{"rendered":"Los primeros usos de la palabra\u00a0\u2018filosof\u00eda\u2019 | VozP\u00f3puli"},"content":{"rendered":"\n<h2 class=\"has-luminous-vivid-amber-background-color has-background has-medium-font-size wp-block-heading\">Un h\u00edstor es alguien que ve o ha visto y por lo tanto conoce y es experto.<\/h2>\n\n\n\n<figure class=\"wp-block-image size-large is-style-default\"><img fetchpriority=\"high\" decoding=\"async\" width=\"1024\" height=\"576\" src=\"https:\/\/losperiodistas.com.mx\/portal\/wp-content\/uploads\/2023\/08\/Filosofos-1024x576.jpg\" alt=\"\" class=\"wp-image-56316\" srcset=\"https:\/\/losperiodistas.com.mx\/portal\/wp-content\/uploads\/2023\/08\/Filosofos-1024x576.jpg 1024w, https:\/\/losperiodistas.com.mx\/portal\/wp-content\/uploads\/2023\/08\/Filosofos-300x169.jpg 300w, https:\/\/losperiodistas.com.mx\/portal\/wp-content\/uploads\/2023\/08\/Filosofos-768x432.jpg 768w, https:\/\/losperiodistas.com.mx\/portal\/wp-content\/uploads\/2023\/08\/Filosofos.jpg 1200w\" sizes=\"(max-width: 1024px) 100vw, 1024px\" \/><\/figure>\n\n\n\n<p><\/p>\n\n\n\n<p class=\"has-vivid-red-color has-text-color has-medium-font-size\"><strong>A\u00cdDA MIGUEZ BARCELA \/ THE CONVERSATION \/ VOZP\u00d3PULI<\/strong><\/p>\n\n\n\n<p>Los primeros testimonios de palabras griegas relacionadas con el substantivo \u201cfilosof\u00eda\u201d son del siglo V a.e.c. Si es aut\u00e9ntico, el fragmento B35 de Her\u00e1clito<strong>\u00a0ofrece el primer uso conocido del adjetivo\u00a0<em>phil\u00f3sophos<\/em>.<\/strong>\u00a0La traducci\u00f3n dice: \u201cEs muy necesario que los hombres\u00a0<em>fil\u00f3sofos<\/em>\u00a0sean\u00a0<em>conocedores<\/em>\u00a0de muchas cosas\u201d. De acuerdo con la frase,\u00a0<strong>el hombre \u201cfil\u00f3sofo\u201d \u2013aficionado o adicto al conocimiento\u2013 debe ser un \u201cconocedor\u201d<\/strong>:\u00a0<em>h\u00edstor<\/em>, en griego. Un\u00a0<em>h\u00edstor<\/em>\u00a0es alguien que ve o ha visto y por lo tanto conoce y es experto.<\/p>\n\n\n\n<p>Esta designaci\u00f3n es enigm\u00e1tica. Lo habitual es denominar a los expertos refiriendo aquello de lo que entienden y se ocupan \u2013cortar madera o dirigir un barco\u2013.&nbsp;<strong>Caracterizar la actividad espec\u00edfica de un experto mediante un verbo que no constituye ninguna especificaci\u00f3n<\/strong>&nbsp;\u2013ver o conocer en general\u2013 resulta en cambio extra\u00f1o. Hagamos lo que hagamos, siempre estamos viendo y conociendo. Pero un navegante ve y conoce bien el mar y las estrellas. Y un carpintero ve y conoce bien la madera. \u00bfQu\u00e9 ven bien esos&nbsp;<em>h\u00edstores<\/em>&nbsp;a los que los hombres \u201cansiosos de conocimiento\u201d deber\u00edan asimilarse?<strong>&nbsp;El fragmento de Her\u00e1clito no proporciona informaci\u00f3n, pero la omisi\u00f3n no es casual sino significativa.<\/strong><ins><\/ins><\/p>\n\n\n\n<h2 class=\"wp-block-heading\">Observaci\u00f3n imparcial<\/h2>\n\n\n\n<p>Los contextos de empleo de la palabra&nbsp;<em>h\u00edstor<\/em>&nbsp;sugieren que se trata de alguien que observa con cierta imparcialidad. En la&nbsp;<em>Il\u00edada<\/em>, un&nbsp;<em>h\u00edstor<\/em>&nbsp;presencia un proceso en el que se intenta pactar una soluci\u00f3n justa en&nbsp;<a href=\"https:\/\/es.wikisource.org\/wiki\/P%C3%A1gina%3ALa_Il%C3%ADada_(Luis_Segal%C3%A1_y_Estalella).djvu\/300\" target=\"_blank\" rel=\"noreferrer noopener\">un conflicto entre dos partes<\/a>&nbsp;(canto 18, versos 501-508).&nbsp;<strong>Un hombre ha muerto.<\/strong>&nbsp;La comunidad se ha reunido p\u00fablicamente. Los ancianos se sientan en c\u00edrculo sobre piedras pulidas y dos hombres disputan a causa de la compensaci\u00f3n a entregar o recibir por la p\u00e9rdida del muerto. Ambos desean obtener del&nbsp;<em>h\u00edstor<\/em>&nbsp;una decisi\u00f3n favorable. En el medio yacen dos talentos de oro&nbsp;<strong>como premio para quien exprese la sentencia m\u00e1s justa de todas.<\/strong><\/p>\n\n\n\n<p>M\u00e1s tarde,&nbsp;<a href=\"https:\/\/es.wikisource.org\/wiki\/P%C3%A1gina%3ALa_Il%C3%ADada_(Luis_Segal%C3%A1_y_Estalella).djvu\/368\" target=\"_blank\" rel=\"noreferrer noopener\">en el contexto de unos juegos reglados<\/a>&nbsp;(canto 23, verso 486), el h\u00e9roe Agamen\u00f3n, que no participa en ninguna de las competiciones, es llamado a actuar como&nbsp;<em>h\u00edstor<\/em>&nbsp;dirimiendo una ri\u00f1a acerca de qu\u00e9 yeguas son las primeras en una carrera.<strong>&nbsp;Un&nbsp;<em>h\u00edstor<\/em>&nbsp;debe conocer muy bien las reglas del juego<\/strong>&nbsp;(sean deportivos o judiciales), pero no puede ser \u00e9l mismo un jugador. Participa, pero a la vez mantiene esa relativa exterioridad que es requisito de la ecuanimidad. Tambi\u00e9n el \u201cfil\u00f3sofo\u201d conoce las reglas del juego y lo observa desde fuera. Es&nbsp;<em>h\u00edstor<\/em>, conocedor en general,<strong>&nbsp;pero guarda una distancia no frente a un juego cualquiera, sino frente al mundo y la vida.<\/strong><\/p>\n\n\n\n<p>Es un misterio esta distancia. De hecho, en los versos de la&nbsp;<em>Il\u00edada<\/em>&nbsp;en los que el&nbsp;<em>h\u00edstor<\/em>&nbsp;aparece como observador independiente no est\u00e1 claro de d\u00f3nde ha salido este personaje<strong>&nbsp;ni cu\u00e1l es exactamente su tarea<\/strong>. \u00bfJuzga \u00e9l mismo el caso de homicidio o act\u00faa como un garante del procedimiento? En todo caso, los dos contextos hom\u00e9ricos dejan claro que un&nbsp;<em>h\u00edstor<\/em><strong>&nbsp;es una figura de autoridad capaz de decidir en raz\u00f3n de su conocimiento.<\/strong><\/p>\n\n\n\n<h2 class=\"wp-block-heading\">El viaje \u201cte\u00f3rico\u201d<\/h2>\n\n\n\n<p>El siguiente testimonio en el que aparece un t\u00e9rmino relacionado con la palabra \u201cfilosof\u00eda\u201d es un pasaje de&nbsp;<a href=\"https:\/\/es.wikipedia.org\/wiki\/Her%C3%B3doto\" target=\"_blank\" rel=\"noreferrer noopener\">Her\u00f3doto<\/a>&nbsp;(I, 30). Creso, rey de Lidia, se dirige a Sol\u00f3n, el poeta y&nbsp;<strong>legislador que ha escrito las leyes para los ciudadanos de Atenas.<\/strong>&nbsp;Sol\u00f3n est\u00e1 embarcado en un viaje sin rumbo fijo (algo as\u00ed como un andar errante). Se indica que la&nbsp;<em>theor\u00eda<\/em>&nbsp;\u2013la visi\u00f3n, la observaci\u00f3n\u2013 es la raz\u00f3n de su peregrinaje. Creso a\u00f1ade que Sol\u00f3n ha recorrido ya mucha tierra&nbsp;<em>filosofando por amor a la observaci\u00f3n<\/em>. Sol\u00f3n no viaja para ganar nada;. No se ha ausentado de Atenas porque tenga un negocio \u2013una&nbsp;<em>pr\u00e2xis<\/em>\u2013 en marcha,<strong>&nbsp;sino por el desprendimiento que permite la&nbsp;<em>theor\u00eda<\/em>.<\/strong><\/p>\n\n\n\n<figure class=\"wp-block-image is-style-default\"><a href=\"https:\/\/images.theconversation.com\/files\/541084\/original\/file-20230803-15-ya9swp.jpg?ixlib=rb-1.1.0&amp;q=45&amp;auto=format&amp;w=1000&amp;fit=clip\" target=\"_blank\" rel=\"noreferrer noopener\"><img decoding=\"async\" src=\"https:\/\/images.theconversation.com\/files\/541084\/original\/file-20230803-15-ya9swp.jpg?ixlib=rb-1.1.0&amp;q=45&amp;auto=format&amp;w=754&amp;fit=clip\" alt=\"Un rey recibe en su trono a un hombre mayor con barba blanca que le habla mientras un prisionero medio desnudo les observa de rodillas.\"\/><\/a><figcaption>Pintura que captura el encuentro entre Creso y Sol\u00f3n, de J.H. van de Horst, en 1624.&nbsp;<a href=\"https:\/\/es.wikipedia.org\/wiki\/Archivo:Solon_Creso.jpg\" target=\"_blank\" rel=\"noreferrer noopener\">Kunsthalle de Hamburgo \/ Wikimedia Commons<\/a><\/figcaption><\/figure>\n\n\n\n<p>El viajero rompe con su espacio de instalaci\u00f3n original: deja atr\u00e1s la tierra patria y se va. As\u00ed remonta el vuelo la b\u00fasqueda del saber. La filosof\u00eda empieza cuando las dem\u00e1s actividades son suspendidas, abandonadas o relativizadas.&nbsp;<strong>Cuando el estar inmerso en algo se interrumpe.<\/strong>&nbsp;Se filosofa cuando alguien, aunque sea provisionalmente, se queda en el aire. No hay filosof\u00eda sin capacidad de detenerse y no hacer nada particular. Por eso en muchos di\u00e1logos de Plat\u00f3n&nbsp;<strong>la posibilidad de que haya di\u00e1logo depende del hecho de que los interlocutores tengan o no&nbsp;<em>skhol\u00e9<\/em>, tiempo libre.<\/strong><\/p>\n\n\n\n<p>Volviendo a Sol\u00f3n: Her\u00f3doto precisa que la raz\u00f3n de fondo de su viaje errabundo es que \u00e9l \u201chizo las leyes\u201d para los atenienses. Quiso dejarlos solos con esas leyes, por eso se fue, para que no se reemplazase la autoridad de la ley&nbsp;<strong>por ninguna autoridad personal, tampoco la suya<\/strong>. Escribir las leyes es el primer paso para constituir un sistema de relaciones abstractas en el que no reine ninguna autoridad personal, sino que la propia ley ostente el mando. Saber en general, observar de forma imparcial y reconocer reglas que valgan igualmente para unos y otros,&nbsp;<strong><a href=\"https:\/\/www.laoficinaediciones.com\/?product=el-llanto-y-la-polis\" target=\"_blank\" rel=\"noreferrer noopener\">con independencia de sus identidades personales de origen<\/a>, son fen\u00f3menos unidos.<\/strong><\/p>\n\n\n\n<h2 class=\"wp-block-heading\">El g\u00e9nero extra\u00f1o: la prosa<\/h2>\n\n\n\n<p>Her\u00f3doto es \u00e9l mismo un&nbsp;<em>h\u00edstor<\/em>. Esto significa que es un experto en realizar esa acrobacia que consiste en ver lo propio desde fuera&nbsp;<strong>hasta lograr incluso pronunciarse sobre los griegos&nbsp;<\/strong>desde el punto de vista de los b\u00e1rbaros. Es, adem\u00e1s, representante de un g\u00e9nero \u201cliterario\u201d novedoso que toma su nombre de la observaci\u00f3n profesional:<strong>&nbsp;la&nbsp;<em>histor\u00ede<\/em>, palabra que habr\u00eda que traducir por \u201caveriguaci\u00f3n\u201d o \u201cinvestigaci\u00f3n\u201d m\u00e1s que por \u201chistoria\u201d.<\/strong><\/p>\n\n\n\n<p>Este g\u00e9nero est\u00e1 marcado por un alejamiento de los dem\u00e1s g\u00e9neros (la tragedia y la comedia, por ejemplo), que incluyen m\u00fasica, ritmo, danza y canto. Si la neutralidad es inseparable de la actividad del&nbsp;<em>h\u00edstor<\/em>, su veh\u00edculo de expresi\u00f3n constituye una neutralizaci\u00f3n de la m\u00fasica, la danza, el ritmo y el canto. La&nbsp;<em>histor\u00ede<\/em>&nbsp;es lo que llamamos \u201cprosa\u201d:&nbsp;<strong>carece patrones de construcci\u00f3n&nbsp;<a href=\"https:\/\/es.wikipedia.org\/wiki\/M%C3%A9trica_grecolatina\" target=\"_blank\" rel=\"noreferrer noopener\">m\u00e9trica<\/a>&nbsp;y no tiene canto ni danza asociados.&nbsp;<\/strong>Al contrario de lo que ocurre hoy, en aquel momento escribir prosa era algo nuevo, raro y sofisticado. Por defecto, la forma de composici\u00f3n eran los versos. Parece muy consecuente que la prosa fuera el g\u00e9nero propio de buena parte de&nbsp;<a href=\"https:\/\/www.academia.edu\/187810\/Was_verse_the_default_form_for_Presocratic_Philosophy\" target=\"_blank\" rel=\"noreferrer noopener\">ese nuevo tipo de discurso rebelde y rompedor que inclu\u00eda la filosof\u00eda<\/a>, la oratoria forense, la historia y la medicina antigua.<\/p>\n\n\n\n<p>Precisamente en el tratado&nbsp;<em>De la medicina antigua<\/em>, atribuido a Hip\u00f3crates de Cos, se encuentra el que pudiera ser el primer uso conocido del&nbsp;<a href=\"https:\/\/raco.cat\/index.php\/Convivium\/article\/view\/76362\/98493\" target=\"_blank\" rel=\"noreferrer noopener\">sustantivo \u201cfilosof\u00eda\u201d<\/a>,<strong>&nbsp;en un contexto en el que se polemiza con \u201cm\u00e9dicos y sabios\u201d:<\/strong><\/p>\n\n\n\n<p class=\"has-text-align-center has-pale-cyan-blue-background-color has-background\"><strong><em>\u201cY este razonamiento suyo apunta a la filosof\u00eda, como en Emp\u00e9docles y otros que, en sus escritos sobre la naturaleza, estudian desde un principio qu\u00e9 es el hombre, c\u00f3mo se ha formado y de qu\u00e9 est\u00e1 compuesto\u201d.<\/em><\/strong><\/p>\n\n\n\n<p>Pero no ser\u00e1 hasta el siglo IV a.e.c. cuando la palabra adquiera verdadera relevancia, especialmente en el tambi\u00e9n pol\u00e9mico proyecto de escritura de Plat\u00f3n. Los di\u00e1logos de Plat\u00f3n no tienen ritmo ni m\u00fasica y nadie los canta ni los baila en un lugar especial de la&nbsp;<em>p\u00f3lis<\/em>&nbsp;en una ocasi\u00f3n festiva. Son textos escritos en prosa para todos en general y para nadie en particular<strong>, que pueden leerse en cualquier lugar y momento. Y esto, aunque nos choque, es una rareza.<\/strong>&nbsp;La misma rareza que est\u00e1 ocurriendo ahora, mientras escribo un texto en prosa para un p\u00fablico desconocido que puede ser le\u00eddo en cualquier momento, en cualquier lugar.<\/p>\n\n\n\n<p><a href=\"https:\/\/theconversation.com\/profiles\/aida-miguez-barciela-1390150\" target=\"_blank\" rel=\"noreferrer noopener\">Aida M\u00edguez Barciela<\/a>, profesora de Filosof\u00eda,&nbsp;<em><a href=\"https:\/\/theconversation.com\/institutions\/universidad-de-zaragoza-3698\" target=\"_blank\" rel=\"noreferrer noopener\">Universidad de Zaragoza<\/a><\/em><\/p>\n\n\n\n<p>Este art\u00edculo fue publicado originalmente en\u00a0<a href=\"https:\/\/theconversation.com\/\" target=\"_blank\" rel=\"noreferrer noopener\">The Conversation<\/a>. Lea el\u00a0<a href=\"https:\/\/theconversation.com\/los-primeros-usos-de-la-palabra-filosofia-210236\" target=\"_blank\" rel=\"noreferrer noopener\">original<\/a>.<\/p>\n\n\n\n<p>Fuente: <a href=\"https:\/\/www.vozpopuli.com\/altavoz\/cultura\/primeros-usos-palabra-filosofia.html\">https:\/\/www.vozpopuli.com\/altavoz\/cultura\/primeros-usos-palabra-filosofia.html<\/a><\/p>\n","protected":false},"excerpt":{"rendered":"<p>Un h\u00edstor es alguien que ve o ha visto y por lo tanto conoce y es experto. A\u00cdDA MIGUEZ BARCELA [&hellip;]<\/p>\n","protected":false},"author":1,"featured_media":56316,"comment_status":"open","ping_status":"open","sticky":false,"template":"","format":"standard","meta":{"site-sidebar-layout":"default","site-content-layout":"","ast-site-content-layout":"default","site-content-style":"default","site-sidebar-style":"default","ast-global-header-display":"","ast-banner-title-visibility":"","ast-main-header-display":"","ast-hfb-above-header-display":"","ast-hfb-below-header-display":"","ast-hfb-mobile-header-display":"","site-post-title":"","ast-breadcrumbs-content":"","ast-featured-img":"","footer-sml-layout":"","theme-transparent-header-meta":"","adv-header-id-meta":"","stick-header-meta":"","header-above-stick-meta":"","header-main-stick-meta":"","header-below-stick-meta":"","astra-migrate-meta-layouts":"default","ast-page-background-enabled":"default","ast-page-background-meta":{"desktop":{"background-color":"var(--ast-global-color-4)","background-image":"","background-repeat":"repeat","background-position":"center center","background-size":"auto","background-attachment":"scroll","background-type":"","background-media":"","overlay-type":"","overlay-color":"","overlay-opacity":"","overlay-gradient":""},"tablet":{"background-color":"","background-image":"","background-repeat":"repeat","background-position":"center center","background-size":"auto","background-attachment":"scroll","background-type":"","background-media":"","overlay-type":"","overlay-color":"","overlay-opacity":"","overlay-gradient":""},"mobile":{"background-color":"","background-image":"","background-repeat":"repeat","background-position":"center center","background-size":"auto","background-attachment":"scroll","background-type":"","background-media":"","overlay-type":"","overlay-color":"","overlay-opacity":"","overlay-gradient":""}},"ast-content-background-meta":{"desktop":{"background-color":"var(--ast-global-color-5)","background-image":"","background-repeat":"repeat","background-position":"center center","background-size":"auto","background-attachment":"scroll","background-type":"","background-media":"","overlay-type":"","overlay-color":"","overlay-opacity":"","overlay-gradient":""},"tablet":{"background-color":"var(--ast-global-color-5)","background-image":"","background-repeat":"repeat","background-position":"center center","background-size":"auto","background-attachment":"scroll","background-type":"","background-media":"","overlay-type":"","overlay-color":"","overlay-opacity":"","overlay-gradient":""},"mobile":{"background-color":"var(--ast-global-color-5)","background-image":"","background-repeat":"repeat","background-position":"center center","background-size":"auto","background-attachment":"scroll","background-type":"","background-media":"","overlay-type":"","overlay-color":"","overlay-opacity":"","overlay-gradient":""}},"footnotes":""},"categories":[8],"tags":[17904,17905,3958],"class_list":["post-56315","post","type-post","status-publish","format-standard","has-post-thumbnail","hentry","category-noticias","tag-antigua-grecia","tag-atenas-filosofos-griegos","tag-filosofia"],"_links":{"self":[{"href":"https:\/\/losperiodistas.com.mx\/portal\/wp-json\/wp\/v2\/posts\/56315","targetHints":{"allow":["GET"]}}],"collection":[{"href":"https:\/\/losperiodistas.com.mx\/portal\/wp-json\/wp\/v2\/posts"}],"about":[{"href":"https:\/\/losperiodistas.com.mx\/portal\/wp-json\/wp\/v2\/types\/post"}],"author":[{"embeddable":true,"href":"https:\/\/losperiodistas.com.mx\/portal\/wp-json\/wp\/v2\/users\/1"}],"replies":[{"embeddable":true,"href":"https:\/\/losperiodistas.com.mx\/portal\/wp-json\/wp\/v2\/comments?post=56315"}],"version-history":[{"count":1,"href":"https:\/\/losperiodistas.com.mx\/portal\/wp-json\/wp\/v2\/posts\/56315\/revisions"}],"predecessor-version":[{"id":56317,"href":"https:\/\/losperiodistas.com.mx\/portal\/wp-json\/wp\/v2\/posts\/56315\/revisions\/56317"}],"wp:featuredmedia":[{"embeddable":true,"href":"https:\/\/losperiodistas.com.mx\/portal\/wp-json\/wp\/v2\/media\/56316"}],"wp:attachment":[{"href":"https:\/\/losperiodistas.com.mx\/portal\/wp-json\/wp\/v2\/media?parent=56315"}],"wp:term":[{"taxonomy":"category","embeddable":true,"href":"https:\/\/losperiodistas.com.mx\/portal\/wp-json\/wp\/v2\/categories?post=56315"},{"taxonomy":"post_tag","embeddable":true,"href":"https:\/\/losperiodistas.com.mx\/portal\/wp-json\/wp\/v2\/tags?post=56315"}],"curies":[{"name":"wp","href":"https:\/\/api.w.org\/{rel}","templated":true}]}}