{"id":56306,"date":"2023-08-08T08:45:36","date_gmt":"2023-08-08T13:45:36","guid":{"rendered":"http:\/\/losperiodistas.com.mx\/portal\/?p=56306"},"modified":"2023-08-08T08:45:38","modified_gmt":"2023-08-08T13:45:38","slug":"monologos-de-menade-para-unos-era-julio-para-otros-es-septiembre","status":"publish","type":"post","link":"https:\/\/losperiodistas.com.mx\/portal\/monologos-de-menade-para-unos-era-julio-para-otros-es-septiembre\/","title":{"rendered":"Mon\u00f3logos de M\u00e9nade | Para unos era julio, para otros es septiembre"},"content":{"rendered":"\n<p class=\"has-medium-font-size\">As\u00ed es esto del tiempo, amigas y amigos, el tiempo pasara, para unos era julio, para otros septiembre. \u00bfYa saben por d\u00f3nde voy?<\/p>\n\n\n\n<figure class=\"wp-block-image size-large is-style-default\"><img fetchpriority=\"high\" decoding=\"async\" width=\"1024\" height=\"576\" src=\"https:\/\/losperiodistas.com.mx\/portal\/wp-content\/uploads\/2023\/08\/Para-unos-era-julio-1024x576.jpg\" alt=\"\" class=\"wp-image-56307\" srcset=\"https:\/\/losperiodistas.com.mx\/portal\/wp-content\/uploads\/2023\/08\/Para-unos-era-julio-1024x576.jpg 1024w, https:\/\/losperiodistas.com.mx\/portal\/wp-content\/uploads\/2023\/08\/Para-unos-era-julio-300x169.jpg 300w, https:\/\/losperiodistas.com.mx\/portal\/wp-content\/uploads\/2023\/08\/Para-unos-era-julio-768x432.jpg 768w, https:\/\/losperiodistas.com.mx\/portal\/wp-content\/uploads\/2023\/08\/Para-unos-era-julio.jpg 1200w\" sizes=\"(max-width: 1024px) 100vw, 1024px\" \/><\/figure>\n\n\n\n<p><\/p>\n\n\n\n<p class=\"has-vivid-red-color has-text-color\" style=\"font-size:26px\"><strong><em>Por Itandehui Rodr\u00edguez Mart\u00ednez<\/em><\/strong><\/p>\n\n\n\n<p>@Itandehui_RoMa<\/p>\n\n\n\n<p>Para unos era julio, pero ese mes ya se acab\u00f3, para otros es septiembre y puede que igual que acab\u00f3 julio, acabe septiembre. Todo depende de una decisi\u00f3n.<\/p>\n\n\n\n<p>Henry Van Dyke, fue un escritor y diplom\u00e1tico norteamericano que muri\u00f3 por all\u00e1 de los treintas, del siglo pasado. En aquella \u00e9poca el tiempo pasaba m\u00e1s lento, obvio, porque no hab\u00eda tantos distractores. Acu\u00f1\u00f3 una frase que les comparto a continuaci\u00f3n:<\/p>\n\n\n\n<blockquote class=\"wp-block-quote is-layout-flow wp-block-quote-is-layout-flow\"><p>\u201cEl tiempo es demasiado lento para aquellos que esperan, demasiado r\u00e1pido para aquellos que temen, demasiado largo para aquellos que lamentan, demasiado corto para aquellos que celebran. Pero para quienes aman, el tiempo es eterno\u201d.<\/p><\/blockquote>\n\n\n\n<p>Y no, no venimos a hablar de amor, venimos a hablar de pol\u00edtica, as\u00ed que descarten la parte de la eternidad del tiempo.<\/p>\n\n\n\n<p>Vamos a desmenuzar esta frase.<\/p>\n\n\n\n<p>\u201cEl tiempo es demasiado lento para aquellos que esperan\u201d: pues s\u00ed, hay mucha gente esperando a que Eduardo Rivera haga p\u00fablico si va o no va por la gubernatura. Y m\u00e1s que esperar, ya desesperan.<\/p>\n\n\n\n<p>El tiempo es un bien finito y se agota f\u00e1cilmente.<\/p>\n\n\n\n<p>Aunque Puebla espera un anuncio p\u00fablico, en privado, en el b\u00fanquer, el trabajo debe estar muy, muy avanzado. Seguro ya hay prorizaciones, ya hay mapeos, proyecciones, detecci\u00f3n de liderazgos afines, aliados en espera de arrancar, coordinadores por nombrar en todo el estado y un largo, largo etc\u00e9tera de cosas que se requieren. Seguro. Porque el tiempo es un bien finito.<\/p>\n\n\n\n<p>\u201c(El tiempo es) demasiado r\u00e1pido para aquellos que temen\u201d: es un hecho, yo, por ejemplo, temo seguir envejeciendo y entre m\u00e1s me choca cumplir a\u00f1os, m\u00e1s r\u00e1pido pasan los meses. \u00a1Feliz cumplea\u00f1os a m\u00ed, por cierto!<\/p>\n\n\n\n<p>\u201c\u2026 es demasiado largo para aquellos que lamentan\u201d: por ejemplo, para unos era julio, pero eso ya se termin\u00f3. Me refiero al mes\u2026 y a lo dem\u00e1s. Eso se ve m\u00e1s all\u00e1 de lo evidente, como Le\u00f3n-O.<\/p>\n\n\n\n<p>\u201c\u2026 (El tiempo es) demasiado corto para aquellos que celebran\u201d: hab\u00eda qui\u00e9nes ya se ve\u00edan con una candidatura en la bolsa y se les est\u00e1 \u201cvolteando el chirri\u00f3n por el palito\u201d. Si no me creen, preg\u00fantenle a Alejandro Armenta.<\/p>\n\n\n\n<p>Hablaba del senador ayer con un querido amigo, t\u00fa sabes qui\u00e9n eres. \u00c9l, hizo una de las mejores analog\u00edas del caso Armenta, lo cito:<\/p>\n\n\n\n<blockquote class=\"wp-block-quote is-layout-flow wp-block-quote-is-layout-flow\"><p>\u201cEs como si eres el DT del Puebla y planteas tu estrategia para 80 minutos cuando un partido de fut dura 90 \u00a1obviamente en los ultimos 10 minutos te empatan y te sacan el partido!\u201d<\/p><\/blockquote>\n\n\n\n<h2 class=\"wp-block-heading\">\u00bfY septiembre?<\/h2>\n\n\n\n<p>Volviendo a septiembre, a Eduardo Rivera, me queda claro que a\u00fan no son los tiempos electorales correctos para anunciar p\u00fablicamente una aspiraci\u00f3n, pero mientras en \u201cla casa de enfrente\u201d ya van muy avanzados, en la azul, \u201cno se ve claro\u201d.<\/p>\n\n\n\n<p>Repito, como dir\u00eda Henry Van Dyke:<\/p>\n\n\n\n<blockquote class=\"wp-block-quote is-layout-flow wp-block-quote-is-layout-flow\"><p>\u201cEl tiempo es demasiado lento para aquellos que esperan, demasiado r\u00e1pido para aquellos que temen, demasiado largo para aquellos que lamentan, demasiado corto para aquellos que celebran\u201d.<\/p><\/blockquote>\n\n\n\n<p>Quiero citar a otra gran fil\u00f3sfa, esto es lo que dijo:<\/p>\n\n\n\n<blockquote class=\"wp-block-quote is-layout-flow wp-block-quote-is-layout-flow\"><p>Every little thing that you say or do<br>I\u2019m hung up<br>I\u2019m hung up on you<br>Waiting for your call, baby, night and day<br>I\u2019m fed up<br>I\u2019m tired of waiting on you<\/p><\/blockquote>\n\n\n\n<p>En espa\u00f1ol dice:<\/p>\n\n\n\n<blockquote class=\"wp-block-quote is-layout-flow wp-block-quote-is-layout-flow\"><p>Cada peque\u00f1a cosa que dices o haces<br>Estoy colgada, estoy colgada de ti<br>Esperando tu llamada, beb\u00e9, noche y d\u00eda<br>Estoy harta, estoy cansado de esperarte<\/p><\/blockquote>\n\n\n\n<p>Eso es lo que dice la gran fil\u00f3sofa&nbsp;<a href=\"https:\/\/www.madonna.com\/\" target=\"_blank\" rel=\"noreferrer noopener\">Madonna<\/a>, pero excluyendo lo de \u201cbeb\u00e9\u201d, es lo que est\u00e1 pasando con la gente que espera una decisi\u00f3n de Eduardo Rivera.<\/p>\n","protected":false},"excerpt":{"rendered":"<p>As\u00ed es esto del tiempo, amigas y amigos, el tiempo pasara, para unos era julio, para otros septiembre. \u00bfYa saben [&hellip;]<\/p>\n","protected":false},"author":1,"featured_media":56307,"comment_status":"open","ping_status":"open","sticky":false,"template":"","format":"standard","meta":{"site-sidebar-layout":"default","site-content-layout":"","ast-site-content-layout":"default","site-content-style":"default","site-sidebar-style":"default","ast-global-header-display":"","ast-banner-title-visibility":"","ast-main-header-display":"","ast-hfb-above-header-display":"","ast-hfb-below-header-display":"","ast-hfb-mobile-header-display":"","site-post-title":"","ast-breadcrumbs-content":"","ast-featured-img":"","footer-sml-layout":"","theme-transparent-header-meta":"","adv-header-id-meta":"","stick-header-meta":"","header-above-stick-meta":"","header-main-stick-meta":"","header-below-stick-meta":"","astra-migrate-meta-layouts":"default","ast-page-background-enabled":"default","ast-page-background-meta":{"desktop":{"background-color":"var(--ast-global-color-4)","background-image":"","background-repeat":"repeat","background-position":"center center","background-size":"auto","background-attachment":"scroll","background-type":"","background-media":"","overlay-type":"","overlay-color":"","overlay-opacity":"","overlay-gradient":""},"tablet":{"background-color":"","background-image":"","background-repeat":"repeat","background-position":"center center","background-size":"auto","background-attachment":"scroll","background-type":"","background-media":"","overlay-type":"","overlay-color":"","overlay-opacity":"","overlay-gradient":""},"mobile":{"background-color":"","background-image":"","background-repeat":"repeat","background-position":"center center","background-size":"auto","background-attachment":"scroll","background-type":"","background-media":"","overlay-type":"","overlay-color":"","overlay-opacity":"","overlay-gradient":""}},"ast-content-background-meta":{"desktop":{"background-color":"var(--ast-global-color-5)","background-image":"","background-repeat":"repeat","background-position":"center center","background-size":"auto","background-attachment":"scroll","background-type":"","background-media":"","overlay-type":"","overlay-color":"","overlay-opacity":"","overlay-gradient":""},"tablet":{"background-color":"var(--ast-global-color-5)","background-image":"","background-repeat":"repeat","background-position":"center center","background-size":"auto","background-attachment":"scroll","background-type":"","background-media":"","overlay-type":"","overlay-color":"","overlay-opacity":"","overlay-gradient":""},"mobile":{"background-color":"var(--ast-global-color-5)","background-image":"","background-repeat":"repeat","background-position":"center center","background-size":"auto","background-attachment":"scroll","background-type":"","background-media":"","overlay-type":"","overlay-color":"","overlay-opacity":"","overlay-gradient":""}},"footnotes":""},"categories":[8,22],"tags":[8711,17700,725],"class_list":["post-56306","post","type-post","status-publish","format-standard","has-post-thumbnail","hentry","category-noticias","category-opinion-invitada","tag-elecciones-puebla-2024","tag-frente-amplio-puebla","tag-morena-puebla"],"_links":{"self":[{"href":"https:\/\/losperiodistas.com.mx\/portal\/wp-json\/wp\/v2\/posts\/56306","targetHints":{"allow":["GET"]}}],"collection":[{"href":"https:\/\/losperiodistas.com.mx\/portal\/wp-json\/wp\/v2\/posts"}],"about":[{"href":"https:\/\/losperiodistas.com.mx\/portal\/wp-json\/wp\/v2\/types\/post"}],"author":[{"embeddable":true,"href":"https:\/\/losperiodistas.com.mx\/portal\/wp-json\/wp\/v2\/users\/1"}],"replies":[{"embeddable":true,"href":"https:\/\/losperiodistas.com.mx\/portal\/wp-json\/wp\/v2\/comments?post=56306"}],"version-history":[{"count":1,"href":"https:\/\/losperiodistas.com.mx\/portal\/wp-json\/wp\/v2\/posts\/56306\/revisions"}],"predecessor-version":[{"id":56308,"href":"https:\/\/losperiodistas.com.mx\/portal\/wp-json\/wp\/v2\/posts\/56306\/revisions\/56308"}],"wp:featuredmedia":[{"embeddable":true,"href":"https:\/\/losperiodistas.com.mx\/portal\/wp-json\/wp\/v2\/media\/56307"}],"wp:attachment":[{"href":"https:\/\/losperiodistas.com.mx\/portal\/wp-json\/wp\/v2\/media?parent=56306"}],"wp:term":[{"taxonomy":"category","embeddable":true,"href":"https:\/\/losperiodistas.com.mx\/portal\/wp-json\/wp\/v2\/categories?post=56306"},{"taxonomy":"post_tag","embeddable":true,"href":"https:\/\/losperiodistas.com.mx\/portal\/wp-json\/wp\/v2\/tags?post=56306"}],"curies":[{"name":"wp","href":"https:\/\/api.w.org\/{rel}","templated":true}]}}