{"id":56303,"date":"2023-08-08T07:52:13","date_gmt":"2023-08-08T12:52:13","guid":{"rendered":"http:\/\/losperiodistas.com.mx\/portal\/?p=56303"},"modified":"2023-08-08T07:52:15","modified_gmt":"2023-08-08T12:52:15","slug":"muere-william-friedkin-luto-en-hollywood-por-la-muerte-del-director-de-el-exorcista-euronews","status":"publish","type":"post","link":"https:\/\/losperiodistas.com.mx\/portal\/muere-william-friedkin-luto-en-hollywood-por-la-muerte-del-director-de-el-exorcista-euronews\/","title":{"rendered":"Muere William Friedkin | Luto en Hollywood por la muerte del director de \u00abEl exorcista\u00bb | Euronews"},"content":{"rendered":"\n<figure class=\"wp-block-embed is-type-video is-provider-youtube wp-block-embed-youtube wp-embed-aspect-16-9 wp-has-aspect-ratio\"><div class=\"wp-block-embed__wrapper\">\n<iframe title=\"Muere William Friedkin | Luto en Hollywood por la muerte del director de &quot;El exorcista&quot;\" width=\"500\" height=\"281\" src=\"https:\/\/www.youtube.com\/embed\/KoszMRG55fc?feature=oembed\" frameborder=\"0\" allow=\"accelerometer; autoplay; clipboard-write; encrypted-media; gyroscope; picture-in-picture; web-share\" referrerpolicy=\"strict-origin-when-cross-origin\" allowfullscreen><\/iframe>\n<\/div><\/figure>\n\n\n\n<p><\/p>\n\n\n\n<p class=\"has-vivid-red-color has-text-color has-medium-font-size\"><strong>LUCIA BLASCO \/ EURONEWS<\/strong><\/p>\n\n\n\n<p>\u00abEl exorcista\u00bb le lanz\u00f3 al estrellato, pero fue dos a\u00f1os antes, en 1971, cuando Friedkin gan\u00f3 su primer Oscar.<\/p>\n\n\n\n<p>Luto en el mundo del cine por la muerte de William Friedkin este lunes a los 87 a\u00f1os.<\/p>\n\n\n\n<p>En 1971 gan\u00f3 su primer Oscar por \u00abThe French Connection\u00bb.<\/p>\n\n\n\n<p>Pero fue \u00abEl exorcista\u00bb la pel\u00edcula que dos a\u00f1os despu\u00e9s le convertir\u00eda en uno de los directores m\u00e1s aclamados.<\/p>\n\n\n\n<p>A lo largo de su prol\u00edfica carrera, el productor y cineasta obtuvo premios y nominaciones en los Globos de Oro, y en festivales como Cannes, Sitges y Venecia.<\/p>\n\n\n\n<p>Nacido en Chicago, Friedkin comenz\u00f3 a trabajar en la televisi\u00f3n local cuando era adolescente y ha trabajado en el mundo del cine hasta el final de sus d\u00edas.\u00a0<\/p>\n\n\n\n<p>Sus fans le rindieron homenaje en el Paseo de la Fama de Hollywood.<\/p>\n\n\n\n<p>Fuente: <a href=\"https:\/\/es.euronews.com\/cultura\/2023\/08\/08\/muere-william-friedkin-luto-en-hollywood-por-la-muerte-del-director-de-el-exorcista\">https:\/\/es.euronews.com\/cultura\/2023\/08\/08\/muere-william-friedkin-luto-en-hollywood-por-la-muerte-del-director-de-el-exorcista<\/a><\/p>\n","protected":false},"excerpt":{"rendered":"<p>LUCIA BLASCO \/ EURONEWS \u00abEl exorcista\u00bb le lanz\u00f3 al estrellato, pero fue dos a\u00f1os antes, en 1971, cuando Friedkin gan\u00f3 [&hellip;]<\/p>\n","protected":false},"author":1,"featured_media":56304,"comment_status":"open","ping_status":"open","sticky":false,"template":"","format":"standard","meta":{"site-sidebar-layout":"default","site-content-layout":"","ast-site-content-layout":"default","site-content-style":"default","site-sidebar-style":"default","ast-global-header-display":"","ast-banner-title-visibility":"","ast-main-header-display":"","ast-hfb-above-header-display":"","ast-hfb-below-header-display":"","ast-hfb-mobile-header-display":"","site-post-title":"","ast-breadcrumbs-content":"","ast-featured-img":"","footer-sml-layout":"","theme-transparent-header-meta":"","adv-header-id-meta":"","stick-header-meta":"","header-above-stick-meta":"","header-main-stick-meta":"","header-below-stick-meta":"","astra-migrate-meta-layouts":"default","ast-page-background-enabled":"default","ast-page-background-meta":{"desktop":{"background-color":"var(--ast-global-color-4)","background-image":"","background-repeat":"repeat","background-position":"center center","background-size":"auto","background-attachment":"scroll","background-type":"","background-media":"","overlay-type":"","overlay-color":"","overlay-opacity":"","overlay-gradient":""},"tablet":{"background-color":"","background-image":"","background-repeat":"repeat","background-position":"center center","background-size":"auto","background-attachment":"scroll","background-type":"","background-media":"","overlay-type":"","overlay-color":"","overlay-opacity":"","overlay-gradient":""},"mobile":{"background-color":"","background-image":"","background-repeat":"repeat","background-position":"center center","background-size":"auto","background-attachment":"scroll","background-type":"","background-media":"","overlay-type":"","overlay-color":"","overlay-opacity":"","overlay-gradient":""}},"ast-content-background-meta":{"desktop":{"background-color":"var(--ast-global-color-5)","background-image":"","background-repeat":"repeat","background-position":"center center","background-size":"auto","background-attachment":"scroll","background-type":"","background-media":"","overlay-type":"","overlay-color":"","overlay-opacity":"","overlay-gradient":""},"tablet":{"background-color":"var(--ast-global-color-5)","background-image":"","background-repeat":"repeat","background-position":"center center","background-size":"auto","background-attachment":"scroll","background-type":"","background-media":"","overlay-type":"","overlay-color":"","overlay-opacity":"","overlay-gradient":""},"mobile":{"background-color":"var(--ast-global-color-5)","background-image":"","background-repeat":"repeat","background-position":"center center","background-size":"auto","background-attachment":"scroll","background-type":"","background-media":"","overlay-type":"","overlay-color":"","overlay-opacity":"","overlay-gradient":""}},"footnotes":""},"categories":[8],"tags":[16136,17901,17900],"class_list":["post-56303","post","type-post","status-publish","format-standard","has-post-thumbnail","hentry","category-noticias","tag-el-exorcista","tag-the-french-connection","tag-william-friedkin"],"_links":{"self":[{"href":"https:\/\/losperiodistas.com.mx\/portal\/wp-json\/wp\/v2\/posts\/56303","targetHints":{"allow":["GET"]}}],"collection":[{"href":"https:\/\/losperiodistas.com.mx\/portal\/wp-json\/wp\/v2\/posts"}],"about":[{"href":"https:\/\/losperiodistas.com.mx\/portal\/wp-json\/wp\/v2\/types\/post"}],"author":[{"embeddable":true,"href":"https:\/\/losperiodistas.com.mx\/portal\/wp-json\/wp\/v2\/users\/1"}],"replies":[{"embeddable":true,"href":"https:\/\/losperiodistas.com.mx\/portal\/wp-json\/wp\/v2\/comments?post=56303"}],"version-history":[{"count":1,"href":"https:\/\/losperiodistas.com.mx\/portal\/wp-json\/wp\/v2\/posts\/56303\/revisions"}],"predecessor-version":[{"id":56305,"href":"https:\/\/losperiodistas.com.mx\/portal\/wp-json\/wp\/v2\/posts\/56303\/revisions\/56305"}],"wp:featuredmedia":[{"embeddable":true,"href":"https:\/\/losperiodistas.com.mx\/portal\/wp-json\/wp\/v2\/media\/56304"}],"wp:attachment":[{"href":"https:\/\/losperiodistas.com.mx\/portal\/wp-json\/wp\/v2\/media?parent=56303"}],"wp:term":[{"taxonomy":"category","embeddable":true,"href":"https:\/\/losperiodistas.com.mx\/portal\/wp-json\/wp\/v2\/categories?post=56303"},{"taxonomy":"post_tag","embeddable":true,"href":"https:\/\/losperiodistas.com.mx\/portal\/wp-json\/wp\/v2\/tags?post=56303"}],"curies":[{"name":"wp","href":"https:\/\/api.w.org\/{rel}","templated":true}]}}