{"id":563,"date":"2020-10-27T19:23:45","date_gmt":"2020-10-28T01:23:45","guid":{"rendered":"http:\/\/losperiodistas.com.mx\/portal\/?p=563"},"modified":"2020-10-27T19:23:45","modified_gmt":"2020-10-28T01:23:45","slug":"el-odio-termina-estupidizando","status":"publish","type":"post","link":"https:\/\/losperiodistas.com.mx\/portal\/el-odio-termina-estupidizando\/","title":{"rendered":"El odio termina estupidizando"},"content":{"rendered":"\n<p><\/p>\n\n\n\n<p style=\"font-size:26px\"><em>Por Humberto Aguilar Coronado*<\/em><\/p>\n\n\n\n<p>El odio es ese sentimiento negativo que persigue un deseo de mal para otra u otras personas a las que se les tiene antipat\u00eda o aversi\u00f3n, y que se puede traducir en rencores reprimidos, insultos, o incluso en agresiones f\u00edsicas.<\/p>\n\n\n\n<p>Lo traigo a cuento porque la semana pasada escuch\u00e9 el discurso que pronunciara el ex Presidente de Uruguay, el popular Pepe M\u00fajica, con motivo de su renuncia definitiva como Senador de la Rep\u00fablica Oriental, del partido Frente Amplio.<\/p>\n\n\n\n<p>En esa ocasi\u00f3n sostuvo ante los Senadores: \u201cen mi jard\u00edn, hace d\u00e9cadas que no cultivo el odio porque aprend\u00ed que el odio termina&nbsp;<em>estupidizando,<\/em>&nbsp;porque nos hace perder objetividad frente a las cosas\u201d.<\/p>\n\n\n\n<p>El odio destruye cuando se cultiva y se motiva. Por eso resulta sorprendente que el odio se est\u00e9 implantando en nuestro pa\u00eds porque todos los d\u00edas hay alguien que desde temprano descalifica, desconoce y se burla de quienes no coinciden con \u00e9l, o con sus pol\u00edticas p\u00fablicas.<\/p>\n\n\n\n<p>Por ejemplo, creo que la exigencia de disculpas y reivindicaci\u00f3n de los pueblos originarios al Papa, al Reino de Espa\u00f1a y al Estado, es despertar el odio dormido contra todo lo que huela a Espa\u00f1a por parte de un sector de la poblaci\u00f3n en M\u00e9xico, desacreditando comentarios inteligentes y a personas conocedoras y pensantes.<\/p>\n\n\n\n<p>El recurrente discurso de culpar al pasado de todas las desgracias presentes, lo \u00fanico que genera es desconocimiento y rechazo a lo que se hab\u00eda avanzado, es decir, odio hacia el pasado.<\/p>\n\n\n\n<p>Los linchamientos de los que nos hemos enterado en diversos municipios en Puebla, evidencian las faltas en la seguridad p\u00fablica, pero tambi\u00e9n demuestran que existe un sentimiento de revancha y de desquite, frente a la impotencia que los ciudadanos tienen por esa falta de respuesta de las instituciones encargadas de la seguridad p\u00fablica y de la impartici\u00f3n de la justicia.<\/p>\n\n\n\n<p>La violencia puede ser la consecuencia del odio en una sociedad polarizada, por eso parece muy peligroso el juego que se est\u00e1 jugando en nuestro pa\u00eds desde el poder, escud\u00e1ndose en la popularidad del Presidente.<\/p>\n\n\n\n<p>Roy Campos sostiene que L\u00f3pez Obrador es el Presidente que m\u00e1s ha polarizado, aunque su aprobaci\u00f3n no est\u00e1 ligada a sus resultados, est\u00e1 anclada a la personalidad, a su historia y a la narrativa de su lucha contra el poder corrupto del pasado.<\/p>\n\n\n\n<p>Sostengo que el Presidente deber\u00eda preocuparse m\u00e1s por dise\u00f1ar una estrategia para combatir la inseguridad; una estrategia para impulsar el desarrollo econ\u00f3mico y una estrategia integral diferente para el control de la pandemia. En una palabra, que utilice la pol\u00edtica para buscar el acercamiento entre los mexicanos y no el odio entre los mismos.<\/p>\n\n\n\n<p>Por mi parte sigo a Pepe M\u00fajica, en mi jard\u00edn yo no cultivo el odio y yo no odio a nadie, porque no quiero estupidizarme, y creo que la pol\u00edtica es una actividad humana, noble y superior que nos permite buscar la felicidad y evitar el dolor evitable.<\/p>\n\n\n\n<p>Ojal\u00e1 lo entienda el Presidente.<\/p>\n\n\n\n<p>*Polit\u00f3logo y Master en Negociaci\u00f3n por la UC3 de Madrid, Espa\u00f1a.<\/p>\n","protected":false},"excerpt":{"rendered":"<p>Por Humberto Aguilar Coronado* El odio es ese sentimiento negativo que persigue un deseo de mal para otra u otras [&hellip;]<\/p>\n","protected":false},"author":1,"featured_media":564,"comment_status":"open","ping_status":"open","sticky":false,"template":"","format":"standard","meta":{"site-sidebar-layout":"default","site-content-layout":"","ast-site-content-layout":"default","site-content-style":"default","site-sidebar-style":"default","ast-global-header-display":"","ast-banner-title-visibility":"","ast-main-header-display":"","ast-hfb-above-header-display":"","ast-hfb-below-header-display":"","ast-hfb-mobile-header-display":"","site-post-title":"","ast-breadcrumbs-content":"","ast-featured-img":"","footer-sml-layout":"","theme-transparent-header-meta":"","adv-header-id-meta":"","stick-header-meta":"","header-above-stick-meta":"","header-main-stick-meta":"","header-below-stick-meta":"","astra-migrate-meta-layouts":"default","ast-page-background-enabled":"default","ast-page-background-meta":{"desktop":{"background-color":"var(--ast-global-color-4)","background-image":"","background-repeat":"repeat","background-position":"center center","background-size":"auto","background-attachment":"scroll","background-type":"","background-media":"","overlay-type":"","overlay-color":"","overlay-opacity":"","overlay-gradient":""},"tablet":{"background-color":"","background-image":"","background-repeat":"repeat","background-position":"center center","background-size":"auto","background-attachment":"scroll","background-type":"","background-media":"","overlay-type":"","overlay-color":"","overlay-opacity":"","overlay-gradient":""},"mobile":{"background-color":"","background-image":"","background-repeat":"repeat","background-position":"center center","background-size":"auto","background-attachment":"scroll","background-type":"","background-media":"","overlay-type":"","overlay-color":"","overlay-opacity":"","overlay-gradient":""}},"ast-content-background-meta":{"desktop":{"background-color":"var(--ast-global-color-5)","background-image":"","background-repeat":"repeat","background-position":"center center","background-size":"auto","background-attachment":"scroll","background-type":"","background-media":"","overlay-type":"","overlay-color":"","overlay-opacity":"","overlay-gradient":""},"tablet":{"background-color":"var(--ast-global-color-5)","background-image":"","background-repeat":"repeat","background-position":"center center","background-size":"auto","background-attachment":"scroll","background-type":"","background-media":"","overlay-type":"","overlay-color":"","overlay-opacity":"","overlay-gradient":""},"mobile":{"background-color":"var(--ast-global-color-5)","background-image":"","background-repeat":"repeat","background-position":"center center","background-size":"auto","background-attachment":"scroll","background-type":"","background-media":"","overlay-type":"","overlay-color":"","overlay-opacity":"","overlay-gradient":""}},"footnotes":""},"categories":[18],"tags":[],"class_list":["post-563","post","type-post","status-publish","format-standard","has-post-thumbnail","hentry","category-palabra-de-tigre"],"_links":{"self":[{"href":"https:\/\/losperiodistas.com.mx\/portal\/wp-json\/wp\/v2\/posts\/563","targetHints":{"allow":["GET"]}}],"collection":[{"href":"https:\/\/losperiodistas.com.mx\/portal\/wp-json\/wp\/v2\/posts"}],"about":[{"href":"https:\/\/losperiodistas.com.mx\/portal\/wp-json\/wp\/v2\/types\/post"}],"author":[{"embeddable":true,"href":"https:\/\/losperiodistas.com.mx\/portal\/wp-json\/wp\/v2\/users\/1"}],"replies":[{"embeddable":true,"href":"https:\/\/losperiodistas.com.mx\/portal\/wp-json\/wp\/v2\/comments?post=563"}],"version-history":[{"count":1,"href":"https:\/\/losperiodistas.com.mx\/portal\/wp-json\/wp\/v2\/posts\/563\/revisions"}],"predecessor-version":[{"id":565,"href":"https:\/\/losperiodistas.com.mx\/portal\/wp-json\/wp\/v2\/posts\/563\/revisions\/565"}],"wp:featuredmedia":[{"embeddable":true,"href":"https:\/\/losperiodistas.com.mx\/portal\/wp-json\/wp\/v2\/media\/564"}],"wp:attachment":[{"href":"https:\/\/losperiodistas.com.mx\/portal\/wp-json\/wp\/v2\/media?parent=563"}],"wp:term":[{"taxonomy":"category","embeddable":true,"href":"https:\/\/losperiodistas.com.mx\/portal\/wp-json\/wp\/v2\/categories?post=563"},{"taxonomy":"post_tag","embeddable":true,"href":"https:\/\/losperiodistas.com.mx\/portal\/wp-json\/wp\/v2\/tags?post=563"}],"curies":[{"name":"wp","href":"https:\/\/api.w.org\/{rel}","templated":true}]}}