{"id":56299,"date":"2023-08-08T07:43:36","date_gmt":"2023-08-08T12:43:36","guid":{"rendered":"http:\/\/losperiodistas.com.mx\/portal\/?p=56299"},"modified":"2023-08-08T07:43:38","modified_gmt":"2023-08-08T12:43:38","slug":"vincent-august-sociologo-los-conflictos-son-muy-productivos-para-nuestras-democracias-ideas","status":"publish","type":"post","link":"https:\/\/losperiodistas.com.mx\/portal\/vincent-august-sociologo-los-conflictos-son-muy-productivos-para-nuestras-democracias-ideas\/","title":{"rendered":"Vincent August, soci\u00f3logo: \u201cLos conflictos son muy productivos para nuestras democracias\u201d | Ideas"},"content":{"rendered":"\n<h2 class=\"has-background has-medium-font-size wp-block-heading\" style=\"background-color:#f7d171\">El investigador alem\u00e1n estudia las pugnas sociales frente al cambio y c\u00f3mo otorgamos representatividad a quienes dicen dar voz a las partes implicadas<\/h2>\n\n\n\n<div class=\"wp-block-image is-style-default\"><figure class=\"aligncenter size-large\"><img fetchpriority=\"high\" decoding=\"async\" width=\"1024\" height=\"706\" src=\"https:\/\/losperiodistas.com.mx\/portal\/wp-content\/uploads\/2023\/08\/Captura-de-Pantalla-2023-08-08-a-las-6.38.44-1024x706.jpg\" alt=\"\" class=\"wp-image-56300\" srcset=\"https:\/\/losperiodistas.com.mx\/portal\/wp-content\/uploads\/2023\/08\/Captura-de-Pantalla-2023-08-08-a-las-6.38.44-1024x706.jpg 1024w, https:\/\/losperiodistas.com.mx\/portal\/wp-content\/uploads\/2023\/08\/Captura-de-Pantalla-2023-08-08-a-las-6.38.44-300x207.jpg 300w, https:\/\/losperiodistas.com.mx\/portal\/wp-content\/uploads\/2023\/08\/Captura-de-Pantalla-2023-08-08-a-las-6.38.44-768x530.jpg 768w, https:\/\/losperiodistas.com.mx\/portal\/wp-content\/uploads\/2023\/08\/Captura-de-Pantalla-2023-08-08-a-las-6.38.44-1536x1059.jpg 1536w, https:\/\/losperiodistas.com.mx\/portal\/wp-content\/uploads\/2023\/08\/Captura-de-Pantalla-2023-08-08-a-las-6.38.44-2048x1412.jpg 2048w\" sizes=\"(max-width: 1024px) 100vw, 1024px\" \/><figcaption>El soci\u00f3logo alem\u00e1n Vincent August posa para un retrato en Berl\u00edn (Alemania), el 9 de mayo de 2023. OMER MESSINGER<\/figcaption><\/figure><\/div>\n\n\n\n<p class=\"has-vivid-red-color has-text-color has-medium-font-size\"><strong>CARMEN P\u00c9REZ-LANZAC \/ IDEAS<\/strong><\/p>\n\n\n\n<p>Vincent August (Berl\u00edn, 1988) estudia c\u00f3mo se modifican las din\u00e1micas en una sociedad cuando surge el conflicto. Dirige el grupo reci\u00e9n creado en la Universidad Humboldt que investiga los dilemas clim\u00e1ticos y la forma en que se erigen los grupos que afirman representar a los diversos agentes implicados en la&nbsp;<a href=\"https:\/\/elpais.com\/noticias\/emergencia-climatica\/\" target=\"_blank\" rel=\"noreferrer noopener\">emergencia clim\u00e1tica<\/a>, y las interacciones que se dan entre estos. En 2021 public\u00f3&nbsp;<em>Gobernanza tecnol\u00f3gica. El auge del pensamiento en red en la crisis de la modernidad. Foucault, Luhmann y la cibern\u00e9tica<\/em>, sobre c\u00f3mo estos dos intelectuales elevaron los conceptos de flexibilidad y conectividad. Antes, en 2019,&nbsp;<em>El imperativo de la transparencia<\/em>&nbsp;(ninguno de los dos libros traducidos al espa\u00f1ol), en el que alerta sobre c\u00f3mo el exceso de informaci\u00f3n gubernamental acaba generando opacidad.<\/p>\n\n\n\n<p>August atiende a\u00a0<em>Ideas\u00a0<\/em>en su facultad, un edificio adyacente a la impresionante sede central de la universidad m\u00e1s antigua de Berl\u00edn. Su oficina tiene un aire muy germano: es amplia y sobria. \u00c9l luce contenci\u00f3n.<\/p>\n\n\n\n<p class=\"has-cyan-bluish-gray-background-color has-background\">M\u00c1S INFORMACI\u00d3N<a href=\"https:\/\/elpais.com\/ideas\/2022-01-23\/la-solucion-del-2-para-frenar-la-crisis-climatica.html#?rel=mas_sumario\">La soluci\u00f3n del 2% para frenar la crisis clim\u00e1tica<\/a><\/p>\n\n\n\n<p><strong>PREGUNTA. \u00bfQu\u00e9 tipo de reacciones causa en la sociedad la emergencia clim\u00e1tica?<\/strong><\/p>\n\n\n\n<p><strong>RESPUESTA.<\/strong>&nbsp;Internacionalmente tenemos un problema con la implementaci\u00f3n de los&nbsp;<a href=\"https:\/\/elpais.com\/clima-y-medio-ambiente\/2022-11-06\/el-sur-global-pide-cuentas-por-una-crisis-climatica-que-le-entierra-en-la-pobreza.html\" target=\"_blank\" rel=\"noreferrer noopener\">acuerdos clim\u00e1ticos<\/a>. Los Estados se comprometen a hacer ciertas cosas que luego incumplen sistem\u00e1ticamente.<\/p>\n\n\n\n<p><strong>P.<\/strong>&nbsp;<strong>\u00bfY c\u00f3mo reaccionamos ante esta, digamos, traici\u00f3n?<\/strong><\/p>\n\n\n\n<p><strong>R.<\/strong>&nbsp;Los que m\u00e1s ruido hacen son los activistas clim\u00e1ticos de diversa \u00edndole, pero tambi\u00e9n los partidos pol\u00edticos y los sindicatos ense\u00f1an su patita\u2026 Grupos como<a href=\"https:\/\/elpais.com\/noticias\/movimiento-fridays-for-future\/\" target=\"_blank\" rel=\"noreferrer noopener\">&nbsp;Fridays for Future<\/a>&nbsp;organizan protestas masivas, pero tienden a desinflarse en pocas semanas. Comprometerse con algo que se alarga en el tiempo requiere de mucho compromiso, requiere un sacrificio de recursos limitados como son el tiempo y el dinero. La gente acaba teniendo que volver a sus rutinas.<\/p>\n\n\n\n<p><strong>P. \u00bfCu\u00e1nto tiempo suelen durar estas protestas?<\/strong><\/p>\n\n\n\n<p><strong>R.<\/strong>&nbsp;Lo habitual en la din\u00e1mica de la solidaridad. El soci\u00f3logo Randall Collins analiz\u00f3 la ola interna durante el 11-S y observ\u00f3 que, tras alcanzar su pico, empez\u00f3 a declinar a los dos o tres meses. El periodo se alarg\u00f3 un m\u00e1ximo de seis meses. Pasado ese plazo, la gente dej\u00f3 de compartir banderas y dem\u00e1s rituales.<\/p>\n\n\n\n<p><strong>P. \u00bfQu\u00e9 otras estrategias adoptan los, llam\u00e9mosles, descontentos?<\/strong><\/p>\n\n\n\n<p><strong>R.&nbsp;<\/strong>Hay organizaciones que prefieren dirigirse a grupos peque\u00f1os y homog\u00e9neos con un elevado nivel de compromiso logrando que la protesta se mantenga en el tiempo. Y otros grupos est\u00e1n intentando lograr alianzas, entre otros, con los sindicatos, que actualmente est\u00e1n intentando dibujar su papel en la emergencia clim\u00e1tica. Son conscientes de que vienen de la modernidad cl\u00e1sica, de la extracci\u00f3n del carb\u00f3n o del petr\u00f3leo, ambos combustibles f\u00f3siles, pero al mismo tiempo se sienten progresistas. Parte de ellos se est\u00e1n sumando a estas alianzas, otros son reticentes, incluso obstructivos.<\/p>\n\n\n\n<p><strong>P.<\/strong>&nbsp;<strong>\u00bfQui\u00e9n obtiene la representaci\u00f3n pol\u00edtica o legal de un grupo determinado, como por ejemplo el de las generaciones futuras?<\/strong><\/p>\n\n\n\n<p><strong>R.<\/strong>&nbsp;Fridays for Future ha tenido bastante \u00e9xito en su reclamo de representar a&nbsp;<a href=\"https:\/\/elpais.com\/opinion\/2021-09-17\/que-pensaran-las-proximas-generaciones-sobre-nosotros.html\" target=\"_blank\" rel=\"noreferrer noopener\">las generaciones venideras<\/a>. Se les reconoce como tal incluso por parte de las instituciones internacionales. Pero son a la vez los competidores de otros grupos que tambi\u00e9n apoyan que reduzcamos nuestras emisiones. En cada pa\u00eds van surgiendo voces que afirman representar a tal o tal grupo. En Alemania, Ralph Brinkhaus, un pol\u00edtico conservador, afirm\u00f3 que alguien ten\u00eda que dar voz a los alemanes que comen carne. Se arrog\u00f3 el poder de representar a un grupo que no exist\u00eda sin ser una entidad reconocida. Pero muchos de estos agentes acaban creando grupos sociales. Y as\u00ed los conflictos van generando nuevos protagonistas. Algunos intentan polarizar la sociedad y muchas veces detr\u00e1s de esto est\u00e1n las \u00e9lites intentando remar en su favor.<\/p>\n\n\n\n<p><strong>P. Dice que hay una crisis ecol\u00f3gica en la propia democracia, dentro de ella. \u00bfA qu\u00e9 se refiere?<\/strong><\/p>\n\n\n\n<p><strong>R.<\/strong>&nbsp;Las instituciones democr\u00e1ticas est\u00e1n siendo retadas por grupos de la sociedad dedicados al clima o a la ecolog\u00eda. Todo empieza con una pregunta: \u00bfc\u00f3mo va el Gobierno a responder a tal o tal asunto clim\u00e1tico? Uno de los temas que los pol\u00edticos antes deber\u00edan abordar es su capacidad para resolver problemas. Generalmente no se les da muy bien.<\/p>\n\n\n\n<p><strong>P. Por tanto, ante la emergencia, \u00bfperdemos fe en la democracia?<\/strong><\/p>\n\n\n\n<p><strong>R.<\/strong>&nbsp;Es habitual que la gente tenga una mirada negativa hacia los conflictos. Pero la mayor\u00eda de las veces las pugnas resultan altamente productivas para nuestra sociedad, incluso cuando son intensas. Es cierto que a veces llegan a resultar destructivas, pero la democracia se beneficia de los conflictos.<\/p>\n\n\n\n<p><strong>P.<\/strong>&nbsp;<strong>En&nbsp;<\/strong><em><strong>El imperativo de la transparencia<\/strong><\/em><strong>&nbsp;afirma que cuando los Estados facilitan mucha informaci\u00f3n acaban causando falta de transparencia. \u00bfPuede explicarlo?<\/strong><\/p>\n\n\n\n<p><strong>R.<\/strong>&nbsp;La transparencia crea m\u00e1s y m\u00e1s informaci\u00f3n, m\u00e1s y m\u00e1s documentos. \u00bfQui\u00e9n es capaz de clasificar toda esa informaci\u00f3n? En el intento de resultar transparentes, los Gobiernos generan tantos datos que se vuelven opacos. Lo que sucede es que acaban interviniendo intermediarios que s\u00ed tienen la capacidad de procesar todos esos documentos. A veces son ONG, otras veces grandes empresas que intentan influir en el Gobierno. As\u00ed que muchas veces lo que obtenemos no es participaci\u00f3n ciudadana sino participaci\u00f3n de expertos y&nbsp;<em>lobbies<\/em>.<\/p>\n\n\n\n<p><strong>P.<\/strong>&nbsp;<strong>En su \u00faltimo libro, de 2021, habla sobre c\u00f3mo&nbsp;<\/strong><a href=\"https:\/\/elpais.com\/noticias\/michel-foucault\/\" target=\"_blank\" rel=\"noreferrer noopener\"><strong>Foucault&nbsp;<\/strong><\/a><strong>y Luhmann destacaron la importancia de la conectividad y la flexibilidad en nuestra sociedad y sobre c\u00f3mo seguimos atrapados en esa idea.<\/strong><\/p>\n\n\n\n<p><strong>R.<\/strong>&nbsp;Desarrollaron una serie de ideas que cambiaron la forma en que interpretamos el mundo y la forma en que somos gobernados. La cuesti\u00f3n es que desde que aterriz\u00f3 aquella nueva mirada \u2014la idea de que la computarizaci\u00f3n nos llev\u00f3 hacia la flexibilidad y la conectividad\u2014 sigue con nosotros. Las empresas, la sociedad, siguen embebidas de esa interpretaci\u00f3n. No se trata de algo maligno, sino de c\u00f3mo nos miramos a nosotros mismos. Y ese pensamiento ha dado forma a nuestra vida cotidiana.<\/p>\n\n\n\n<p><a href=\"https:\/\/eur01.safelinks.protection.outlook.com\/?url=https%3A%2F%2Fplus.elpais.com%2Fnewsletters%2Flnp%2F1%2F398&amp;data=04%7C01%7Cgdelser%40grupoprisa.com%7C6d927260ec0049f7d85408d92028fd12%7Cc4fd49f3e15a44d882e2c909735d2e45%7C0%7C0%7C637576182693994301%7CUnknown%7CTWFpbGZsb3d8eyJWIjoiMC4wLjAwMDAiLCJQIjoiV2luMzIiLCJBTiI6Ik1haWwiLCJXVCI6Mn0%3D%7C1000&amp;sdata=n19423in%2Fq91jJ7HsGFtYWt%2Fl4NFxQ9h71jgFpN%2BNZk%3D&amp;reserved=0\"><em>Ap\u00fantate aqu\u00ed\u00a0<\/em><\/a><em>a la newsletter semanal de Ideas.<\/em><\/p>\n\n\n\n<p>Fuente: <a href=\"https:\/\/elpais.com\/ideas\/2023-08-07\/vincent-august-sociologo-los-conflictos-son-muy-productivos-para-nuestras-democracias.html\">https:\/\/elpais.com\/ideas\/2023-08-07\/vincent-august-sociologo-los-conflictos-son-muy-productivos-para-nuestras-democracias.html<\/a><\/p>\n","protected":false},"excerpt":{"rendered":"<p>El investigador alem\u00e1n estudia las pugnas sociales frente al cambio y c\u00f3mo otorgamos representatividad a quienes dicen dar voz a [&hellip;]<\/p>\n","protected":false},"author":1,"featured_media":56300,"comment_status":"open","ping_status":"open","sticky":false,"template":"","format":"standard","meta":{"site-sidebar-layout":"default","site-content-layout":"","ast-site-content-layout":"default","site-content-style":"default","site-sidebar-style":"default","ast-global-header-display":"","ast-banner-title-visibility":"","ast-main-header-display":"","ast-hfb-above-header-display":"","ast-hfb-below-header-display":"","ast-hfb-mobile-header-display":"","site-post-title":"","ast-breadcrumbs-content":"","ast-featured-img":"","footer-sml-layout":"","theme-transparent-header-meta":"","adv-header-id-meta":"","stick-header-meta":"","header-above-stick-meta":"","header-main-stick-meta":"","header-below-stick-meta":"","astra-migrate-meta-layouts":"default","ast-page-background-enabled":"default","ast-page-background-meta":{"desktop":{"background-color":"var(--ast-global-color-4)","background-image":"","background-repeat":"repeat","background-position":"center center","background-size":"auto","background-attachment":"scroll","background-type":"","background-media":"","overlay-type":"","overlay-color":"","overlay-opacity":"","overlay-gradient":""},"tablet":{"background-color":"","background-image":"","background-repeat":"repeat","background-position":"center center","background-size":"auto","background-attachment":"scroll","background-type":"","background-media":"","overlay-type":"","overlay-color":"","overlay-opacity":"","overlay-gradient":""},"mobile":{"background-color":"","background-image":"","background-repeat":"repeat","background-position":"center center","background-size":"auto","background-attachment":"scroll","background-type":"","background-media":"","overlay-type":"","overlay-color":"","overlay-opacity":"","overlay-gradient":""}},"ast-content-background-meta":{"desktop":{"background-color":"var(--ast-global-color-5)","background-image":"","background-repeat":"repeat","background-position":"center center","background-size":"auto","background-attachment":"scroll","background-type":"","background-media":"","overlay-type":"","overlay-color":"","overlay-opacity":"","overlay-gradient":""},"tablet":{"background-color":"var(--ast-global-color-5)","background-image":"","background-repeat":"repeat","background-position":"center center","background-size":"auto","background-attachment":"scroll","background-type":"","background-media":"","overlay-type":"","overlay-color":"","overlay-opacity":"","overlay-gradient":""},"mobile":{"background-color":"var(--ast-global-color-5)","background-image":"","background-repeat":"repeat","background-position":"center center","background-size":"auto","background-attachment":"scroll","background-type":"","background-media":"","overlay-type":"","overlay-color":"","overlay-opacity":"","overlay-gradient":""}},"footnotes":""},"categories":[8],"tags":[17899,1916,17897,17896,15364,17898],"class_list":["post-56299","post","type-post","status-publish","format-standard","has-post-thumbnail","hentry","category-noticias","tag-conflictos-sociales","tag-democracia","tag-emergencia-climatica","tag-foucault","tag-sociologia","tag-vincent-august"],"_links":{"self":[{"href":"https:\/\/losperiodistas.com.mx\/portal\/wp-json\/wp\/v2\/posts\/56299","targetHints":{"allow":["GET"]}}],"collection":[{"href":"https:\/\/losperiodistas.com.mx\/portal\/wp-json\/wp\/v2\/posts"}],"about":[{"href":"https:\/\/losperiodistas.com.mx\/portal\/wp-json\/wp\/v2\/types\/post"}],"author":[{"embeddable":true,"href":"https:\/\/losperiodistas.com.mx\/portal\/wp-json\/wp\/v2\/users\/1"}],"replies":[{"embeddable":true,"href":"https:\/\/losperiodistas.com.mx\/portal\/wp-json\/wp\/v2\/comments?post=56299"}],"version-history":[{"count":1,"href":"https:\/\/losperiodistas.com.mx\/portal\/wp-json\/wp\/v2\/posts\/56299\/revisions"}],"predecessor-version":[{"id":56301,"href":"https:\/\/losperiodistas.com.mx\/portal\/wp-json\/wp\/v2\/posts\/56299\/revisions\/56301"}],"wp:featuredmedia":[{"embeddable":true,"href":"https:\/\/losperiodistas.com.mx\/portal\/wp-json\/wp\/v2\/media\/56300"}],"wp:attachment":[{"href":"https:\/\/losperiodistas.com.mx\/portal\/wp-json\/wp\/v2\/media?parent=56299"}],"wp:term":[{"taxonomy":"category","embeddable":true,"href":"https:\/\/losperiodistas.com.mx\/portal\/wp-json\/wp\/v2\/categories?post=56299"},{"taxonomy":"post_tag","embeddable":true,"href":"https:\/\/losperiodistas.com.mx\/portal\/wp-json\/wp\/v2\/tags?post=56299"}],"curies":[{"name":"wp","href":"https:\/\/api.w.org\/{rel}","templated":true}]}}