{"id":56296,"date":"2023-08-08T06:57:45","date_gmt":"2023-08-08T11:57:45","guid":{"rendered":"http:\/\/losperiodistas.com.mx\/portal\/?p=56296"},"modified":"2023-08-08T06:57:47","modified_gmt":"2023-08-08T11:57:47","slug":"disparos-contra-sacerdotes-y-una-alta-dosis-de-violencia-en-la-carretera-mexico-queretaro-dlf","status":"publish","type":"post","link":"https:\/\/losperiodistas.com.mx\/portal\/disparos-contra-sacerdotes-y-una-alta-dosis-de-violencia-en-la-carretera-mexico-queretaro-dlf\/","title":{"rendered":"Disparos contra sacerdotes y una alta dosis de violencia en la carretera M\u00e9xico-Quer\u00e9taro | DLF"},"content":{"rendered":"\n<figure class=\"wp-block-image size-large is-style-default\"><img fetchpriority=\"high\" decoding=\"async\" width=\"1024\" height=\"683\" src=\"https:\/\/losperiodistas.com.mx\/portal\/wp-content\/uploads\/2023\/08\/auto-balazos-carretera-mexico-queretaro-1024x683.jpg\" alt=\"\" class=\"wp-image-56297\" srcset=\"https:\/\/losperiodistas.com.mx\/portal\/wp-content\/uploads\/2023\/08\/auto-balazos-carretera-mexico-queretaro-1024x683.jpg 1024w, https:\/\/losperiodistas.com.mx\/portal\/wp-content\/uploads\/2023\/08\/auto-balazos-carretera-mexico-queretaro-300x200.jpg 300w, https:\/\/losperiodistas.com.mx\/portal\/wp-content\/uploads\/2023\/08\/auto-balazos-carretera-mexico-queretaro-768x512.jpg 768w, https:\/\/losperiodistas.com.mx\/portal\/wp-content\/uploads\/2023\/08\/auto-balazos-carretera-mexico-queretaro.jpg 1200w\" sizes=\"(max-width: 1024px) 100vw, 1024px\" \/><\/figure>\n\n\n\n<p><\/p>\n\n\n\n<p><\/p>\n\n\n\n<p class=\"has-vivid-red-color has-text-color has-medium-font-size\"><strong>CARLOS ZAPATA \/ DESDE LA FE<\/strong><\/p>\n\n\n\n<p><strong>Dos sacerdotes<\/strong>&nbsp;vivieron en carne propia la violencia en carreteras de M\u00e9xico. Amedrentados con&nbsp;<strong>disparos<\/strong>, varios delincuentes intentaron despojarlos de sus pertenencias. As\u00ed lo cuenta uno de ellos:<\/p>\n\n\n\n<p>\u201cEscuch\u00e9 dos disparos, despu\u00e9s otro m\u00e1s; luego, fueron cuatro\u201d. As\u00ed describi\u00f3 un triste episodio ocurrido durante la noche del pasado jueves 3 de agosto el sacerdote&nbsp;<strong>Cristian Iv\u00e1n Casta\u00f1eda Silva<\/strong>, quien conden\u00f3 la mezcla de \u201cimpunidad y miedo\u201d que hoy se vive en distintos puntos de la geograf\u00eda nacional.<\/p>\n\n\n\n<p>Al narrar el suceso, confirm\u00f3 a&nbsp;<strong><em>Desde la fe<\/em><\/strong>&nbsp;que conduc\u00eda su veh\u00edculo&nbsp;<strong>desde&nbsp;<a href=\"https:\/\/www.facebook.com\/diocesis.zacatecas\/?locale=es_LA\" target=\"_blank\" rel=\"noreferrer noopener\">Zacatecas<\/a>&nbsp;hacia la Ciudad de M\u00e9xico<\/strong>, con el objetivo de llegar a la residencia sacerdotal donde est\u00e1 previsto que transcurran sus pr\u00f3ximos a\u00f1os de estudio.<\/p>\n\n\n\n<p>El padre Cristian no iba solo, lo acompa\u00f1aba, en otro auto, un amigo sacerdote, con quien de vez en cuando&nbsp;<strong>platicaba por tel\u00e9fono<\/strong>&nbsp;para compartir sus impresiones del viaje.<\/p>\n\n\n\n<p>Fue en torno a las 8:30 de la noche de ese d\u00eda, cuando ambos sufrieron un hecho lamentable en la&nbsp;<strong>autopista Quer\u00e9taro-M\u00e9xico<\/strong>,<\/p>\n\n\n\n<p>Detalla el padre Cristian Iv\u00e1n Casta\u00f1eda Silva:<\/p>\n\n\n\n<blockquote class=\"wp-block-quote is-layout-flow wp-block-quote-is-layout-flow\"><p><\/p><cite>\u201cEn un tramo de la autopista, el padre Juan golpe\u00f3 una piedra grande que estaba en el pavimento. Era tan grande que tuvo que orillarse para revisar. A unos cien metros de distancia hab\u00eda otros dos veh\u00edculos da\u00f1ados por la misma roca\u201d.<\/cite><\/blockquote>\n\n\n\n<h2 class=\"wp-block-heading\" id=\"h-disparos-contra-los-sacerdotes\"><strong>Disparos contra los sacerdotes<\/strong><\/h2>\n\n\n\n<p>Cuando vio que el padre Juan detuvo la marcha, el padre Cristian tambi\u00e9n estacion\u00f3 su auto, dejando las luces intermitentes prendidas, y camin\u00f3 hacia el carro de su compa\u00f1ero para auxiliarlo. Cuenta:<\/p>\n\n\n\n<blockquote class=\"wp-block-quote is-layout-flow wp-block-quote-is-layout-flow\"><p><\/p><cite>\u201cEn cuesti\u00f3n de segundos, un hombre sali\u00f3 entre la maleza gritando improperios y ordendando que nos tir\u00e1ramos al suelo mientras sacaba un arma de fuego. Lo vi de frente. Detr\u00e1s de \u00e9l, otro sujeto con un arma dispar\u00f3 dos veces al aire. Al escuchar los tiros, mis piernas se desbloquearon. Corr\u00ed como pude, sin pensar, alcanc\u00e9 a subir a mi veh\u00edculo\u201d.<\/cite><\/blockquote>\n\n\n\n<p>Cuanta el padre Cristian, que para entonces su compa\u00f1ero sacerdote estaba en el suelo, sujetado ya por un delincuente.<\/p>\n\n\n\n<blockquote class=\"wp-block-quote is-layout-flow wp-block-quote-is-layout-flow\"><p><\/p><cite>Escuch\u00e9 otro disparo antes de poder acelerar. El primer sujeto intent\u00f3 entrar a mi coche. Con la pistola rompi\u00f3 el cristal del copiloto, pero logr\u00e9 avanzar con rapidez. Dos rocas grandes, lanzadas por delincuentes, golpearon mi parabrisas. Buscaban detenerme a como diera lugar\u201d.<\/cite><\/blockquote>\n\n\n\n<p class=\"has-cyan-bluish-gray-background-color has-background\"><strong>No dejes de leer:&nbsp;<a href=\"https:\/\/desdelafe.mx\/noticias\/iglesia-en-mexico\/bebe-abandonada-veracruz-reaccion-sacerdote\/\">Abandonan a una beb\u00e9 en la puerta de la iglesia y as\u00ed reaccion\u00f3&nbsp;el&nbsp;sacerdote<\/a><\/strong><\/p>\n\n\n\n<h2 class=\"wp-block-heading\" id=\"h-llamaron-a-emergencias-911\"><strong>Llamaron a Emergencias 911<\/strong><\/h2>\n\n\n\n<p>Mientras aceleraba, el padre Cristian marc\u00f3, como pudo, al 911.<\/p>\n\n\n\n<blockquote class=\"wp-block-quote is-layout-flow wp-block-quote-is-layout-flow\"><p><\/p><cite>\u201cTen\u00eda vidrios incrustados en los brazos y un dolor muy fuerte en el costado derecho. Me detuve a unos metros de donde estaban los otros dos veh\u00edculos da\u00f1ados, \u00a1necesit\u00e1bamos ayuda!\u201d.<\/cite><\/blockquote>\n\n\n\n<p>En el servicio de emergencia del 911 le hac\u00edan al sacerdote una serie preguntas que -dice- pareciera que no sirvieron de nada. En efecto, \u201cfuimos atacados mientras desde el 911 segu\u00edan pregunt\u00e1ndome cosas que no sab\u00eda responder\u201d.<\/p>\n\n\n\n<p>El padre Cristian afirma que sinti\u00f3 una mezcla de \u201cmiedo e impotencia\u201d, pues tras dar la voz de alerta no hab\u00eda \u201cni un solo polic\u00eda, ni una sola de esas patrullas blancas que se han dedicado a detener camiones o carros a exceso de velocidad, \u00a1nadie!\u201d.<\/p>\n\n\n\n<p>Pero el drama a\u00fan no terminaba:<\/p>\n\n\n\n<blockquote class=\"wp-block-quote is-layout-flow wp-block-quote-is-layout-flow\"><p><\/p><cite>\u201c\u00c9ramos s\u00f3lo nosotros, desprotegidos, en una autopista muy transitada, pero al mismo tiempo tan vac\u00eda de inter\u00e9s, de solidaridad y de empat\u00eda\u201d.<\/cite><\/blockquote>\n\n\n\n<p>El sacerdote se detuvo para pedir auxilio a los tripulantes de los otros dos veh\u00edculos que se encontraban adelante afectados por la roca. Entonces logr\u00f3 ver que el padre Juan tambi\u00e9n avanzaba detr\u00e1s de \u00e9l.<\/p>\n\n\n\n<p>No dejes de leer:&nbsp;<a href=\"https:\/\/desdelafe.mx\/noticias\/sabias-que\/sacerdotes-jesuitas-bomba-hiroshima\/\">Sacerdotes jesuitas sobrevivieron a bomba at\u00f3mica de Hiroshima gracias al Rosario<\/a><\/p>\n\n\n\n<h2 class=\"wp-block-heading\" id=\"h-mi-costado-estaba-sangrando\">\u201cMi costado estaba sangrando\u201d<\/h2>\n\n\n\n<blockquote class=\"wp-block-quote is-layout-flow wp-block-quote-is-layout-flow\"><p><\/p><cite>Ya aparentemente a salvo, el padre Juan avanz\u00f3 y se puso frente a m\u00ed; me pregunt\u00f3 si estaba bien, le dije que s\u00ed. Todo me dol\u00eda, mi costado segu\u00eda sangrando, Pero \u00a1otra vez disparos! Cuatro sujetos armados salieron unos 50 metros atr\u00e1s para robar a las dos familias que estaban ah\u00ed. Tuvimos que huir, pero mi llamada segu\u00eda activa. \u2018\u00a1Est\u00e1n disparando!\u2019, les dije. Avanzamos en busca de ayuda\u201d.<\/cite><\/blockquote>\n\n\n\n<p>Fue al encontrar una gasolinera cuando los sacerdotes se pudieron detener y sentirse a salvo.<\/p>\n\n\n\n<blockquote class=\"wp-block-quote is-layout-flow wp-block-quote-is-layout-flow\"><p><\/p><cite>En mi costado hab\u00eda fragmentos de bala que hab\u00edan rozado mi piel. Est\u00e1bamos temblando. El padre Juan estaba ileso, gracias a Dios, pero despojado de todas sus pertenencias\u201d.<\/cite><\/blockquote>\n\n\n\n<p>El dram\u00e1tico episodio llegaba a su fin, con el sabor amargo de saber que, a pesar del asalto y la llamada, \u201cnadie acud\u00eda\u201d.<\/p>\n\n\n\n<p><strong>No dejes de leer:<a href=\"https:\/\/desdelafe.mx\/noticias\/sabias-que\/inventos-sacerdote-salvado-vidas\/\">El sacerdote inventor que dise\u00f1\u00f3 el auto m\u00e1s feo -y m\u00e1s seguro- del mundo<\/a><\/strong><\/p>\n\n\n\n<h2 class=\"wp-block-heading\" id=\"h-una-promesa-incumplida\">Una promesa incumplida<\/h2>\n\n\n\n<p>Todo concluy\u00f3 con un n\u00famero de reporte y una promesa: \u201cEnviaremos a alguien\u201d. Sin embargo, \u201cnadie lleg\u00f3\u201d, salvo una patrulla de la<strong>&nbsp;<a href=\"https:\/\/www.gob.mx\/guardianacional\" target=\"_blank\" rel=\"noreferrer noopener\">Guardia Nacional<\/a><\/strong>, pero quienes iban a bordo \u201cno sab\u00edan nada\u201d.<\/p>\n\n\n\n<p>Con m\u00e1s de 32 mil homicidios al a\u00f1o, cada hora son asesinadas cuatro personas en el pa\u00eds, de acuerdo con las cifras del<strong>&nbsp;<a href=\"https:\/\/www.inegi.org.mx\/\" target=\"_blank\" rel=\"noreferrer noopener\">Instituto Nacional de Estad\u00edstica y Geograf\u00eda<\/a><\/strong>&nbsp;(INEGI). De ese penoso registro de muerte, 7 de cada 10 ocurren por disparos de armas de fuego.<\/p>\n\n\n\n<p>Bajo ese panorama, resultan m\u00e1s vigente nunca las palabras del sacerdote Cristian, quien luego de lo ocurrido hizo una publicaci\u00f3n en su perfil personal en Facebook.<\/p>\n\n\n\n<p>En su emotiva descripci\u00f3n, conden\u00f3 los \u201cabrazos de muerte\u201d que se traducen en \u201cabrazos de impunidad, de injusticia y de profunda irracionalidad\u201d en M\u00e9xico.<\/p>\n\n\n\n<p>Son abrazos, dijo, \u201cque nos dejan sin aliento\u201d, abrazos \u201cque paralizan y destruyen\u201d. En tal sentido, concluy\u00f3: \u201c<em>No se t\u00fa, pero \u00a1yo no quiero volver a recibir un abrazo as\u00ed!<\/em>\u201d.<\/p>\n\n\n\n<p>Fuente: <a href=\"https:\/\/desdelafe.mx\/noticias\/iglesia-en-mexico\/disparos-contra-sacerdotes-y-una-alta-dosis-de-violencia-en-la-carretera-mexico-queretaro\/\">https:\/\/desdelafe.mx\/noticias\/iglesia-en-mexico\/disparos-contra-sacerdotes-y-una-alta-dosis-de-violencia-en-la-carretera-mexico-queretaro\/<\/a><\/p>\n","protected":false},"excerpt":{"rendered":"<p>CARLOS ZAPATA \/ DESDE LA FE Dos sacerdotes&nbsp;vivieron en carne propia la violencia en carreteras de M\u00e9xico. Amedrentados con&nbsp;disparos, varios [&hellip;]<\/p>\n","protected":false},"author":1,"featured_media":56297,"comment_status":"open","ping_status":"open","sticky":false,"template":"","format":"standard","meta":{"site-sidebar-layout":"default","site-content-layout":"","ast-site-content-layout":"default","site-content-style":"default","site-sidebar-style":"default","ast-global-header-display":"","ast-banner-title-visibility":"","ast-main-header-display":"","ast-hfb-above-header-display":"","ast-hfb-below-header-display":"","ast-hfb-mobile-header-display":"","site-post-title":"","ast-breadcrumbs-content":"","ast-featured-img":"","footer-sml-layout":"","theme-transparent-header-meta":"","adv-header-id-meta":"","stick-header-meta":"","header-above-stick-meta":"","header-main-stick-meta":"","header-below-stick-meta":"","astra-migrate-meta-layouts":"default","ast-page-background-enabled":"default","ast-page-background-meta":{"desktop":{"background-color":"var(--ast-global-color-4)","background-image":"","background-repeat":"repeat","background-position":"center center","background-size":"auto","background-attachment":"scroll","background-type":"","background-media":"","overlay-type":"","overlay-color":"","overlay-opacity":"","overlay-gradient":""},"tablet":{"background-color":"","background-image":"","background-repeat":"repeat","background-position":"center center","background-size":"auto","background-attachment":"scroll","background-type":"","background-media":"","overlay-type":"","overlay-color":"","overlay-opacity":"","overlay-gradient":""},"mobile":{"background-color":"","background-image":"","background-repeat":"repeat","background-position":"center center","background-size":"auto","background-attachment":"scroll","background-type":"","background-media":"","overlay-type":"","overlay-color":"","overlay-opacity":"","overlay-gradient":""}},"ast-content-background-meta":{"desktop":{"background-color":"var(--ast-global-color-5)","background-image":"","background-repeat":"repeat","background-position":"center center","background-size":"auto","background-attachment":"scroll","background-type":"","background-media":"","overlay-type":"","overlay-color":"","overlay-opacity":"","overlay-gradient":""},"tablet":{"background-color":"var(--ast-global-color-5)","background-image":"","background-repeat":"repeat","background-position":"center center","background-size":"auto","background-attachment":"scroll","background-type":"","background-media":"","overlay-type":"","overlay-color":"","overlay-opacity":"","overlay-gradient":""},"mobile":{"background-color":"var(--ast-global-color-5)","background-image":"","background-repeat":"repeat","background-position":"center center","background-size":"auto","background-attachment":"scroll","background-type":"","background-media":"","overlay-type":"","overlay-color":"","overlay-opacity":"","overlay-gradient":""}},"footnotes":""},"categories":[8],"tags":[17893,3132,17895,17894],"class_list":["post-56296","post","type-post","status-publish","format-standard","has-post-thumbnail","hentry","category-noticias","tag-autopista-queretaro","tag-iglesia-en-mexico","tag-mexico-insegridad","tag-sacerdotes-baleados"],"_links":{"self":[{"href":"https:\/\/losperiodistas.com.mx\/portal\/wp-json\/wp\/v2\/posts\/56296","targetHints":{"allow":["GET"]}}],"collection":[{"href":"https:\/\/losperiodistas.com.mx\/portal\/wp-json\/wp\/v2\/posts"}],"about":[{"href":"https:\/\/losperiodistas.com.mx\/portal\/wp-json\/wp\/v2\/types\/post"}],"author":[{"embeddable":true,"href":"https:\/\/losperiodistas.com.mx\/portal\/wp-json\/wp\/v2\/users\/1"}],"replies":[{"embeddable":true,"href":"https:\/\/losperiodistas.com.mx\/portal\/wp-json\/wp\/v2\/comments?post=56296"}],"version-history":[{"count":1,"href":"https:\/\/losperiodistas.com.mx\/portal\/wp-json\/wp\/v2\/posts\/56296\/revisions"}],"predecessor-version":[{"id":56298,"href":"https:\/\/losperiodistas.com.mx\/portal\/wp-json\/wp\/v2\/posts\/56296\/revisions\/56298"}],"wp:featuredmedia":[{"embeddable":true,"href":"https:\/\/losperiodistas.com.mx\/portal\/wp-json\/wp\/v2\/media\/56297"}],"wp:attachment":[{"href":"https:\/\/losperiodistas.com.mx\/portal\/wp-json\/wp\/v2\/media?parent=56296"}],"wp:term":[{"taxonomy":"category","embeddable":true,"href":"https:\/\/losperiodistas.com.mx\/portal\/wp-json\/wp\/v2\/categories?post=56296"},{"taxonomy":"post_tag","embeddable":true,"href":"https:\/\/losperiodistas.com.mx\/portal\/wp-json\/wp\/v2\/tags?post=56296"}],"curies":[{"name":"wp","href":"https:\/\/api.w.org\/{rel}","templated":true}]}}