{"id":56227,"date":"2023-08-07T07:51:49","date_gmt":"2023-08-07T12:51:49","guid":{"rendered":"http:\/\/losperiodistas.com.mx\/portal\/?p=56227"},"modified":"2023-08-07T07:51:51","modified_gmt":"2023-08-07T12:51:51","slug":"mexico-en-el-top-de-los-50-paises-mas-felices-onu-la-silla-rota","status":"publish","type":"post","link":"https:\/\/losperiodistas.com.mx\/portal\/mexico-en-el-top-de-los-50-paises-mas-felices-onu-la-silla-rota\/","title":{"rendered":"M\u00e9xico en el top de los 50 pa\u00edses m\u00e1s felices: ONU | La Silla Rota"},"content":{"rendered":"\n<h2 class=\"has-light-green-cyan-background-color has-background has-medium-font-size wp-block-heading\">De acuerdo con el mapa de la felicidad, los estados menos felices son: Sonora, Sinaloa y Coahuila, y en contraste los estados donde la gente es feliz son Nayarit y Oaxaca<\/h2>\n\n\n\n<figure class=\"wp-block-image size-large is-style-default\"><img fetchpriority=\"high\" decoding=\"async\" width=\"1024\" height=\"580\" src=\"https:\/\/losperiodistas.com.mx\/portal\/wp-content\/uploads\/2023\/08\/Captura-de-Pantalla-2023-08-07-a-las-6.42.08-1024x580.jpg\" alt=\"\" class=\"wp-image-56228\" srcset=\"https:\/\/losperiodistas.com.mx\/portal\/wp-content\/uploads\/2023\/08\/Captura-de-Pantalla-2023-08-07-a-las-6.42.08-1024x580.jpg 1024w, https:\/\/losperiodistas.com.mx\/portal\/wp-content\/uploads\/2023\/08\/Captura-de-Pantalla-2023-08-07-a-las-6.42.08-300x170.jpg 300w, https:\/\/losperiodistas.com.mx\/portal\/wp-content\/uploads\/2023\/08\/Captura-de-Pantalla-2023-08-07-a-las-6.42.08-768x435.jpg 768w, https:\/\/losperiodistas.com.mx\/portal\/wp-content\/uploads\/2023\/08\/Captura-de-Pantalla-2023-08-07-a-las-6.42.08-1536x870.jpg 1536w, https:\/\/losperiodistas.com.mx\/portal\/wp-content\/uploads\/2023\/08\/Captura-de-Pantalla-2023-08-07-a-las-6.42.08.jpg 1606w\" sizes=\"(max-width: 1024px) 100vw, 1024px\" \/><\/figure>\n\n\n\n<p><\/p>\n\n\n\n<p class=\"has-vivid-red-color has-text-color has-medium-font-size\"><strong>KARLA ALVA \/ LA SILLA ROTA<\/strong><\/p>\n\n\n\n<p>Desde 2013, cada a\u00f1o la Organizaci\u00f3n de las Naciones Unidas (ONU)&nbsp;publica su&nbsp;<strong>Informe Mundial de la Felicidad<\/strong>,&nbsp;donde&nbsp;evaluar la calidad de vida en 137 pa\u00edses, el cual considera el Producto Interno Bruto&nbsp;per c\u00e1pita; la esperanza de vida;&nbsp;datos del apoyo social a los ciudadanos y de la observancia de las libertades civiles; el nivel de la percepci\u00f3n de la corrupci\u00f3n; y la participaci\u00f3n de la poblaci\u00f3n en la filantrop\u00eda.<\/p>\n\n\n\n<p>En esta ocasi\u00f3n las\u00a0<strong>naciones m\u00e1s felices<\/strong>\u00a0hasta 2023 fueron:<\/p>\n\n\n\n<ol class=\"wp-block-list\"><li>Finlandia<\/li><li>Dinamarca<\/li><li>Islandia<\/li><li>Israel<\/li><li>Pa\u00edses Bajos<\/li><li>Suecia<\/li><li>Noruega<\/li><li>Suiza<\/li><li>Luxemburgo<\/li><li>Nueva Zelanda<\/li><\/ol>\n\n\n\n<p>Mientras que\u00a0M\u00e9xico se ubica en el sitio 46 del ranking de naciones felices y al final del listado\u00a0se encuentra Afganist\u00e1n.<\/p>\n\n\n\n<p>En medio de estos datos, se piensa que la\u00a0mayor\u00eda de los pa\u00edses industrializados del hemisferio norte se pretende imponer un enfoque de lo que se denomina felicidad \u201cvinculada al individualismo y no como una construcci\u00f3n colectiva\u201d, revelan\u00a0estudios realizados por\u00a0<strong>Alice Poma<\/strong>, del Instituto de Investigaciones Sociales (IIS) de la UNAM.<\/p>\n\n\n\n<p>La acad\u00e9mica por ejemplo menciona que las jornadas conocidas como\u00a0<em>blue monday<\/em>\u00a0y\u00a0<em>yellow day<\/em>\u00a0(el d\u00eda m\u00e1s triste y el d\u00eda m\u00e1s feliz del a\u00f1o, respectivamente) \u201cson construcciones del capitalismo que no tienen rigurosidad cient\u00edfica alguna\u201d. En contraste, la felicidad se construye a partir de un enfoque sociocultural.<\/p>\n\n\n\n<figure class=\"wp-block-image is-style-default\"><img decoding=\"async\" src=\"https:\/\/lasillarota.com\/u\/fotografias\/m\/2023\/8\/6\/f768x1-473835_473962_5050.jpg\" alt=\"\"\/><\/figure>\n\n\n\n<p>De acuerdo con investigadora, lo que est\u00e1n haciendo desde la psicolog\u00eda positiva (la cual estudia c\u00f3mo alcanzar un funcionamiento humano \u00f3ptimo y cu\u00e1les son las herramientas y estrategias para lograr una vida feliz), es una imposici\u00f3n: trabajar la felicidad, sus \u00edndices, formas, mediciones, al grado que hay quienes le denominan \u201cla tiran\u00eda de la felicidad\u201d, debido a que la gente tiene que asumirse feliz y de no hacerlo, debe sentirse culpable.<\/p>\n\n\n\n<p>En palabras de Poma, la felicidad es el resultado de algo individual y un producto colectivo.<\/p>\n\n\n\n<blockquote class=\"wp-block-quote is-layout-flow wp-block-quote-is-layout-flow\"><p>\u201cTiene que ser una construcci\u00f3n social y agrupada, podemos y tenemos que serlo, pero considerando que para ser feliz hay que disminuir la desigualdad\u201d, se\u00f1ala la tambi\u00e9n integrante del Sistema Nacional de Investigadores.<\/p><\/blockquote>\n\n\n\n<p>La imposici\u00f3n de un concepto de felicidad ha sido registrada por algunas autoras a partir de los a\u00f1os 70 del siglo pasado, la cual, en opini\u00f3n de Alice Poma, crea en la poblaci\u00f3n demasiada culpa, agobio, ansiedad, por no ser felices como quieren que lo seamos.<\/p>\n\n\n\n<p>La universitaria hace menci\u00f3n al libro \u201cHappycratie\u201d (Happycracia), de los autores Edgar Cabanas y Eva Illouz, en el cual\u00a0explica claramente \u201cc\u00f3mo la felicidad neoliberal est\u00e1 vinculada al individualismo, al narcisismo de la cultura occidental capitalista y c\u00f3mo se ha impuesto a toda la poblaci\u00f3n mundial\u201d.<br><br>Por ello, \u201ccreo que una de las cosas que se hace desde la sociolog\u00eda de las emociones es apuntar a la reflexi\u00f3n alrededor de lo que sentimos, de volver a ser conscientes y due\u00f1as y due\u00f1os de nuestras emociones, y pensar por qu\u00e9 nos sentimos de cierta manera, hacia qui\u00e9n, c\u00f3mo lo hemos construido y, sobre todo, no asumirnos culpables por no percibir lo que nos dicen que deber\u00edamos de sentir\u201d, dice Poma.<\/p>\n\n\n\n<p>Fuente: <a href=\"https:\/\/lasillarota.com\/gente-vida\/2023\/8\/6\/mexico-en-el-top-de-los-50-paises-mas-felices-onu-441488.html\">https:\/\/lasillarota.com\/gente-vida\/2023\/8\/6\/mexico-en-el-top-de-los-50-paises-mas-felices-onu-441488.html<\/a><\/p>\n","protected":false},"excerpt":{"rendered":"<p>De acuerdo con el mapa de la felicidad, los estados menos felices son: Sonora, Sinaloa y Coahuila, y en contraste [&hellip;]<\/p>\n","protected":false},"author":1,"featured_media":56228,"comment_status":"open","ping_status":"open","sticky":false,"template":"","format":"standard","meta":{"site-sidebar-layout":"default","site-content-layout":"","ast-site-content-layout":"default","site-content-style":"default","site-sidebar-style":"default","ast-global-header-display":"","ast-banner-title-visibility":"","ast-main-header-display":"","ast-hfb-above-header-display":"","ast-hfb-below-header-display":"","ast-hfb-mobile-header-display":"","site-post-title":"","ast-breadcrumbs-content":"","ast-featured-img":"","footer-sml-layout":"","theme-transparent-header-meta":"","adv-header-id-meta":"","stick-header-meta":"","header-above-stick-meta":"","header-main-stick-meta":"","header-below-stick-meta":"","astra-migrate-meta-layouts":"default","ast-page-background-enabled":"default","ast-page-background-meta":{"desktop":{"background-color":"var(--ast-global-color-4)","background-image":"","background-repeat":"repeat","background-position":"center center","background-size":"auto","background-attachment":"scroll","background-type":"","background-media":"","overlay-type":"","overlay-color":"","overlay-opacity":"","overlay-gradient":""},"tablet":{"background-color":"","background-image":"","background-repeat":"repeat","background-position":"center center","background-size":"auto","background-attachment":"scroll","background-type":"","background-media":"","overlay-type":"","overlay-color":"","overlay-opacity":"","overlay-gradient":""},"mobile":{"background-color":"","background-image":"","background-repeat":"repeat","background-position":"center center","background-size":"auto","background-attachment":"scroll","background-type":"","background-media":"","overlay-type":"","overlay-color":"","overlay-opacity":"","overlay-gradient":""}},"ast-content-background-meta":{"desktop":{"background-color":"var(--ast-global-color-5)","background-image":"","background-repeat":"repeat","background-position":"center center","background-size":"auto","background-attachment":"scroll","background-type":"","background-media":"","overlay-type":"","overlay-color":"","overlay-opacity":"","overlay-gradient":""},"tablet":{"background-color":"var(--ast-global-color-5)","background-image":"","background-repeat":"repeat","background-position":"center center","background-size":"auto","background-attachment":"scroll","background-type":"","background-media":"","overlay-type":"","overlay-color":"","overlay-opacity":"","overlay-gradient":""},"mobile":{"background-color":"var(--ast-global-color-5)","background-image":"","background-repeat":"repeat","background-position":"center center","background-size":"auto","background-attachment":"scroll","background-type":"","background-media":"","overlay-type":"","overlay-color":"","overlay-opacity":"","overlay-gradient":""}},"footnotes":""},"categories":[8],"tags":[4026,17865,17866,6297,9932],"class_list":["post-56227","post","type-post","status-publish","format-standard","has-post-thumbnail","hentry","category-noticias","tag-coahuila","tag-informe-mundial-de-la-felicidad","tag-mexico-sitio-47","tag-oaxaca","tag-sinaloa"],"_links":{"self":[{"href":"https:\/\/losperiodistas.com.mx\/portal\/wp-json\/wp\/v2\/posts\/56227","targetHints":{"allow":["GET"]}}],"collection":[{"href":"https:\/\/losperiodistas.com.mx\/portal\/wp-json\/wp\/v2\/posts"}],"about":[{"href":"https:\/\/losperiodistas.com.mx\/portal\/wp-json\/wp\/v2\/types\/post"}],"author":[{"embeddable":true,"href":"https:\/\/losperiodistas.com.mx\/portal\/wp-json\/wp\/v2\/users\/1"}],"replies":[{"embeddable":true,"href":"https:\/\/losperiodistas.com.mx\/portal\/wp-json\/wp\/v2\/comments?post=56227"}],"version-history":[{"count":1,"href":"https:\/\/losperiodistas.com.mx\/portal\/wp-json\/wp\/v2\/posts\/56227\/revisions"}],"predecessor-version":[{"id":56229,"href":"https:\/\/losperiodistas.com.mx\/portal\/wp-json\/wp\/v2\/posts\/56227\/revisions\/56229"}],"wp:featuredmedia":[{"embeddable":true,"href":"https:\/\/losperiodistas.com.mx\/portal\/wp-json\/wp\/v2\/media\/56228"}],"wp:attachment":[{"href":"https:\/\/losperiodistas.com.mx\/portal\/wp-json\/wp\/v2\/media?parent=56227"}],"wp:term":[{"taxonomy":"category","embeddable":true,"href":"https:\/\/losperiodistas.com.mx\/portal\/wp-json\/wp\/v2\/categories?post=56227"},{"taxonomy":"post_tag","embeddable":true,"href":"https:\/\/losperiodistas.com.mx\/portal\/wp-json\/wp\/v2\/tags?post=56227"}],"curies":[{"name":"wp","href":"https:\/\/api.w.org\/{rel}","templated":true}]}}