{"id":56219,"date":"2023-08-07T07:12:09","date_gmt":"2023-08-07T12:12:09","guid":{"rendered":"http:\/\/losperiodistas.com.mx\/portal\/?p=56219"},"modified":"2023-08-07T07:12:11","modified_gmt":"2023-08-07T12:12:11","slug":"red-bull-podria-bajar-el-salario-de-checo-perez-por-esta-razon-reporta-medio-neerlandes-forbes","status":"publish","type":"post","link":"https:\/\/losperiodistas.com.mx\/portal\/red-bull-podria-bajar-el-salario-de-checo-perez-por-esta-razon-reporta-medio-neerlandes-forbes\/","title":{"rendered":"Red Bull podr\u00eda bajar el salario de \u2018Checo\u2019 P\u00e9rez por esta raz\u00f3n, reporta medio neerland\u00e9s | Forbes"},"content":{"rendered":"\n<p class=\"has-background has-medium-font-size\" style=\"background-color:#fa5454\"><em>De acuerdo con un medio neerland\u00e9s, existe una cl\u00e1usula en el contrato de &#8216;Checo&#8217; P\u00e9rez que permite a la escuder\u00eda ajustar el salario del mexicano por esta raz\u00f3n.<\/em><\/p>\n\n\n\n<p><\/p>\n\n\n\n<figure class=\"wp-block-image size-large is-style-default\"><img fetchpriority=\"high\" decoding=\"async\" width=\"1024\" height=\"579\" src=\"https:\/\/losperiodistas.com.mx\/portal\/wp-content\/uploads\/2023\/08\/Captura-de-Pantalla-2023-08-07-a-las-6.06.33-1024x579.jpg\" alt=\"\" class=\"wp-image-56220\" srcset=\"https:\/\/losperiodistas.com.mx\/portal\/wp-content\/uploads\/2023\/08\/Captura-de-Pantalla-2023-08-07-a-las-6.06.33-1024x579.jpg 1024w, https:\/\/losperiodistas.com.mx\/portal\/wp-content\/uploads\/2023\/08\/Captura-de-Pantalla-2023-08-07-a-las-6.06.33-300x170.jpg 300w, https:\/\/losperiodistas.com.mx\/portal\/wp-content\/uploads\/2023\/08\/Captura-de-Pantalla-2023-08-07-a-las-6.06.33-768x434.jpg 768w, https:\/\/losperiodistas.com.mx\/portal\/wp-content\/uploads\/2023\/08\/Captura-de-Pantalla-2023-08-07-a-las-6.06.33-1536x868.jpg 1536w, https:\/\/losperiodistas.com.mx\/portal\/wp-content\/uploads\/2023\/08\/Captura-de-Pantalla-2023-08-07-a-las-6.06.33.jpg 1716w\" sizes=\"(max-width: 1024px) 100vw, 1024px\" \/><figcaption><em>Sergio &#8216;Checo&#8217; P\u00e9rez. 19 de marzo 2023. Foto: \u00a9\u00a0Peter Fox\/Getty Images.<\/em><\/figcaption><\/figure>\n\n\n\n<p class=\"has-vivid-red-color has-text-color has-medium-font-size\"><strong>FORBES STAFF<\/strong><\/p>\n\n\n\n<p>De acuerdo con el diario\u00a0<em>De Telegraaf<\/em>\u00a0de Pa\u00edses Bajos, Red Bull podr\u00eda rebajar el sueldo del piloto mexicano Sergio P\u00e9rez si su rendimiento no es el esperado.<\/p>\n\n\n\n<p>De acuerdo con dicho medio del pa\u00eds de donde es oriundo Max Verstappen, existe una cl\u00e1usula en el contrato que permite a la escuder\u00eda ajustar el salario si \u201cCheco\u201d est\u00e1 a 125 de puntos de&nbsp;su compa\u00f1ero cuando llegue la pausa de verano.<\/p>\n\n\n\n<p>El neerland\u00e9s Verstappen es actualmente el l\u00edder de la&nbsp;F\u00f3rmula 1&nbsp;tras haber ganado 10 de las 12 carreras que van en el a\u00f1o con 314 puntos, mientras que \u201cCheco\u201d P\u00e9rez tiene dos triunfos pero con una temporada llena de altibajos y suma apenas 189 unidades, es decir, a 125 puntos de su compa\u00f1ero justo en la pausa veraniega.<\/p>\n\n\n\n<figure class=\"wp-block-image is-style-default\"><img decoding=\"async\" src=\"https:\/\/cdn.forbes.com.mx\/2023\/08\/checo.webp\" alt=\"\" class=\"wp-image-1129465\"\/><\/figure>\n\n\n\n<p><\/p>\n\n\n\n<h2 class=\"wp-block-heading\" id=\"h-el-salario-de-checo-perez\">El salario de \u2018Checo\u2019 P\u00e9rez<\/h2>\n\n\n\n<p>De acuerdo a&nbsp;<em>De Telegraaf<\/em>, quien cita a fuentes cercanas a Red Bull, la escuder\u00eda se reserva el derecho de ajustar el salario de Sergio P\u00e9rez o las cl\u00e1usulas financieras de su contrato. Seg\u00fan estimaciones de medios especializados, \u201cCheco\u201d, quien ahora mismo es el segundo lugar de la F1, gana alrededor de 10 millones de d\u00f3lares al a\u00f1o con Red Bull.<\/p>\n\n\n\n<p>De acuerdo con el medio neerland\u00e9s, la cl\u00e1usula s\u00f3lo afectar\u00eda en lo econ\u00f3mico, no en la duraci\u00f3n del contrato de\u00a0\u201cCheco\u201d, que abarca hasta la temporada 2024.<\/p>\n\n\n\n<p>Fuente: <a href=\"https:\/\/www.forbes.com.mx\/red-bull-podria-bajar-el-salario-de-checo-perez-por-esta-razon-reporta-medio-neerlandes\/\">https:\/\/www.forbes.com.mx\/red-bull-podria-bajar-el-salario-de-checo-perez-por-esta-razon-reporta-medio-neerlandes\/<\/a><\/p>\n","protected":false},"excerpt":{"rendered":"<p>De acuerdo con un medio neerland\u00e9s, existe una cl\u00e1usula en el contrato de &#8216;Checo&#8217; P\u00e9rez que permite a la escuder\u00eda [&hellip;]<\/p>\n","protected":false},"author":1,"featured_media":56220,"comment_status":"open","ping_status":"open","sticky":false,"template":"","format":"standard","meta":{"site-sidebar-layout":"default","site-content-layout":"","ast-site-content-layout":"default","site-content-style":"default","site-sidebar-style":"default","ast-global-header-display":"","ast-banner-title-visibility":"","ast-main-header-display":"","ast-hfb-above-header-display":"","ast-hfb-below-header-display":"","ast-hfb-mobile-header-display":"","site-post-title":"","ast-breadcrumbs-content":"","ast-featured-img":"","footer-sml-layout":"","theme-transparent-header-meta":"","adv-header-id-meta":"","stick-header-meta":"","header-above-stick-meta":"","header-main-stick-meta":"","header-below-stick-meta":"","astra-migrate-meta-layouts":"default","ast-page-background-enabled":"default","ast-page-background-meta":{"desktop":{"background-color":"var(--ast-global-color-4)","background-image":"","background-repeat":"repeat","background-position":"center center","background-size":"auto","background-attachment":"scroll","background-type":"","background-media":"","overlay-type":"","overlay-color":"","overlay-opacity":"","overlay-gradient":""},"tablet":{"background-color":"","background-image":"","background-repeat":"repeat","background-position":"center center","background-size":"auto","background-attachment":"scroll","background-type":"","background-media":"","overlay-type":"","overlay-color":"","overlay-opacity":"","overlay-gradient":""},"mobile":{"background-color":"","background-image":"","background-repeat":"repeat","background-position":"center center","background-size":"auto","background-attachment":"scroll","background-type":"","background-media":"","overlay-type":"","overlay-color":"","overlay-opacity":"","overlay-gradient":""}},"ast-content-background-meta":{"desktop":{"background-color":"var(--ast-global-color-5)","background-image":"","background-repeat":"repeat","background-position":"center center","background-size":"auto","background-attachment":"scroll","background-type":"","background-media":"","overlay-type":"","overlay-color":"","overlay-opacity":"","overlay-gradient":""},"tablet":{"background-color":"var(--ast-global-color-5)","background-image":"","background-repeat":"repeat","background-position":"center center","background-size":"auto","background-attachment":"scroll","background-type":"","background-media":"","overlay-type":"","overlay-color":"","overlay-opacity":"","overlay-gradient":""},"mobile":{"background-color":"var(--ast-global-color-5)","background-image":"","background-repeat":"repeat","background-position":"center center","background-size":"auto","background-attachment":"scroll","background-type":"","background-media":"","overlay-type":"","overlay-color":"","overlay-opacity":"","overlay-gradient":""}},"footnotes":""},"categories":[8],"tags":[276,466,17861],"class_list":["post-56219","post","type-post","status-publish","format-standard","has-post-thumbnail","hentry","category-noticias","tag-checo-perez","tag-red-bull","tag-salario-checo-perez"],"_links":{"self":[{"href":"https:\/\/losperiodistas.com.mx\/portal\/wp-json\/wp\/v2\/posts\/56219","targetHints":{"allow":["GET"]}}],"collection":[{"href":"https:\/\/losperiodistas.com.mx\/portal\/wp-json\/wp\/v2\/posts"}],"about":[{"href":"https:\/\/losperiodistas.com.mx\/portal\/wp-json\/wp\/v2\/types\/post"}],"author":[{"embeddable":true,"href":"https:\/\/losperiodistas.com.mx\/portal\/wp-json\/wp\/v2\/users\/1"}],"replies":[{"embeddable":true,"href":"https:\/\/losperiodistas.com.mx\/portal\/wp-json\/wp\/v2\/comments?post=56219"}],"version-history":[{"count":1,"href":"https:\/\/losperiodistas.com.mx\/portal\/wp-json\/wp\/v2\/posts\/56219\/revisions"}],"predecessor-version":[{"id":56221,"href":"https:\/\/losperiodistas.com.mx\/portal\/wp-json\/wp\/v2\/posts\/56219\/revisions\/56221"}],"wp:featuredmedia":[{"embeddable":true,"href":"https:\/\/losperiodistas.com.mx\/portal\/wp-json\/wp\/v2\/media\/56220"}],"wp:attachment":[{"href":"https:\/\/losperiodistas.com.mx\/portal\/wp-json\/wp\/v2\/media?parent=56219"}],"wp:term":[{"taxonomy":"category","embeddable":true,"href":"https:\/\/losperiodistas.com.mx\/portal\/wp-json\/wp\/v2\/categories?post=56219"},{"taxonomy":"post_tag","embeddable":true,"href":"https:\/\/losperiodistas.com.mx\/portal\/wp-json\/wp\/v2\/tags?post=56219"}],"curies":[{"name":"wp","href":"https:\/\/api.w.org\/{rel}","templated":true}]}}