{"id":56216,"date":"2023-08-07T07:00:31","date_gmt":"2023-08-07T12:00:31","guid":{"rendered":"http:\/\/losperiodistas.com.mx\/portal\/?p=56216"},"modified":"2023-08-07T07:00:34","modified_gmt":"2023-08-07T12:00:34","slug":"amlotrackingpoll-aprobacion-de-amlo-7-de-agosto-el-economista","status":"publish","type":"post","link":"https:\/\/losperiodistas.com.mx\/portal\/amlotrackingpoll-aprobacion-de-amlo-7-de-agosto-el-economista\/","title":{"rendered":"#AMLOTrackingPoll Aprobaci\u00f3n de AMLO, 7 de agosto\u00a0| El Economista"},"content":{"rendered":"\n<figure class=\"wp-block-image size-large is-style-default\"><img fetchpriority=\"high\" decoding=\"async\" width=\"1024\" height=\"576\" src=\"https:\/\/losperiodistas.com.mx\/portal\/wp-content\/uploads\/2023\/08\/amlotrackingpoll070823.jpg_554688468-1024x576.jpg\" alt=\"\" class=\"wp-image-56217\" srcset=\"https:\/\/losperiodistas.com.mx\/portal\/wp-content\/uploads\/2023\/08\/amlotrackingpoll070823.jpg_554688468-1024x576.jpg 1024w, https:\/\/losperiodistas.com.mx\/portal\/wp-content\/uploads\/2023\/08\/amlotrackingpoll070823.jpg_554688468-300x169.jpg 300w, https:\/\/losperiodistas.com.mx\/portal\/wp-content\/uploads\/2023\/08\/amlotrackingpoll070823.jpg_554688468-768x432.jpg 768w, https:\/\/losperiodistas.com.mx\/portal\/wp-content\/uploads\/2023\/08\/amlotrackingpoll070823.jpg_554688468.jpg 1200w\" sizes=\"(max-width: 1024px) 100vw, 1024px\" \/><\/figure>\n\n\n\n<p><\/p>\n\n\n\n<p>REDACCI\u00d3N EL ECONOMISTA<\/p>\n\n\n\n<p>La #AMLOTrackingPoll es un ejercicio estad\u00edstico diario sobre la aprobaci\u00f3n o desaprobaci\u00f3n de la gesti\u00f3n del presidente Andr\u00e9s Manuel L\u00f3pez Obrador, realizado por Consulta Mitofsky de Roy Campos para El Economista. De acuerdo con Campos, se trata de una medici\u00f3n digital de la funci\u00f3n p\u00fablica.<a href=\"https:\/\/api.whatsapp.com\/send?text=https%3A%2F%2Fwww.eleconomista.com.mx%2Fpolitica%2FAMLOTrackingPoll-Aprobacion-de-AMLO-7-de-agosto-20230807-0023.html\" target=\"_blank\" rel=\"noreferrer noopener\"><\/a><a href=\"https:\/\/twitter.com\/intent\/tweet?text=#AMLOTrackingPoll%20Aprobaci%C3%B3n%20de%20AMLO,%207%20de%20agosto?&amp;url=https%3A%2F%2Fwww.eleconomista.com.mx%2Fpolitica%2FAMLOTrackingPoll-Aprobacion-de-AMLO-7-de-agosto-20230807-0023.html\" target=\"_blank\" rel=\"noreferrer noopener\"><\/a><a href=\"https:\/\/www.facebook.com\/sharer\/sharer.php?u=https%3A%2F%2Fwww.eleconomista.com.mx%2Fpolitica%2FAMLOTrackingPoll-Aprobacion-de-AMLO-7-de-agosto-20230807-0023.html\" target=\"_blank\" rel=\"noreferrer noopener\"><\/a><a href=\"https:\/\/www.linkedin.com\/sharing\/share-offsite\/?url=https%3A%2F%2Fwww.eleconomista.com.mx%2Fpolitica%2FAMLOTrackingPoll-Aprobacion-de-AMLO-7-de-agosto-20230807-0023.html\" target=\"_blank\" rel=\"noreferrer noopener\"><\/a><\/p>\n\n\n\n<figure class=\"wp-block-image is-style-default\"><img decoding=\"async\" src=\"https:\/\/www.eleconomista.com.mx\/export\/sites\/eleconomista\/img\/2023\/08\/07\/amlotracking_070823w.jpg_1345756275.jpg\" alt=\"\"\/><\/figure>\n\n\n\n<p><\/p>\n\n\n\n<p>Fuente: <a href=\"https:\/\/www.eleconomista.com.mx\/politica\/AMLOTrackingPoll-Aprobacion-de-AMLO-7-de-agosto-20230807-0023.html\">https:\/\/www.eleconomista.com.mx\/politica\/AMLOTrackingPoll-Aprobacion-de-AMLO-7-de-agosto-20230807-0023.html<\/a><\/p>\n","protected":false},"excerpt":{"rendered":"<p>REDACCI\u00d3N EL ECONOMISTA La #AMLOTrackingPoll es un ejercicio estad\u00edstico diario sobre la aprobaci\u00f3n o desaprobaci\u00f3n de la gesti\u00f3n del presidente [&hellip;]<\/p>\n","protected":false},"author":1,"featured_media":56217,"comment_status":"open","ping_status":"open","sticky":false,"template":"","format":"standard","meta":{"site-sidebar-layout":"default","site-content-layout":"","ast-site-content-layout":"default","site-content-style":"default","site-sidebar-style":"default","ast-global-header-display":"","ast-banner-title-visibility":"","ast-main-header-display":"","ast-hfb-above-header-display":"","ast-hfb-below-header-display":"","ast-hfb-mobile-header-display":"","site-post-title":"","ast-breadcrumbs-content":"","ast-featured-img":"","footer-sml-layout":"","theme-transparent-header-meta":"","adv-header-id-meta":"","stick-header-meta":"","header-above-stick-meta":"","header-main-stick-meta":"","header-below-stick-meta":"","astra-migrate-meta-layouts":"default","ast-page-background-enabled":"default","ast-page-background-meta":{"desktop":{"background-color":"var(--ast-global-color-4)","background-image":"","background-repeat":"repeat","background-position":"center center","background-size":"auto","background-attachment":"scroll","background-type":"","background-media":"","overlay-type":"","overlay-color":"","overlay-opacity":"","overlay-gradient":""},"tablet":{"background-color":"","background-image":"","background-repeat":"repeat","background-position":"center center","background-size":"auto","background-attachment":"scroll","background-type":"","background-media":"","overlay-type":"","overlay-color":"","overlay-opacity":"","overlay-gradient":""},"mobile":{"background-color":"","background-image":"","background-repeat":"repeat","background-position":"center center","background-size":"auto","background-attachment":"scroll","background-type":"","background-media":"","overlay-type":"","overlay-color":"","overlay-opacity":"","overlay-gradient":""}},"ast-content-background-meta":{"desktop":{"background-color":"var(--ast-global-color-5)","background-image":"","background-repeat":"repeat","background-position":"center center","background-size":"auto","background-attachment":"scroll","background-type":"","background-media":"","overlay-type":"","overlay-color":"","overlay-opacity":"","overlay-gradient":""},"tablet":{"background-color":"var(--ast-global-color-5)","background-image":"","background-repeat":"repeat","background-position":"center center","background-size":"auto","background-attachment":"scroll","background-type":"","background-media":"","overlay-type":"","overlay-color":"","overlay-opacity":"","overlay-gradient":""},"mobile":{"background-color":"var(--ast-global-color-5)","background-image":"","background-repeat":"repeat","background-position":"center center","background-size":"auto","background-attachment":"scroll","background-type":"","background-media":"","overlay-type":"","overlay-color":"","overlay-opacity":"","overlay-gradient":""}},"footnotes":""},"categories":[8],"tags":[7705,17860],"class_list":["post-56216","post","type-post","status-publish","format-standard","has-post-thumbnail","hentry","category-noticias","tag-amlotrackingpoll","tag-baja-4-4-aceptacion-amlo-en-un-mes"],"_links":{"self":[{"href":"https:\/\/losperiodistas.com.mx\/portal\/wp-json\/wp\/v2\/posts\/56216","targetHints":{"allow":["GET"]}}],"collection":[{"href":"https:\/\/losperiodistas.com.mx\/portal\/wp-json\/wp\/v2\/posts"}],"about":[{"href":"https:\/\/losperiodistas.com.mx\/portal\/wp-json\/wp\/v2\/types\/post"}],"author":[{"embeddable":true,"href":"https:\/\/losperiodistas.com.mx\/portal\/wp-json\/wp\/v2\/users\/1"}],"replies":[{"embeddable":true,"href":"https:\/\/losperiodistas.com.mx\/portal\/wp-json\/wp\/v2\/comments?post=56216"}],"version-history":[{"count":1,"href":"https:\/\/losperiodistas.com.mx\/portal\/wp-json\/wp\/v2\/posts\/56216\/revisions"}],"predecessor-version":[{"id":56218,"href":"https:\/\/losperiodistas.com.mx\/portal\/wp-json\/wp\/v2\/posts\/56216\/revisions\/56218"}],"wp:featuredmedia":[{"embeddable":true,"href":"https:\/\/losperiodistas.com.mx\/portal\/wp-json\/wp\/v2\/media\/56217"}],"wp:attachment":[{"href":"https:\/\/losperiodistas.com.mx\/portal\/wp-json\/wp\/v2\/media?parent=56216"}],"wp:term":[{"taxonomy":"category","embeddable":true,"href":"https:\/\/losperiodistas.com.mx\/portal\/wp-json\/wp\/v2\/categories?post=56216"},{"taxonomy":"post_tag","embeddable":true,"href":"https:\/\/losperiodistas.com.mx\/portal\/wp-json\/wp\/v2\/tags?post=56216"}],"curies":[{"name":"wp","href":"https:\/\/api.w.org\/{rel}","templated":true}]}}