{"id":561,"date":"2020-10-27T19:21:20","date_gmt":"2020-10-28T01:21:20","guid":{"rendered":"http:\/\/losperiodistas.com.mx\/portal\/?p=561"},"modified":"2020-10-27T19:21:20","modified_gmt":"2020-10-28T01:21:20","slug":"el-mejor-homenaje-a-nuestros-muertos-es-recordarlos-y-celebrarlos-en-vida","status":"publish","type":"post","link":"https:\/\/losperiodistas.com.mx\/portal\/el-mejor-homenaje-a-nuestros-muertos-es-recordarlos-y-celebrarlos-en-vida\/","title":{"rendered":"El mejor homenaje a nuestros muertos es recordarlos y celebrarlos en vida"},"content":{"rendered":"\n<p><\/p>\n\n\n\n<p><\/p>\n\n\n\n<p style=\"font-size:26px\"><em>Por Fernando Manzanilla Prieto<\/em><\/p>\n\n\n\n<p><\/p>\n\n\n\n<p>Como es tradici\u00f3n, las y los poblanos comenzamos desde hoy las celebraciones con motivo del D\u00eda de Muertos. Como cada a\u00f1o, lo haremos recordando y venerando la memoria de nuestros seres queridos que, por diversas circunstancias, se nos adelantaron en el viaje eterno.<\/p>\n\n\n\n<p>Como lo marca nuestra costumbre, el 28 de octubre recordaremos a quienes se fueron como consecuencia de un accidente vial. El 29 y 30, veneraremos la memoria de los que se fueron por alg\u00fan hecho violento o que perdieron la vida en el mar, en alg\u00fan r\u00edo, lago o cuerpo de agua. El d\u00eda 31 honraremos a los Santos Ni\u00f1os Difuntos y los d\u00edas primero y dos de noviembre, lo dedicaremos a homenajear a los difuntos en general.<\/p>\n\n\n\n<p>A diferencia de otros a\u00f1os, en esta ocasi\u00f3n el D\u00eda de Muertos estar\u00e1 marcado por la pandemia que sigue cobrando vidas en todo el mundo. Seg\u00fan cifras oficiales, casi 90 mil mexicanas y mexicanos han fallecido v\u00edctimas del Covid, aunque diversas estimaciones se\u00f1alan que esta cifra podr\u00eda estar subestimada y que en realidad el n\u00famero de muertos en M\u00e9xico rondar\u00eda los 300 mil.<\/p>\n\n\n\n<p>El hecho es que, sea el n\u00famero que sea, la celebraci\u00f3n de Todos Santos ser\u00eda una buena ocasi\u00f3n para rendir homenaje a quienes han perdido la batalla frente a este virus o que han dado su vida luchando contra esta terrible enfermedad. Y el mejor homenaje que podemos brindarle a nuestros muertos es el de recordarlos y celebrarlos en vida, tal y como ellos hubieran querido. Ello significa abstenernos de asistir a panteones o celebraciones multitudinarias dado el alt\u00edsimo riesgo de contagio por Covid que ello implica.<\/p>\n\n\n\n<p>En la Ciudad de M\u00e9xico, por ejemplo, ya se cancelaron los tradicionales festejos, incluida la ofrenda monumental y la exposici\u00f3n \u201cMexicr\u00e1neos\u201d, en Aguascalientes el Festival de Calaveras se realizar\u00e1 de manera virtual, Oaxaca cancel\u00f3 los eventos p\u00fablicos en los 570 municipios del estado, lo mismo que los gobiernos de Hidalgo, Michoac\u00e1n y Baja California Sur, donde se realizan eventos de D\u00eda de Muertos tradicionalmente atractivos al turismo. Pr\u00e1cticamente todos los panteones del pa\u00eds permanecer\u00e1n cerrados en estas fechas. Aqu\u00ed en la capital, la autoridad municipal anunci\u00f3 el cierre de los 42 panteones en los que se ten\u00eda prevista una afluencia de m\u00e1s de 600 personas.<\/p>\n\n\n\n<p>Pero a\u00fan cuando esta vez no podremos visitar a nuestros seres queridos directamente en su lugar de descanso eterno, ni participar en alguna procesi\u00f3n comunitaria, s\u00ed podremos rendirles tributo desde casa, con una ofrenda y una celebraci\u00f3n muy \u00edntima y familiar. Seguramente es lo que quienes ya no est\u00e1n entre nosotros hubieran querido. Que no nos expusi\u00e9ramos, que no nos arriesg\u00e1ramos a enfermarnos justo ahora que estamos viviendo una aceleraci\u00f3n de contagios que amenaza con orillarnos de nueva cuenta al confinamiento.<\/p>\n\n\n\n<p>Actualmente, solo Chihuahua ha vuelto al sem\u00e1foro rojo, lo que significa que durante dos semanas continuas la ocupaci\u00f3n hospitalaria rebas\u00f3 el 65% y mantiene una tendencia al alza. Pero 19 estados est\u00e1n en naranja, es decir, que la ocupaci\u00f3n hospitalaria est\u00e1 por debajo del 65%, aunque Durango, Coahuila y Nuevo Le\u00f3n est\u00e1n a poco de pasar tambi\u00e9n a rojo. 11 estados m\u00e1s, entre ellos Puebla, est\u00e1n en amarillo, o sea, por debajo del 50% de ocupaci\u00f3n hospitalaria y solo Campeche est\u00e1 en verde.<\/p>\n\n\n\n<p>As\u00ed que, en esta contingencia sanitaria, no hay que confiarnos. Festejemos a nuestros difuntos de la mejor manera, es decir, con responsabilidad, respetando las medidas sanitarias y evitando mayores contagios. Mantenernos vivos y sanos ser\u00e1, sin duda, la mejor manera de conmemorar a nuestros muertos.<\/p>\n","protected":false},"excerpt":{"rendered":"<p>Por Fernando Manzanilla Prieto Como es tradici\u00f3n, las y los poblanos comenzamos desde hoy las celebraciones con motivo del D\u00eda [&hellip;]<\/p>\n","protected":false},"author":1,"featured_media":0,"comment_status":"open","ping_status":"open","sticky":false,"template":"","format":"standard","meta":{"site-sidebar-layout":"default","site-content-layout":"","ast-site-content-layout":"default","site-content-style":"default","site-sidebar-style":"default","ast-global-header-display":"","ast-banner-title-visibility":"","ast-main-header-display":"","ast-hfb-above-header-display":"","ast-hfb-below-header-display":"","ast-hfb-mobile-header-display":"","site-post-title":"","ast-breadcrumbs-content":"","ast-featured-img":"","footer-sml-layout":"","theme-transparent-header-meta":"","adv-header-id-meta":"","stick-header-meta":"","header-above-stick-meta":"","header-main-stick-meta":"","header-below-stick-meta":"","astra-migrate-meta-layouts":"default","ast-page-background-enabled":"default","ast-page-background-meta":{"desktop":{"background-color":"var(--ast-global-color-4)","background-image":"","background-repeat":"repeat","background-position":"center center","background-size":"auto","background-attachment":"scroll","background-type":"","background-media":"","overlay-type":"","overlay-color":"","overlay-opacity":"","overlay-gradient":""},"tablet":{"background-color":"","background-image":"","background-repeat":"repeat","background-position":"center center","background-size":"auto","background-attachment":"scroll","background-type":"","background-media":"","overlay-type":"","overlay-color":"","overlay-opacity":"","overlay-gradient":""},"mobile":{"background-color":"","background-image":"","background-repeat":"repeat","background-position":"center center","background-size":"auto","background-attachment":"scroll","background-type":"","background-media":"","overlay-type":"","overlay-color":"","overlay-opacity":"","overlay-gradient":""}},"ast-content-background-meta":{"desktop":{"background-color":"var(--ast-global-color-5)","background-image":"","background-repeat":"repeat","background-position":"center center","background-size":"auto","background-attachment":"scroll","background-type":"","background-media":"","overlay-type":"","overlay-color":"","overlay-opacity":"","overlay-gradient":""},"tablet":{"background-color":"var(--ast-global-color-5)","background-image":"","background-repeat":"repeat","background-position":"center center","background-size":"auto","background-attachment":"scroll","background-type":"","background-media":"","overlay-type":"","overlay-color":"","overlay-opacity":"","overlay-gradient":""},"mobile":{"background-color":"var(--ast-global-color-5)","background-image":"","background-repeat":"repeat","background-position":"center center","background-size":"auto","background-attachment":"scroll","background-type":"","background-media":"","overlay-type":"","overlay-color":"","overlay-opacity":"","overlay-gradient":""}},"footnotes":""},"categories":[24],"tags":[],"class_list":["post-561","post","type-post","status-publish","format-standard","hentry","category-fernando-manzanilla"],"_links":{"self":[{"href":"https:\/\/losperiodistas.com.mx\/portal\/wp-json\/wp\/v2\/posts\/561","targetHints":{"allow":["GET"]}}],"collection":[{"href":"https:\/\/losperiodistas.com.mx\/portal\/wp-json\/wp\/v2\/posts"}],"about":[{"href":"https:\/\/losperiodistas.com.mx\/portal\/wp-json\/wp\/v2\/types\/post"}],"author":[{"embeddable":true,"href":"https:\/\/losperiodistas.com.mx\/portal\/wp-json\/wp\/v2\/users\/1"}],"replies":[{"embeddable":true,"href":"https:\/\/losperiodistas.com.mx\/portal\/wp-json\/wp\/v2\/comments?post=561"}],"version-history":[{"count":1,"href":"https:\/\/losperiodistas.com.mx\/portal\/wp-json\/wp\/v2\/posts\/561\/revisions"}],"predecessor-version":[{"id":562,"href":"https:\/\/losperiodistas.com.mx\/portal\/wp-json\/wp\/v2\/posts\/561\/revisions\/562"}],"wp:attachment":[{"href":"https:\/\/losperiodistas.com.mx\/portal\/wp-json\/wp\/v2\/media?parent=561"}],"wp:term":[{"taxonomy":"category","embeddable":true,"href":"https:\/\/losperiodistas.com.mx\/portal\/wp-json\/wp\/v2\/categories?post=561"},{"taxonomy":"post_tag","embeddable":true,"href":"https:\/\/losperiodistas.com.mx\/portal\/wp-json\/wp\/v2\/tags?post=561"}],"curies":[{"name":"wp","href":"https:\/\/api.w.org\/{rel}","templated":true}]}}