{"id":55956,"date":"2023-08-03T07:49:15","date_gmt":"2023-08-03T12:49:15","guid":{"rendered":"http:\/\/losperiodistas.com.mx\/portal\/?p=55956"},"modified":"2023-08-03T07:49:17","modified_gmt":"2023-08-03T12:49:17","slug":"ordenan-a-ine-analizar-si-amlo-ejercio-violencia-politica-contra-galvez-el-economista%ef%bf%bc","status":"publish","type":"post","link":"https:\/\/losperiodistas.com.mx\/portal\/ordenan-a-ine-analizar-si-amlo-ejercio-violencia-politica-contra-galvez-el-economista%ef%bf%bc\/","title":{"rendered":"Ordenan a INE analizar si AMLO ejerci\u00f3 violencia pol\u00edtica contra G\u00e1lvez | El Economista\ufffc"},"content":{"rendered":"\n<p class=\"has-background has-medium-font-size\" style=\"background-color:#f7a2a2\">La Sala Superior del TEPJF revoc\u00f3 el acuerdo del INE que negaba medidas cautelares a la senadora y aspirante a la candidatura presidencial de Va por M\u00e9xico, X\u00f3chitl G\u00e1lvez Ruiz, por la posible violencia pol\u00edtica de g\u00e9nero ejercida por L\u00f3pez Obrador en sus conferencias matutinas.<\/p>\n\n\n\n<figure class=\"wp-block-image size-large is-style-default\"><img fetchpriority=\"high\" decoding=\"async\" width=\"1024\" height=\"576\" src=\"https:\/\/losperiodistas.com.mx\/portal\/wp-content\/uploads\/2023\/08\/Captura-de-Pantalla-2023-08-03-a-las-6.44.47-1024x576.jpg\" alt=\"\" class=\"wp-image-55957\" srcset=\"https:\/\/losperiodistas.com.mx\/portal\/wp-content\/uploads\/2023\/08\/Captura-de-Pantalla-2023-08-03-a-las-6.44.47-1024x576.jpg 1024w, https:\/\/losperiodistas.com.mx\/portal\/wp-content\/uploads\/2023\/08\/Captura-de-Pantalla-2023-08-03-a-las-6.44.47-300x169.jpg 300w, https:\/\/losperiodistas.com.mx\/portal\/wp-content\/uploads\/2023\/08\/Captura-de-Pantalla-2023-08-03-a-las-6.44.47-768x432.jpg 768w, https:\/\/losperiodistas.com.mx\/portal\/wp-content\/uploads\/2023\/08\/Captura-de-Pantalla-2023-08-03-a-las-6.44.47.jpg 1510w\" sizes=\"(max-width: 1024px) 100vw, 1024px\" \/><\/figure>\n\n\n\n<p><\/p>\n\n\n\n<p class=\"has-vivid-red-color has-text-color has-medium-font-size\"><strong>MARITZA P\u00c9REZ \/ EL ECONOMISTA<\/strong><\/p>\n\n\n\n<p>La Sala Superior del TEPJF revoc\u00f3 el acuerdo del INE que negaba medidas cautelares a la senadora y aspirante a la candidatura presidencial de Va por M\u00e9xico, X\u00f3chitl G\u00e1lvez Ruiz, por la posible violencia pol\u00edtica de g\u00e9nero ejercida por el presidente Andr\u00e9s Manuel L\u00f3pez Obrador en sus conferencias matutinas.<\/p>\n\n\n\n<p>En privado, y por mayor\u00eda de votos, la Sala Superior del Tribunal Electoral del Poder Judicial de la Federaci\u00f3n (TEPJF), determin\u00f3 que las expresiones del mandatario mexicano realizadas durante las conferencias matutinas de los d\u00edas 10, 11, 14 y 17 de julio, s\u00ed se trataron de violencia pol\u00edtica de g\u00e9nero en contra de X\u00f3chitl G\u00e1lvez, ya que lo dicho por L\u00f3pez Obrador pretende transmitir la idea de que las aspiraciones pol\u00edticas de la panista, para ocupar un determinado cargo, no se sustentan en sus m\u00e9ritos, sino en la decisi\u00f3n de un grupo de hombres.<\/p>\n\n\n\n<p>Por ello, el m\u00e1ximo tribunal electoral revoc\u00f3 el acuerdo de la Comisi\u00f3n de Quejas y Denuncias del Instituto Nacional Electoral (INE), por el que determin\u00f3 la improcedencia de las medidas cautelares solicitadas por Bertha X\u00f3chitl G\u00e1lvez Ruiz, en su car\u00e1cter de ciudadana, senadora y aspirante a ser la responsable para la construcci\u00f3n del Frente Amplio por M\u00e9xico, en contra del titular del Ejecutivo federal y diversos servidores p\u00fablicos.<\/p>\n\n\n\n<p>Asimismo, orden\u00f3 a la Comisi\u00f3n del INE emitir un nuevo acuerdo en 24 horas \u2014una vez notificado\u2014, en el que a partir de reconocer la utilizaci\u00f3n de estereotipos de g\u00e9nero en las conferencias matutinas mencionadas, determine lo que corresponda respecto de las medidas solicitadas.<\/p>\n\n\n\n<p>Cabe se\u00f1alar que en un inicio, la senadora X\u00f3chitl G\u00e1lvez solicit\u00f3 al INE medidas cautelares para que se ordenara a los sujetos denunciados el retiro y la no reproducci\u00f3n, en portales oficiales, de las expresiones denunciadas.<\/p>\n\n\n\n<p>Tambi\u00e9n solicit\u00f3 medidas, en su vertiente de tutela preventiva, para que el presidente de la Rep\u00fablica se abstuviera de emitir mensajes constitutivos de violencia pol\u00edtica de g\u00e9nero.<\/p>\n\n\n\n<h2 class=\"wp-block-heading\">Actos de Ebrard<\/h2>\n\n\n\n<p>En otro tema, el TEPJF determin\u00f3, por unanimidad de votos, que la Sala Especializada lleve a cabo una investigaci\u00f3n en contra del Movimiento Nacional Ebradorista, as\u00ed como otros eventos del aspirante a la candidatura presidencial de Morena, Marcelo Ebrard, por considerarse posibles actos anticipados de campa\u00f1a.<\/p>\n\n\n\n<p>Lo anterior al revocar sentencias de la Sala Especializada que, en su momento, determin\u00f3 que no se hab\u00edan cometido actos anticipados por parte de Marcelo Ebrard, entonces secretario de Relaciones Exteriores, en diversos eventos celebrados en Chihuahua, Michoac\u00e1n y la Ciudad de M\u00e9xico, en los que supuestamente lo hab\u00edan posicionado frente al proceso electoral.<\/p>\n\n\n\n<p>En estas quejas, un ciudadano argument\u00f3 que el denunciado hab\u00eda cometido actos anticipados de precampa\u00f1a y campa\u00f1a, promoci\u00f3n personalizada, uso indebido de recursos p\u00fablicos y tambi\u00e9n violentado el principio de imparcialidad.<\/p>\n\n\n\n<p>El pleno, determin\u00f3 revocar las resoluciones impugnadas para que la Sala Especializada realice en 72 horas, despu\u00e9s de la notificaci\u00f3n, un estudio completo y exhaustivo del caso y, posteriormente, en un plazo de 10 d\u00edas naturales, realizar las investigaciones correspondientes, para que en otros cinco d\u00edas emita una nueva sentencia.<\/p>\n\n\n\n<p><a href=\"mailto:maritza.perez@eleconomista.mx\">maritza.perez@eleconomista.mx<\/a><\/p>\n\n\n\n<p>Fuente: <a href=\"https:\/\/www.eleconomista.com.mx\/politica\/Ordenan-a-INE-analizar-si-AMLO-ejercio-violencia-politica-contra-Galvez-20230803-0010.html\">https:\/\/www.eleconomista.com.mx\/politica\/Ordenan-a-INE-analizar-si-AMLO-ejercio-violencia-politica-contra-Galvez-20230803-0010.html<\/a><\/p>\n","protected":false},"excerpt":{"rendered":"<p>La Sala Superior del TEPJF revoc\u00f3 el acuerdo del INE que negaba medidas cautelares a la senadora y aspirante a [&hellip;]<\/p>\n","protected":false},"author":1,"featured_media":55957,"comment_status":"open","ping_status":"open","sticky":false,"template":"","format":"standard","meta":{"site-sidebar-layout":"default","site-content-layout":"","ast-site-content-layout":"default","site-content-style":"default","site-sidebar-style":"default","ast-global-header-display":"","ast-banner-title-visibility":"","ast-main-header-display":"","ast-hfb-above-header-display":"","ast-hfb-below-header-display":"","ast-hfb-mobile-header-display":"","site-post-title":"","ast-breadcrumbs-content":"","ast-featured-img":"","footer-sml-layout":"","theme-transparent-header-meta":"","adv-header-id-meta":"","stick-header-meta":"","header-above-stick-meta":"","header-main-stick-meta":"","header-below-stick-meta":"","astra-migrate-meta-layouts":"default","ast-page-background-enabled":"default","ast-page-background-meta":{"desktop":{"background-color":"var(--ast-global-color-4)","background-image":"","background-repeat":"repeat","background-position":"center center","background-size":"auto","background-attachment":"scroll","background-type":"","background-media":"","overlay-type":"","overlay-color":"","overlay-opacity":"","overlay-gradient":""},"tablet":{"background-color":"","background-image":"","background-repeat":"repeat","background-position":"center center","background-size":"auto","background-attachment":"scroll","background-type":"","background-media":"","overlay-type":"","overlay-color":"","overlay-opacity":"","overlay-gradient":""},"mobile":{"background-color":"","background-image":"","background-repeat":"repeat","background-position":"center center","background-size":"auto","background-attachment":"scroll","background-type":"","background-media":"","overlay-type":"","overlay-color":"","overlay-opacity":"","overlay-gradient":""}},"ast-content-background-meta":{"desktop":{"background-color":"var(--ast-global-color-5)","background-image":"","background-repeat":"repeat","background-position":"center center","background-size":"auto","background-attachment":"scroll","background-type":"","background-media":"","overlay-type":"","overlay-color":"","overlay-opacity":"","overlay-gradient":""},"tablet":{"background-color":"var(--ast-global-color-5)","background-image":"","background-repeat":"repeat","background-position":"center center","background-size":"auto","background-attachment":"scroll","background-type":"","background-media":"","overlay-type":"","overlay-color":"","overlay-opacity":"","overlay-gradient":""},"mobile":{"background-color":"var(--ast-global-color-5)","background-image":"","background-repeat":"repeat","background-position":"center center","background-size":"auto","background-attachment":"scroll","background-type":"","background-media":"","overlay-type":"","overlay-color":"","overlay-opacity":"","overlay-gradient":""}},"footnotes":""},"categories":[8],"tags":[199,885,17756,14772],"class_list":["post-55956","post","type-post","status-publish","format-standard","has-post-thumbnail","hentry","category-noticias","tag-amlo","tag-ine","tag-violencia-politica","tag-xochitl-galvez"],"_links":{"self":[{"href":"https:\/\/losperiodistas.com.mx\/portal\/wp-json\/wp\/v2\/posts\/55956","targetHints":{"allow":["GET"]}}],"collection":[{"href":"https:\/\/losperiodistas.com.mx\/portal\/wp-json\/wp\/v2\/posts"}],"about":[{"href":"https:\/\/losperiodistas.com.mx\/portal\/wp-json\/wp\/v2\/types\/post"}],"author":[{"embeddable":true,"href":"https:\/\/losperiodistas.com.mx\/portal\/wp-json\/wp\/v2\/users\/1"}],"replies":[{"embeddable":true,"href":"https:\/\/losperiodistas.com.mx\/portal\/wp-json\/wp\/v2\/comments?post=55956"}],"version-history":[{"count":1,"href":"https:\/\/losperiodistas.com.mx\/portal\/wp-json\/wp\/v2\/posts\/55956\/revisions"}],"predecessor-version":[{"id":55958,"href":"https:\/\/losperiodistas.com.mx\/portal\/wp-json\/wp\/v2\/posts\/55956\/revisions\/55958"}],"wp:featuredmedia":[{"embeddable":true,"href":"https:\/\/losperiodistas.com.mx\/portal\/wp-json\/wp\/v2\/media\/55957"}],"wp:attachment":[{"href":"https:\/\/losperiodistas.com.mx\/portal\/wp-json\/wp\/v2\/media?parent=55956"}],"wp:term":[{"taxonomy":"category","embeddable":true,"href":"https:\/\/losperiodistas.com.mx\/portal\/wp-json\/wp\/v2\/categories?post=55956"},{"taxonomy":"post_tag","embeddable":true,"href":"https:\/\/losperiodistas.com.mx\/portal\/wp-json\/wp\/v2\/tags?post=55956"}],"curies":[{"name":"wp","href":"https:\/\/api.w.org\/{rel}","templated":true}]}}