{"id":55953,"date":"2023-08-03T07:40:15","date_gmt":"2023-08-03T12:40:15","guid":{"rendered":"http:\/\/losperiodistas.com.mx\/portal\/?p=55953"},"modified":"2023-08-03T07:40:17","modified_gmt":"2023-08-03T12:40:17","slug":"unir-a-la-sociedad-vs-la-trata-de-personas","status":"publish","type":"post","link":"https:\/\/losperiodistas.com.mx\/portal\/unir-a-la-sociedad-vs-la-trata-de-personas\/","title":{"rendered":"<strong>Unir a la sociedad VS la trata de personas<\/strong>"},"content":{"rendered":"\n<p><\/p>\n\n\n\n<p class=\"has-vivid-red-color has-text-color\" style=\"font-size:26px\"><strong><em>Por Fernando Manzanilla Prieto<\/em><\/strong><\/p>\n\n\n\n<p>@Fer_Manzanilla<\/p>\n\n\n\n<p>El pasado fin de semana se conmemor\u00f3 el D\u00eda Mundial contra la Trata de Personas, fecha en torno a la cual se realiz\u00f3 la primera Caravana Ciudadana contra este delito, encabezada por el coordinador del Grupo Parlamentario de Morena en la C\u00e1mara de Diputados y promotor comunitario del Instituto Mexicano para la Transformaci\u00f3n de la Vida P\u00fablica, Ignacio Mier.<\/p>\n\n\n\n<p>Fue muy gratificante ver que ciudadanos de 12 municipios de la entidad se sumaron a esta jornada y se manifestaron en contra de esta grave problem\u00e1tica que es una de las violaciones m\u00e1s atroces de los derechos humanos y una forma moderna de esclavitud que afecta a millones de personas en todo el mundo.<\/p>\n\n\n\n<p>Y es que la participaci\u00f3n ciudadana es esencial para visibilizar este problema, detectar y denunciar casos, presionar a los gobiernos y apoyar a las v\u00edctimas, las cuales en un 85 por ciento son mujeres y ni\u00f1as.<\/p>\n\n\n\n<p>Al respecto, la ONU calcula que casi 21 millones de personas en el mundo son v\u00edctimas del trabajo forzoso. En esa cifra se incluye tambi\u00e9n a las v\u00edctimas de trata para la explotaci\u00f3n laboral y sexual.<\/p>\n\n\n\n<p>Desafortunadamente, M\u00e9xico es un pa\u00eds de origen, tr\u00e1nsito y destino de la trata de personas. La ubicaci\u00f3n geogr\u00e1fica, la pobreza, la desigualdad social, la falta de oportunidades y la corrupci\u00f3n son factores que contribuyen a esta situaci\u00f3n. Es as\u00ed que nuestro pa\u00eds ocupa el lugar 20 de 167 pa\u00edses en \u00edndices de esclavitud, donde la mayor\u00eda son mujeres y ni\u00f1as. Desafortunadamente, Puebla se ubica en quinta posici\u00f3n de este delito a nivel nacional con 259 casos, de acuerdo con cifras del Secretariado Ejecutivo del Sistema Nacional de Seguridad P\u00fablica.<\/p>\n\n\n\n<p>No escapa saber que uno de los principales retos en la lucha contra la trata de personas es la falta de una legislaci\u00f3n integral y armonizada en todo el pa\u00eds. Aunque M\u00e9xico cuenta con leyes que la criminalizan, la implementaci\u00f3n y la aplicaci\u00f3n de estas leyes enfrentan obst\u00e1culos significativos. Adem\u00e1s, el sistema de justicia a menudo presenta deficiencias en la investigaci\u00f3n y persecuci\u00f3n de los delitos relacionados con la trata de personas.<\/p>\n\n\n\n<p>Aunado a ello, la impunidad y la corrupci\u00f3n son dos elementos que socavan los esfuerzos para combatir la trata de personas. Los perpetradores de estos delitos a menudo logran evadir la justicia debido a la falta de denuncias, la complicidad de las autoridades o la intimidaci\u00f3n a las v\u00edctimas.<\/p>\n\n\n\n<p>Para enfrentar este desaf\u00edo, es fundamental contar con una respuesta integral que involucre a diversos actores. Esto incluye fortalecer la cooperaci\u00f3n entre las autoridades federales, estatales y municipales, as\u00ed como mejorar la coordinaci\u00f3n entre las instituciones encargadas de la prevenci\u00f3n, persecuci\u00f3n y atenci\u00f3n a las v\u00edctimas. Tambi\u00e9n es crucial involucrar a la sociedad civil, organizaciones no gubernamentales y el sector privado en esta lucha.<\/p>\n\n\n\n<p>Es bien sabido que los ciudadanos son una fuente invaluable de informaci\u00f3n para detectar actividades sospechosas o casos de trata de personas. Alentar a las personas a denunciar cualquier sospecha puede llevar a la identificaci\u00f3n de redes de trata y ayudar a las autoridades a intervenir de manera oportuna.<\/p>\n\n\n\n<p>Asimismo, la participaci\u00f3n ciudadana puede ejercer presi\u00f3n sobre los gobiernos y las instituciones para que tomen medidas concretas contra la trata de personas. Mediante el activismo, las personas pueden exigir la implementaci\u00f3n de leyes m\u00e1s fuertes y la asignaci\u00f3n de recursos adecuados para combatir este delito.<\/p>\n\n\n\n<p>Precisamente por ello es que considero muy relevante la propuesta del diputado Ignacio Mier para visibilizar este grave problema, que llevar\u00e1 adem\u00e1s a la sensibilizaci\u00f3n y la prevenci\u00f3n. Las personas deben conocer los hechos y las cifras, as\u00ed como los indicadores que ayudan a identificar posibles casos de trata en su entorno.<\/p>\n\n\n\n<p>Finalmente, esperamos que cada d\u00eda crezcan m\u00e1s las acciones en este sentido a lo largo y ancho del estado, as\u00ed como la promoci\u00f3n de los derechos humanos, ya que solo a trav\u00e9s de un esfuerzo conjunto y sostenido podremos avanzar hacia un mundo donde la trata de personas sea cosa del pasado.<\/p>\n","protected":false},"excerpt":{"rendered":"<p>Por Fernando Manzanilla Prieto @Fer_Manzanilla El pasado fin de semana se conmemor\u00f3 el D\u00eda Mundial contra la Trata de Personas, [&hellip;]<\/p>\n","protected":false},"author":1,"featured_media":55954,"comment_status":"open","ping_status":"open","sticky":false,"template":"","format":"standard","meta":{"site-sidebar-layout":"default","site-content-layout":"","ast-site-content-layout":"default","site-content-style":"default","site-sidebar-style":"default","ast-global-header-display":"","ast-banner-title-visibility":"","ast-main-header-display":"","ast-hfb-above-header-display":"","ast-hfb-below-header-display":"","ast-hfb-mobile-header-display":"","site-post-title":"","ast-breadcrumbs-content":"","ast-featured-img":"","footer-sml-layout":"","theme-transparent-header-meta":"","adv-header-id-meta":"","stick-header-meta":"","header-above-stick-meta":"","header-main-stick-meta":"","header-below-stick-meta":"","astra-migrate-meta-layouts":"default","ast-page-background-enabled":"default","ast-page-background-meta":{"desktop":{"background-color":"var(--ast-global-color-4)","background-image":"","background-repeat":"repeat","background-position":"center center","background-size":"auto","background-attachment":"scroll","background-type":"","background-media":"","overlay-type":"","overlay-color":"","overlay-opacity":"","overlay-gradient":""},"tablet":{"background-color":"","background-image":"","background-repeat":"repeat","background-position":"center center","background-size":"auto","background-attachment":"scroll","background-type":"","background-media":"","overlay-type":"","overlay-color":"","overlay-opacity":"","overlay-gradient":""},"mobile":{"background-color":"","background-image":"","background-repeat":"repeat","background-position":"center center","background-size":"auto","background-attachment":"scroll","background-type":"","background-media":"","overlay-type":"","overlay-color":"","overlay-opacity":"","overlay-gradient":""}},"ast-content-background-meta":{"desktop":{"background-color":"var(--ast-global-color-5)","background-image":"","background-repeat":"repeat","background-position":"center center","background-size":"auto","background-attachment":"scroll","background-type":"","background-media":"","overlay-type":"","overlay-color":"","overlay-opacity":"","overlay-gradient":""},"tablet":{"background-color":"var(--ast-global-color-5)","background-image":"","background-repeat":"repeat","background-position":"center center","background-size":"auto","background-attachment":"scroll","background-type":"","background-media":"","overlay-type":"","overlay-color":"","overlay-opacity":"","overlay-gradient":""},"mobile":{"background-color":"var(--ast-global-color-5)","background-image":"","background-repeat":"repeat","background-position":"center center","background-size":"auto","background-attachment":"scroll","background-type":"","background-media":"","overlay-type":"","overlay-color":"","overlay-opacity":"","overlay-gradient":""}},"footnotes":""},"categories":[24,8],"tags":[2909],"class_list":["post-55953","post","type-post","status-publish","format-standard","has-post-thumbnail","hentry","category-fernando-manzanilla","category-noticias","tag-trata-de-personas"],"_links":{"self":[{"href":"https:\/\/losperiodistas.com.mx\/portal\/wp-json\/wp\/v2\/posts\/55953","targetHints":{"allow":["GET"]}}],"collection":[{"href":"https:\/\/losperiodistas.com.mx\/portal\/wp-json\/wp\/v2\/posts"}],"about":[{"href":"https:\/\/losperiodistas.com.mx\/portal\/wp-json\/wp\/v2\/types\/post"}],"author":[{"embeddable":true,"href":"https:\/\/losperiodistas.com.mx\/portal\/wp-json\/wp\/v2\/users\/1"}],"replies":[{"embeddable":true,"href":"https:\/\/losperiodistas.com.mx\/portal\/wp-json\/wp\/v2\/comments?post=55953"}],"version-history":[{"count":1,"href":"https:\/\/losperiodistas.com.mx\/portal\/wp-json\/wp\/v2\/posts\/55953\/revisions"}],"predecessor-version":[{"id":55955,"href":"https:\/\/losperiodistas.com.mx\/portal\/wp-json\/wp\/v2\/posts\/55953\/revisions\/55955"}],"wp:featuredmedia":[{"embeddable":true,"href":"https:\/\/losperiodistas.com.mx\/portal\/wp-json\/wp\/v2\/media\/55954"}],"wp:attachment":[{"href":"https:\/\/losperiodistas.com.mx\/portal\/wp-json\/wp\/v2\/media?parent=55953"}],"wp:term":[{"taxonomy":"category","embeddable":true,"href":"https:\/\/losperiodistas.com.mx\/portal\/wp-json\/wp\/v2\/categories?post=55953"},{"taxonomy":"post_tag","embeddable":true,"href":"https:\/\/losperiodistas.com.mx\/portal\/wp-json\/wp\/v2\/tags?post=55953"}],"curies":[{"name":"wp","href":"https:\/\/api.w.org\/{rel}","templated":true}]}}