{"id":55950,"date":"2023-08-03T07:33:49","date_gmt":"2023-08-03T12:33:49","guid":{"rendered":"http:\/\/losperiodistas.com.mx\/portal\/?p=55950"},"modified":"2023-08-03T07:33:51","modified_gmt":"2023-08-03T12:33:51","slug":"morena-lanzara-en-septiembre-convocatoria-para-las-nueve-gubernaturas-de-2024-infobae","status":"publish","type":"post","link":"https:\/\/losperiodistas.com.mx\/portal\/morena-lanzara-en-septiembre-convocatoria-para-las-nueve-gubernaturas-de-2024-infobae\/","title":{"rendered":"Morena lanzar\u00e1 en septiembre convocatoria para las nueve gubernaturas de 2024 | Infobae"},"content":{"rendered":"\n<h2 class=\"has-background has-medium-font-size wp-block-heading\" style=\"background-color:#c43ff2\">Mario Delgado no descart\u00f3 presentarse a la contienda por la Jefatura de la Ciudad de M\u00e9xico una vez que termine el proceso nacional de las seis corcholatas<\/h2>\n\n\n\n<figure class=\"wp-block-image size-large is-style-default\"><img fetchpriority=\"high\" decoding=\"async\" width=\"1024\" height=\"578\" src=\"https:\/\/losperiodistas.com.mx\/portal\/wp-content\/uploads\/2023\/08\/Captura-de-Pantalla-2023-08-03-a-las-6.23.51-1024x578.jpg\" alt=\"\" class=\"wp-image-55951\" srcset=\"https:\/\/losperiodistas.com.mx\/portal\/wp-content\/uploads\/2023\/08\/Captura-de-Pantalla-2023-08-03-a-las-6.23.51-1024x578.jpg 1024w, https:\/\/losperiodistas.com.mx\/portal\/wp-content\/uploads\/2023\/08\/Captura-de-Pantalla-2023-08-03-a-las-6.23.51-300x169.jpg 300w, https:\/\/losperiodistas.com.mx\/portal\/wp-content\/uploads\/2023\/08\/Captura-de-Pantalla-2023-08-03-a-las-6.23.51-768x433.jpg 768w, https:\/\/losperiodistas.com.mx\/portal\/wp-content\/uploads\/2023\/08\/Captura-de-Pantalla-2023-08-03-a-las-6.23.51-1536x867.jpg 1536w, https:\/\/losperiodistas.com.mx\/portal\/wp-content\/uploads\/2023\/08\/Captura-de-Pantalla-2023-08-03-a-las-6.23.51.jpg 1712w\" sizes=\"(max-width: 1024px) 100vw, 1024px\" \/><figcaption>(Foto: Jovani Perez)<\/figcaption><\/figure>\n\n\n\n<p><\/p>\n\n\n\n<p class=\"has-vivid-red-color has-text-color has-medium-font-size\"><strong>OMAR TINOCO MORALES \/ INFOBAE<\/strong><\/p>\n\n\n\n<p>El 6 de septiembre, Morena tiene previsto dar a conocer a la corcholata ganadora de la encuesta, quien se convertir\u00e1 en la persona encargada de coordinar los&nbsp;<strong>Comit\u00e9s Ejecutivos de la Defensa de la 4T<\/strong>, y eventualmente se convertir\u00e1 en la abanderada del partido para tratar de suceder en 2024 a&nbsp;<strong>Andr\u00e9s Manuel L\u00f3pez Obrador&nbsp;<\/strong>en la Presidencia de la Rep\u00fablica.<\/p>\n\n\n\n<div class=\"wp-block-image is-style-default\"><figure class=\"alignleft is-resized\"><img decoding=\"async\" src=\"https:\/\/www.infobae.com\/new-resizer\/2HF70EreRhc1EGj1qOCQwAUHAyc=\/filters:format(webp):quality(85)\/cloudfront-us-east-1.images.arcpublishing.com\/infobae\/KPEHI6Z7X5A3DL4Q3475T2SXCA.jpg\" alt=\"Ricardo Monreal desde\u00f1\u00f3 las encuestas que lo colocan que lo posicionan muy por debajo en las preferencias. (Prensa\/RicardoMonreal)\" width=\"-478\" height=\"-269\"\/><\/figure><\/div>\n\n\n\n<p>Te puede interesar:<strong><a href=\"https:\/\/www.infobae.com\/mexico\/2023\/07\/28\/ricardo-monreal-reprocha-a-mario-delgado-por-omitir-gastos-de-corcholatas-en-espectaculares-por-que-los-protege\/\">Ricardo Monreal reprocha a Mario Delgado por omitir gastos de corcholatas en espectaculares: \u201c\u00bfPor qu\u00e9 los protege?\u201d<\/a><\/strong><\/p>\n\n\n\n<p><\/p>\n\n\n\n<p><\/p>\n\n\n\n<p>Despu\u00e9s de anunciar p\u00fablicamente al ganador de la encuesta, Morena lanzar\u00e1 la convocatoria para las\u00a0<strong>nueve gubernaturas<\/strong>\u00a0que estar\u00e1n en disputa el siguiente a\u00f1o, entre ellas la<strong>\u00a0Jefatura de la Ciudad de M\u00e9xico.<\/strong><\/p>\n\n\n\n<p>En conferencia de prensa,\u00a0<strong>Mario Delgado Carrillo, presidente nacional de Morena,<\/strong>\u00a0adelant\u00f3 que esperan tener definidos a sus eventuales aspirantes a m\u00e1s tardar en noviembre de este a\u00f1o, es decir, dos meses antes de lo que suele ser el periodo oficial de precampa\u00f1as, seg\u00fan la ley electoral.Mario Delgado \u201cjuangabrielea\u201d y se r\u00ede de \u00e9l mismo<\/p>\n\n\n\n<p><a href=\"https:\/\/cdn.jwplayer.com\/previews\/lPydXtZ6\">https:\/\/cdn.jwplayer.com\/previews\/lPydXtZ6<\/a><\/p>\n\n\n\n<p>El l\u00edder de Morena dice que ve con humor los memes sobre su persona.<\/p>\n\n\n\n<p>\u201cDespu\u00e9s del 6 de septiembre haremos convocatoria para las nueve entidades que van a elecci\u00f3n. Si el 6 de septiembre tendremos al coordinador nacional, probablemente tengamos convocatoria a finales de septiembre para estas nueve entidades y se estar\u00e1 resolviendo m\u00e1ximo en noviembre porque no tenemos tiempo despu\u00e9s hay que resolver los candidatos y candidatos a senadores, hay que resolver los diputados federales y todos los presidentes municipales, congresos locales. Hay 20 mil cargos en disputa\u201d, detall\u00f3 Delgado Carrillo.<\/p>\n\n\n\n<p class=\"has-cyan-bluish-gray-background-color has-background\"><a href=\"https:\/\/www.infobae.com\/mexico\/2023\/08\/02\/morena-alista-sorteo-de-casas-encuestadoras-para-la-ultima-fase-entre-corcholatas\/\" target=\"_blank\" rel=\"noreferrer noopener\">Te puede interesar:<strong>Morena alista sorteo de casas encuestadoras para la \u00faltima fase entre corcholatas<\/strong><\/a><\/p>\n\n\n\n<p>El actual presidente nacional de Morena, y encargado de conducir el proceso para definir la candidatura presidencial de 2024, suena como uno de los posibles aspirantes al gobierno de la Ciudad de M\u00e9xico y \u00e9l mismo ha expresado que a finales de septiembre anunciar\u00e1 su decisi\u00f3n.<\/p>\n\n\n\n<p>\u201cEstoy en el mejor lugar posible, en algo que nunca siquiera so\u00f1\u00e9, entonces pues vamos a ver qu\u00e9 pasa y tenemos varios compa\u00f1eros y compa\u00f1eras que pueden asumir la responsabilidad de encabezar el esfuerzo transformador en nuestra ciudad o sea cuadros, gente de primer nivel\u201d, expres\u00f3 Mario Delgado, quien ya fue secretario de finanzas de la CDMX.<\/p>\n\n\n\n<h2 class=\"wp-block-heading\">Las gubernaturas que se renovar\u00e1n en 2024<\/h2>\n\n\n\n<p><img decoding=\"async\" alt=\"AMLO se reuni\u00f3 el 5 de junio con gobernadores y las corcholatas (ANDREA MURCIA\/CUARTOSCURO.COM)\" height=\"1280\" width=\"1920\" src=\"https:\/\/www.infobae.com\/new-resizer\/1wpOFgrEBWBj30-Jd32w7aFRPTw=\/arc-anglerfish-arc2-prod-infobae\/public\/VHUKBZZEW5GU7KPZNL3STSXPG4.jpg\" srcset=\"https:\/\/www.infobae.com\/new-resizer\/tVLX62GoSSfS_nPDZRw_HUOU2Jw=\/420x280\/filters:format(webp):quality(85)\/cloudfront-us-east-1.images.arcpublishing.com\/infobae\/VHUKBZZEW5GU7KPZNL3STSXPG4.jpg 420w,https:\/\/www.infobae.com\/new-resizer\/CdulGdNvgQdUGj7xXnG4A993GQ0=\/768x512\/filters:format(webp):quality(85)\/cloudfront-us-east-1.images.arcpublishing.com\/infobae\/VHUKBZZEW5GU7KPZNL3STSXPG4.jpg 768w,https:\/\/www.infobae.com\/new-resizer\/fRUNi4UEOXmr-A5oCSwmIT1ii3Y=\/992x661\/filters:format(webp):quality(85)\/cloudfront-us-east-1.images.arcpublishing.com\/infobae\/VHUKBZZEW5GU7KPZNL3STSXPG4.jpg 992w,https:\/\/www.infobae.com\/new-resizer\/v1lEzUGq_WBesnsIMtd9oVe6oPQ=\/1200x800\/filters:format(webp):quality(85)\/cloudfront-us-east-1.images.arcpublishing.com\/infobae\/VHUKBZZEW5GU7KPZNL3STSXPG4.jpg 1200w,https:\/\/www.infobae.com\/new-resizer\/MDGs_Et911xL_hhEWE_kLD1Y6qY=\/1440x960\/filters:format(webp):quality(85)\/cloudfront-us-east-1.images.arcpublishing.com\/infobae\/VHUKBZZEW5GU7KPZNL3STSXPG4.jpg 1440w\">AMLO se reuni\u00f3 el 5 de junio con gobernadores y las corcholatas (ANDREA MURCIA\/CUARTOSCURO.COM)<\/p>\n\n\n\n<p>En los comicios del siguiente a\u00f1o, morena tratar\u00e1 de defender los gobiernos de Chiapas, actualmente gobernado por Rutilio Escand\u00f3n; Puebla, de Sergio Salom\u00f3n C\u00e9spedes; Veracruz, Cuitl\u00e1huac Garc\u00eda; Tabasco, Carlos Manuel Merino y la Ciudad de M\u00e9xico, conducida por Mart\u00ed Batres.<\/p>\n\n\n\n<p class=\"has-cyan-bluish-gray-background-color has-background\"><a href=\"https:\/\/www.infobae.com\/mexico\/2023\/07\/30\/mario-delgado-acuso-a-xochitl-galvez-de-recibir-mochitl-en-la-alcaldia-miguel-hidalgo\/\" target=\"_blank\" rel=\"noreferrer noopener\">Te puede interesar:<strong>Mario Delgado acus\u00f3 a X\u00f3chitl G\u00e1lvez de recibir \u201cm\u00f3chitl\u201d en la alcald\u00eda Miguel Hidalgo<\/strong><\/a><\/p>\n\n\n\n<p>Adem\u00e1s, se renovar\u00e1 el gobierno de Morelos, bajo el mando de Cuauht\u00e9moc Blanco, quien ahora buscar\u00e1 competir por la Jefatura de la Ciudad de M\u00e9xico.<\/p>\n\n\n\n<p>Los estados que tratar\u00e1 de mantener la oposici\u00f3n son Guanajuato, administrado por el panista Diego Sinhue Rodr\u00edguez, lo mismo que Yucat\u00e1n, de Mauricio Vila, tambi\u00e9n del blanquiazul. En cuanto a Jalisco, de Enrique Alfaro, Movimiento Ciudadano tratar\u00e1 de refrendar su posici\u00f3n.<\/p>\n\n\n\n<p>Adem\u00e1s de las nueve gubernaturas, en el proceso federal de 2024 se renovar\u00e1n las 500 curules de la C\u00e1mara de Diputados a nivel federal, adem\u00e1s de los 128 esca\u00f1os del Senado de la Rep\u00fablica.<\/p>\n\n\n\n<p>Respecto a la elecci\u00f3n en la Ciudad de M\u00e9xico, tambi\u00e9n estar\u00e1n en disputa las 16 alcald\u00edas, y en este caso, Morena tiene el reto de recuperar terreno tras el descalabro de 2021, donde la oposici\u00f3n gan\u00f3 9 de las 16 demarcaciones.<\/p>\n\n\n\n<h2 class=\"wp-block-heading\">INE trata de contener prisas de los partidos pol\u00edticos<\/h2>\n\n\n\n<p>Comunidad pur\u00e9pecha de Michoac\u00e1n nombra \u201cNana\u201d a Sheinbaum; la ex mandataria capitalina rompe en llanto<\/p>\n\n\n\n<p>Recientemente, el Consejo General del INE aprob\u00f3 una serie de lineamientos para Morena y los partidos que integran el Frente Amplio por M\u00e9xico, con el objetivo de evitar incurrir en actos anticipados de campa\u00f1a.<\/p>\n\n\n\n<p>Una de las principales medidas que recay\u00f3 en la Unidad T\u00e9cnica fue la de ordenar el retiro de propaganda pol\u00edtica en bardas y espectaculares a favor de determinados aspirantes presidenciales. Adem\u00e1s, se estableci\u00f3 que el INE podr\u00e1 iniciar investigaciones para conocer el nombre de la persona responsable de contratar los espacios publicitarios, adem\u00e1s del origen de los recursos para el despliegue de este tipo de campa\u00f1as para la elecci\u00f3n de un puesto de elecci\u00f3n popular.<\/p>\n\n\n\n<p>Fuente: <a href=\"https:\/\/www.infobae.com\/mexico\/2023\/08\/03\/morena-lanzara-en-septiembre-convocatoria-para-las-nueve-gubernaturas-de-2024\/\">https:\/\/www.infobae.com\/mexico\/2023\/08\/03\/morena-lanzara-en-septiembre-convocatoria-para-las-nueve-gubernaturas-de-2024\/<\/a><\/p>\n","protected":false},"excerpt":{"rendered":"<p>Mario Delgado no descart\u00f3 presentarse a la contienda por la Jefatura de la Ciudad de M\u00e9xico una vez que termine [&hellip;]<\/p>\n","protected":false},"author":1,"featured_media":55951,"comment_status":"open","ping_status":"open","sticky":false,"template":"","format":"standard","meta":{"site-sidebar-layout":"default","site-content-layout":"","ast-site-content-layout":"default","site-content-style":"default","site-sidebar-style":"default","ast-global-header-display":"","ast-banner-title-visibility":"","ast-main-header-display":"","ast-hfb-above-header-display":"","ast-hfb-below-header-display":"","ast-hfb-mobile-header-display":"","site-post-title":"","ast-breadcrumbs-content":"","ast-featured-img":"","footer-sml-layout":"","theme-transparent-header-meta":"","adv-header-id-meta":"","stick-header-meta":"","header-above-stick-meta":"","header-main-stick-meta":"","header-below-stick-meta":"","astra-migrate-meta-layouts":"default","ast-page-background-enabled":"default","ast-page-background-meta":{"desktop":{"background-color":"var(--ast-global-color-4)","background-image":"","background-repeat":"repeat","background-position":"center center","background-size":"auto","background-attachment":"scroll","background-type":"","background-media":"","overlay-type":"","overlay-color":"","overlay-opacity":"","overlay-gradient":""},"tablet":{"background-color":"","background-image":"","background-repeat":"repeat","background-position":"center center","background-size":"auto","background-attachment":"scroll","background-type":"","background-media":"","overlay-type":"","overlay-color":"","overlay-opacity":"","overlay-gradient":""},"mobile":{"background-color":"","background-image":"","background-repeat":"repeat","background-position":"center center","background-size":"auto","background-attachment":"scroll","background-type":"","background-media":"","overlay-type":"","overlay-color":"","overlay-opacity":"","overlay-gradient":""}},"ast-content-background-meta":{"desktop":{"background-color":"var(--ast-global-color-5)","background-image":"","background-repeat":"repeat","background-position":"center center","background-size":"auto","background-attachment":"scroll","background-type":"","background-media":"","overlay-type":"","overlay-color":"","overlay-opacity":"","overlay-gradient":""},"tablet":{"background-color":"var(--ast-global-color-5)","background-image":"","background-repeat":"repeat","background-position":"center center","background-size":"auto","background-attachment":"scroll","background-type":"","background-media":"","overlay-type":"","overlay-color":"","overlay-opacity":"","overlay-gradient":""},"mobile":{"background-color":"var(--ast-global-color-5)","background-image":"","background-repeat":"repeat","background-position":"center center","background-size":"auto","background-attachment":"scroll","background-type":"","background-media":"","overlay-type":"","overlay-color":"","overlay-opacity":"","overlay-gradient":""}},"footnotes":""},"categories":[8],"tags":[2324,17755],"class_list":["post-55950","post","type-post","status-publish","format-standard","has-post-thumbnail","hentry","category-noticias","tag-mario-delgado","tag-morena-gobernaturas"],"_links":{"self":[{"href":"https:\/\/losperiodistas.com.mx\/portal\/wp-json\/wp\/v2\/posts\/55950","targetHints":{"allow":["GET"]}}],"collection":[{"href":"https:\/\/losperiodistas.com.mx\/portal\/wp-json\/wp\/v2\/posts"}],"about":[{"href":"https:\/\/losperiodistas.com.mx\/portal\/wp-json\/wp\/v2\/types\/post"}],"author":[{"embeddable":true,"href":"https:\/\/losperiodistas.com.mx\/portal\/wp-json\/wp\/v2\/users\/1"}],"replies":[{"embeddable":true,"href":"https:\/\/losperiodistas.com.mx\/portal\/wp-json\/wp\/v2\/comments?post=55950"}],"version-history":[{"count":1,"href":"https:\/\/losperiodistas.com.mx\/portal\/wp-json\/wp\/v2\/posts\/55950\/revisions"}],"predecessor-version":[{"id":55952,"href":"https:\/\/losperiodistas.com.mx\/portal\/wp-json\/wp\/v2\/posts\/55950\/revisions\/55952"}],"wp:featuredmedia":[{"embeddable":true,"href":"https:\/\/losperiodistas.com.mx\/portal\/wp-json\/wp\/v2\/media\/55951"}],"wp:attachment":[{"href":"https:\/\/losperiodistas.com.mx\/portal\/wp-json\/wp\/v2\/media?parent=55950"}],"wp:term":[{"taxonomy":"category","embeddable":true,"href":"https:\/\/losperiodistas.com.mx\/portal\/wp-json\/wp\/v2\/categories?post=55950"},{"taxonomy":"post_tag","embeddable":true,"href":"https:\/\/losperiodistas.com.mx\/portal\/wp-json\/wp\/v2\/tags?post=55950"}],"curies":[{"name":"wp","href":"https:\/\/api.w.org\/{rel}","templated":true}]}}