{"id":55887,"date":"2023-08-02T06:20:54","date_gmt":"2023-08-02T11:20:54","guid":{"rendered":"http:\/\/losperiodistas.com.mx\/portal\/?p=55887"},"modified":"2023-08-02T06:20:56","modified_gmt":"2023-08-02T11:20:56","slug":"osorio-chong-y-ruiz-massieu-destapan-a-nadia-navarro-como-aspirante-a-candidata-a-la-gubernatura-ljo","status":"publish","type":"post","link":"https:\/\/losperiodistas.com.mx\/portal\/osorio-chong-y-ruiz-massieu-destapan-a-nadia-navarro-como-aspirante-a-candidata-a-la-gubernatura-ljo\/","title":{"rendered":"Osorio Chong y Ruiz Massieu destapan a Nadia Navarro como aspirante a candidata a la gubernatura\u00a0| LJO"},"content":{"rendered":"\n<figure class=\"wp-block-embed is-type-video is-provider-youtube wp-block-embed-youtube wp-embed-aspect-4-3 wp-has-aspect-ratio\"><div class=\"wp-block-embed__wrapper\">\n<iframe title=\"En quinto informe de labores, la Senadora del PSI, Nadia Navarro, resalta su pertenencia al PAN\" width=\"500\" height=\"375\" src=\"https:\/\/www.youtube.com\/embed\/pZftYeRJAAQ?feature=oembed\" frameborder=\"0\" allow=\"accelerometer; autoplay; clipboard-write; encrypted-media; gyroscope; picture-in-picture; web-share\" referrerpolicy=\"strict-origin-when-cross-origin\" allowfullscreen><\/iframe>\n<\/div><\/figure>\n\n\n\n<p><\/p>\n\n\n\n<p class=\"has-vivid-red-color has-text-color has-medium-font-size\"><strong>MART\u00cdN HERN\u00c1NDEZ ALC\u00c1NTARA \/ LA JORNA DE ORIENTE<\/strong><\/p>\n\n\n\n<p>Los senadores&nbsp;<a href=\"https:\/\/twitter.com\/osoriochong\" target=\"_blank\" rel=\"noreferrer noopener\">Miguel \u00c1ngel Osorio Chong<\/a>&nbsp;y Claudia Ruiz Massieu, respaldaron ayer p\u00fablicamente las aspiraciones de su hom\u00f3loga, Nadia Navarro Acevedo&nbsp;<a href=\"https:\/\/www.lajornadadeoriente.com.mx\/puebla\/se-destapa-nadia-navarro\/\" target=\"_blank\" rel=\"noreferrer noopener\">por ser la candidata del bloque<\/a>&nbsp;opositor a la gubernatura de Puebla, en la elecci\u00f3n de 2024.<\/p>\n\n\n\n<p>Adem\u00e1s, Mauricio Kuri Gonz\u00e1lez, gobernador panista de Quer\u00e9taro, dijo que Nadia Navarro ha servido al Partido Acci\u00f3n Nacional (PAN).<\/p>\n\n\n\n<figure class=\"wp-block-embed is-type-video is-provider-youtube wp-block-embed-youtube wp-embed-aspect-4-3 wp-has-aspect-ratio\"><div class=\"wp-block-embed__wrapper\">\n<iframe title=\"Mauricio Kuri, gobernador de Guanajuato, resalta a Nadia Navarro\" width=\"500\" height=\"375\" src=\"https:\/\/www.youtube.com\/embed\/j5bPFeLbi9I?feature=oembed\" frameborder=\"0\" allow=\"accelerometer; autoplay; clipboard-write; encrypted-media; gyroscope; picture-in-picture; web-share\" referrerpolicy=\"strict-origin-when-cross-origin\" allowfullscreen><\/iframe>\n<\/div><\/figure>\n\n\n\n<p><\/p>\n\n\n\n<p>Los dos pol\u00edticos expriistas y el mandatario panista acudieron ayer al quinto informe de labores que brind\u00f3 en un hotel ubicado en la zona de Angel\u00f3polis \u2013la de mayor plusval\u00eda en la entidad\u2013 la legisladora por el estatal Partido Pacto Social de Integraci\u00f3n (PSI) en la C\u00e1mara Alta del Congreso de la Uni\u00f3n.<\/p>\n\n\n\n<p>En una entrevista, al preguntarle a Miguel \u00c1ngel Osorio Chong sobre las aspiraciones de Nadia Navarro Acevedo de ser postulada a la titularidad del Poder Ejecutivo poblano por la Alianza Va Por M\u00e9xico, expres\u00f3:<\/p>\n\n\n\n<p>\u201cPor supuesto que s\u00ed, es una mujer que conoce su estado. Por supuesto que la veo como un prospecto muy importante para poder ser candidata y luego gobernadora de este gran estado\u201d.<\/p>\n\n\n\n<p>Por su parte, ante el mismo cuestionamiento, Claudia Ruiz Massieu, contest\u00f3:<\/p>\n\n\n\n<blockquote class=\"wp-block-quote is-layout-flow wp-block-quote-is-layout-flow\"><p>\u201cSin duda, es una gran mujer, una gran poblana, una gran senadora y si fuera la candidata y tiene todos los merecimientos para serlo, Puebla tendr\u00eda un futuro m\u00e1s brillante, ojal\u00e1; aqu\u00ed me va a tener para apoyarla\u201d.<\/p><\/blockquote>\n\n\n\n<p>Tambi\u00e9n hizo acto de presencia, el diputado local Charbel Jorge Estefan Chidiac, quien tambi\u00e9n hizo un gui\u00f1o a las aspiraciones de la senadora Navarro al expresar en una entrevista que el PSI y Movimiento Ciudadano \u201ctienen un huequito en el bloque opositor\u201d .<\/p>\n\n\n\n<p>Asimismo, hicieron acto de presencia el diputado federal Humberto, \u201cEl Tigre\u201d, Aguilar Coronado, actual representante del PAN ante el INE y el diputado federal Mario Riestra Pi\u00f1a, principal aspirante a la presidencia municipal de Puebla.<\/p>\n\n\n\n<p>Resalt\u00f3 la ausencia de Ana Teresa Aranda Orozco, diputada federal, quien es considerada una l\u00edder moral dentro del PAN. Tampoco asisti\u00f3 el presidente municipal de Puebla, Eduardo rivera P\u00e9rez, quien tambi\u00e9n aspira a la candidatura de la posici\u00f3n para gobernador y mand\u00f3 un emisario en su representaci\u00f3n.<\/p>\n\n\n\n<p>Fuente: <a href=\"https:\/\/www.lajornadadeoriente.com.mx\/puebla\/osorio-chong-y-ruiz-massieu-destapan-a-nadia-navarro-como-aspirante-a-candidata-a-la-gubernatura\/\">https:\/\/www.lajornadadeoriente.com.mx\/puebla\/osorio-chong-y-ruiz-massieu-destapan-a-nadia-navarro-como-aspirante-a-candidata-a-la-gubernatura\/<\/a><\/p>\n","protected":false},"excerpt":{"rendered":"<p>MART\u00cdN HERN\u00c1NDEZ ALC\u00c1NTARA \/ LA JORNA DE ORIENTE Los senadores&nbsp;Miguel \u00c1ngel Osorio Chong&nbsp;y Claudia Ruiz Massieu, respaldaron ayer p\u00fablicamente las [&hellip;]<\/p>\n","protected":false},"author":1,"featured_media":55888,"comment_status":"open","ping_status":"open","sticky":false,"template":"","format":"standard","meta":{"site-sidebar-layout":"default","site-content-layout":"","ast-site-content-layout":"default","site-content-style":"default","site-sidebar-style":"default","ast-global-header-display":"","ast-banner-title-visibility":"","ast-main-header-display":"","ast-hfb-above-header-display":"","ast-hfb-below-header-display":"","ast-hfb-mobile-header-display":"","site-post-title":"","ast-breadcrumbs-content":"","ast-featured-img":"","footer-sml-layout":"","theme-transparent-header-meta":"","adv-header-id-meta":"","stick-header-meta":"","header-above-stick-meta":"","header-main-stick-meta":"","header-below-stick-meta":"","astra-migrate-meta-layouts":"default","ast-page-background-enabled":"default","ast-page-background-meta":{"desktop":{"background-color":"var(--ast-global-color-4)","background-image":"","background-repeat":"repeat","background-position":"center center","background-size":"auto","background-attachment":"scroll","background-type":"","background-media":"","overlay-type":"","overlay-color":"","overlay-opacity":"","overlay-gradient":""},"tablet":{"background-color":"","background-image":"","background-repeat":"repeat","background-position":"center center","background-size":"auto","background-attachment":"scroll","background-type":"","background-media":"","overlay-type":"","overlay-color":"","overlay-opacity":"","overlay-gradient":""},"mobile":{"background-color":"","background-image":"","background-repeat":"repeat","background-position":"center center","background-size":"auto","background-attachment":"scroll","background-type":"","background-media":"","overlay-type":"","overlay-color":"","overlay-opacity":"","overlay-gradient":""}},"ast-content-background-meta":{"desktop":{"background-color":"var(--ast-global-color-5)","background-image":"","background-repeat":"repeat","background-position":"center center","background-size":"auto","background-attachment":"scroll","background-type":"","background-media":"","overlay-type":"","overlay-color":"","overlay-opacity":"","overlay-gradient":""},"tablet":{"background-color":"var(--ast-global-color-5)","background-image":"","background-repeat":"repeat","background-position":"center center","background-size":"auto","background-attachment":"scroll","background-type":"","background-media":"","overlay-type":"","overlay-color":"","overlay-opacity":"","overlay-gradient":""},"mobile":{"background-color":"var(--ast-global-color-5)","background-image":"","background-repeat":"repeat","background-position":"center center","background-size":"auto","background-attachment":"scroll","background-type":"","background-media":"","overlay-type":"","overlay-color":"","overlay-opacity":"","overlay-gradient":""}},"footnotes":""},"categories":[8],"tags":[5486,17389,17742],"class_list":["post-55887","post","type-post","status-publish","format-standard","has-post-thumbnail","hentry","category-noticias","tag-elecciones-2024","tag-frente-amplio-por-puebla","tag-nadia-navarro"],"_links":{"self":[{"href":"https:\/\/losperiodistas.com.mx\/portal\/wp-json\/wp\/v2\/posts\/55887","targetHints":{"allow":["GET"]}}],"collection":[{"href":"https:\/\/losperiodistas.com.mx\/portal\/wp-json\/wp\/v2\/posts"}],"about":[{"href":"https:\/\/losperiodistas.com.mx\/portal\/wp-json\/wp\/v2\/types\/post"}],"author":[{"embeddable":true,"href":"https:\/\/losperiodistas.com.mx\/portal\/wp-json\/wp\/v2\/users\/1"}],"replies":[{"embeddable":true,"href":"https:\/\/losperiodistas.com.mx\/portal\/wp-json\/wp\/v2\/comments?post=55887"}],"version-history":[{"count":1,"href":"https:\/\/losperiodistas.com.mx\/portal\/wp-json\/wp\/v2\/posts\/55887\/revisions"}],"predecessor-version":[{"id":55889,"href":"https:\/\/losperiodistas.com.mx\/portal\/wp-json\/wp\/v2\/posts\/55887\/revisions\/55889"}],"wp:featuredmedia":[{"embeddable":true,"href":"https:\/\/losperiodistas.com.mx\/portal\/wp-json\/wp\/v2\/media\/55888"}],"wp:attachment":[{"href":"https:\/\/losperiodistas.com.mx\/portal\/wp-json\/wp\/v2\/media?parent=55887"}],"wp:term":[{"taxonomy":"category","embeddable":true,"href":"https:\/\/losperiodistas.com.mx\/portal\/wp-json\/wp\/v2\/categories?post=55887"},{"taxonomy":"post_tag","embeddable":true,"href":"https:\/\/losperiodistas.com.mx\/portal\/wp-json\/wp\/v2\/tags?post=55887"}],"curies":[{"name":"wp","href":"https:\/\/api.w.org\/{rel}","templated":true}]}}