{"id":55735,"date":"2023-07-31T07:11:37","date_gmt":"2023-07-31T12:11:37","guid":{"rendered":"http:\/\/losperiodistas.com.mx\/portal\/?p=55735"},"modified":"2023-07-31T07:11:39","modified_gmt":"2023-07-31T12:11:39","slug":"no-por-mucho-madrugar-amanece-mas-temprano-sostiene-blanca-alcala-sobre-los-tiempos-que-toma-rivera-para-definir-su-futuro-politico-ljo","status":"publish","type":"post","link":"https:\/\/losperiodistas.com.mx\/portal\/no-por-mucho-madrugar-amanece-mas-temprano-sostiene-blanca-alcala-sobre-los-tiempos-que-toma-rivera-para-definir-su-futuro-politico-ljo\/","title":{"rendered":"\u201cNo por mucho madrugar amanece m\u00e1s temprano\u201d, sostiene Blanca Alcal\u00e1 sobre los tiempos que toma Rivera para definir su futuro pol\u00edtico | LJO"},"content":{"rendered":"\n<figure class=\"wp-block-embed is-type-video is-provider-youtube wp-block-embed-youtube wp-embed-aspect-16-9 wp-has-aspect-ratio\"><div class=\"wp-block-embed__wrapper\">\n<iframe title=\"\u201cNo por mucho madrugar\u201d, sostiene Blanca Alcal\u00e1 sobre  tiempos que toma Rivera para definirse\" width=\"500\" height=\"281\" src=\"https:\/\/www.youtube.com\/embed\/9OK9KUtOOmU?feature=oembed\" frameborder=\"0\" allow=\"accelerometer; autoplay; clipboard-write; encrypted-media; gyroscope; picture-in-picture; web-share\" referrerpolicy=\"strict-origin-when-cross-origin\" allowfullscreen><\/iframe>\n<\/div><\/figure>\n\n\n\n<p><\/p>\n\n\n\n<p class=\"has-vivid-red-color has-text-color has-medium-font-size\"><strong><em>EFRA\u00cdN N\u00da\u00d1EZ \/ LA JORNADA DE ORIENTE<\/em><\/strong><\/p>\n\n\n\n<p>\u201cNo por mucho madrugar amanece m\u00e1s temprano\u201d, solt\u00f3 la exalcaldesa<a href=\"https:\/\/twitter.com\/SoyBlancaAlcala\" target=\"_blank\" rel=\"noreferrer noopener\">&nbsp;Blanca Alcal\u00e1<\/a>&nbsp;al preguntarle si ya es tiempo que el edil panista, Eduardo Rivera P\u00e9rez, defina si buscar\u00e1 o no la candidatura a gobernador de Puebla por la alianza opositora.&nbsp;<\/p>\n\n\n\n<p>La tambi\u00e9n diputada federal subray\u00f3 que en caso de que el presidente municipal capitalino decida buscar la candidatura a gobernador del Frente por M\u00e9xico ella lo apoyar\u00eda.&nbsp;<\/p>\n\n\n\n<p><strong>Puedes ver:\u00a0<\/strong><a href=\"https:\/\/www.lajornadadeoriente.com.mx\/puebla\/blanca-alcala-buscara-la-candidatura-al-senado\/\" target=\"_blank\" rel=\"noreferrer noopener\">Blanca Alcal\u00e1 buscar\u00e1 la candidatura al Senado<\/a><\/p>\n\n\n\n<p>\u201cEn el Frente tenemos mucha claridad en que no por mucho madrugar amanece m\u00e1s temprano (\u2026) Enfrentaremos la elecci\u00f3n m\u00e1s grande del pa\u00eds, en Puebla iremos con una propuesta que resulte novedosa y que pueda garantizar la democracia y la divisi\u00f3n de poderes\u201d.\u00a0\u00a0<\/p>\n\n\n\n<p>Asimismo, sostuvo que buscar\u00e1 otro cargo de elecci\u00f3n popular en el proceso electoral de 2024, aunque a\u00fan no define cu\u00e1l ser\u00eda, es decir si ser\u00eda otra vez el Senado de la Rep\u00fablica, la alcald\u00eda o una diputaci\u00f3n local.\u00a0\u00a0<br>Pese a que las estructuras de su partido est\u00e1n trabajando en los proyectos de los aspirantes a la candidatura a gobernador por Morena, Ignacio Mier Velazco y Alejandro Armenta Mier, rechaz\u00f3 que el tricolor est\u00e9 debilitado para hacer ganar a la alianza opositora.\u00a0\u00a0\u00a0<br><br><strong>Tal vez te interese:<\/strong><a href=\"https:\/\/www.lajornadadeoriente.com.mx\/puebla\/rivera-destapa-a-alcala-aranda-aguilar-riestra-estefan-y-navarro-como-aspirantes-de-la-alianza-opositora-a-la-gubernatura\/\" target=\"_blank\" rel=\"noreferrer noopener\">Rivera destapa a Alcal\u00e1, Aranda, Aguilar, Riestra, Estefan y Navarro como aspirantes de la alianza opositora a la gubernatura<\/a><br><br>Al respecto, indic\u00f3 que han llegado nuevos cuadros al PRI en el estado que est\u00e1n convencidos de su respaldo al Frente por M\u00e9xico y har\u00e1n proselitismo en las pr\u00f3ximas elecciones.\u00a0\u00a0<br><br>En otro tema, subray\u00f3 que en este momento los priistas est\u00e1n apoyando a los aspirantes de su partido a la candidatura a la presidencia de la Rep\u00fablica, Beatriz Paredes Rangel y Enrique De la Madrid, sin embargo, en cuanto sea la definici\u00f3n de qui\u00e9n ser\u00e1 el candidato el tricolor ir\u00e1 con el que resulte mejor posicionado aunque no sea de su partido.\u00a0\u00a0<br>El pasado 27 de julio, el alcalde capitalino, Eduardo Rivera P\u00e9rez, afirm\u00f3 que ser\u00e1 despu\u00e9s de su segundo informe de labores en octubre cuando defina si buscar\u00e1 o no la candidatura de la alianza opositora a gobernador de Puebla.\u00a0\u00a0<br>En su habitual conferencia de medios, el alcalde capitalino sostuvo qu\u00e9 ser\u00e1 respetuoso de los tiempos establecidos por la alianza PAN-PRI-PRD para la elecci\u00f3n de candidatos, en la que se establece que primero se elegir\u00e1 al coordinador nacional.\u00a0\u00a0<br>\u201cSabemos que la prioridad del frente es elegir a su coordinador nacional, cuya elecci\u00f3n es el pr\u00f3ximo 3 de setiembre y en los estados ser\u00e1 despu\u00e9s de esa fecha\u201d, expuso.\u00a0<br>Manifest\u00f3 que la decisi\u00f3n de buscar o no el cargo la debe concensar con los ciudadanos y despu\u00e9s con su familia.\u00a0<br><\/p>\n\n\n\n<p>Fuente: <a href=\"https:\/\/www.lajornadadeoriente.com.mx\/puebla\/no-por-mucho-madrugar-sostiene-blanca-alcala\/\">https:\/\/www.lajornadadeoriente.com.mx\/puebla\/no-por-mucho-madrugar-sostiene-blanca-alcala\/<\/a><\/p>\n","protected":false},"excerpt":{"rendered":"<p>EFRA\u00cdN N\u00da\u00d1EZ \/ LA JORNADA DE ORIENTE \u201cNo por mucho madrugar amanece m\u00e1s temprano\u201d, solt\u00f3 la exalcaldesa&nbsp;Blanca Alcal\u00e1&nbsp;al preguntarle si [&hellip;]<\/p>\n","protected":false},"author":1,"featured_media":55736,"comment_status":"open","ping_status":"open","sticky":false,"template":"","format":"standard","meta":{"site-sidebar-layout":"default","site-content-layout":"","ast-site-content-layout":"default","site-content-style":"default","site-sidebar-style":"default","ast-global-header-display":"","ast-banner-title-visibility":"","ast-main-header-display":"","ast-hfb-above-header-display":"","ast-hfb-below-header-display":"","ast-hfb-mobile-header-display":"","site-post-title":"","ast-breadcrumbs-content":"","ast-featured-img":"","footer-sml-layout":"","theme-transparent-header-meta":"","adv-header-id-meta":"","stick-header-meta":"","header-above-stick-meta":"","header-main-stick-meta":"","header-below-stick-meta":"","astra-migrate-meta-layouts":"default","ast-page-background-enabled":"default","ast-page-background-meta":{"desktop":{"background-color":"var(--ast-global-color-4)","background-image":"","background-repeat":"repeat","background-position":"center center","background-size":"auto","background-attachment":"scroll","background-type":"","background-media":"","overlay-type":"","overlay-color":"","overlay-opacity":"","overlay-gradient":""},"tablet":{"background-color":"","background-image":"","background-repeat":"repeat","background-position":"center center","background-size":"auto","background-attachment":"scroll","background-type":"","background-media":"","overlay-type":"","overlay-color":"","overlay-opacity":"","overlay-gradient":""},"mobile":{"background-color":"","background-image":"","background-repeat":"repeat","background-position":"center center","background-size":"auto","background-attachment":"scroll","background-type":"","background-media":"","overlay-type":"","overlay-color":"","overlay-opacity":"","overlay-gradient":""}},"ast-content-background-meta":{"desktop":{"background-color":"var(--ast-global-color-5)","background-image":"","background-repeat":"repeat","background-position":"center center","background-size":"auto","background-attachment":"scroll","background-type":"","background-media":"","overlay-type":"","overlay-color":"","overlay-opacity":"","overlay-gradient":""},"tablet":{"background-color":"var(--ast-global-color-5)","background-image":"","background-repeat":"repeat","background-position":"center center","background-size":"auto","background-attachment":"scroll","background-type":"","background-media":"","overlay-type":"","overlay-color":"","overlay-opacity":"","overlay-gradient":""},"mobile":{"background-color":"var(--ast-global-color-5)","background-image":"","background-repeat":"repeat","background-position":"center center","background-size":"auto","background-attachment":"scroll","background-type":"","background-media":"","overlay-type":"","overlay-color":"","overlay-opacity":"","overlay-gradient":""}},"footnotes":""},"categories":[8],"tags":[17699,1286,5486,17700],"class_list":["post-55735","post","type-post","status-publish","format-standard","has-post-thumbnail","hentry","category-noticias","tag-blanca-alcala-ruiz","tag-eduardo-rivera","tag-elecciones-2024","tag-frente-amplio-puebla"],"_links":{"self":[{"href":"https:\/\/losperiodistas.com.mx\/portal\/wp-json\/wp\/v2\/posts\/55735","targetHints":{"allow":["GET"]}}],"collection":[{"href":"https:\/\/losperiodistas.com.mx\/portal\/wp-json\/wp\/v2\/posts"}],"about":[{"href":"https:\/\/losperiodistas.com.mx\/portal\/wp-json\/wp\/v2\/types\/post"}],"author":[{"embeddable":true,"href":"https:\/\/losperiodistas.com.mx\/portal\/wp-json\/wp\/v2\/users\/1"}],"replies":[{"embeddable":true,"href":"https:\/\/losperiodistas.com.mx\/portal\/wp-json\/wp\/v2\/comments?post=55735"}],"version-history":[{"count":1,"href":"https:\/\/losperiodistas.com.mx\/portal\/wp-json\/wp\/v2\/posts\/55735\/revisions"}],"predecessor-version":[{"id":55737,"href":"https:\/\/losperiodistas.com.mx\/portal\/wp-json\/wp\/v2\/posts\/55735\/revisions\/55737"}],"wp:featuredmedia":[{"embeddable":true,"href":"https:\/\/losperiodistas.com.mx\/portal\/wp-json\/wp\/v2\/media\/55736"}],"wp:attachment":[{"href":"https:\/\/losperiodistas.com.mx\/portal\/wp-json\/wp\/v2\/media?parent=55735"}],"wp:term":[{"taxonomy":"category","embeddable":true,"href":"https:\/\/losperiodistas.com.mx\/portal\/wp-json\/wp\/v2\/categories?post=55735"},{"taxonomy":"post_tag","embeddable":true,"href":"https:\/\/losperiodistas.com.mx\/portal\/wp-json\/wp\/v2\/tags?post=55735"}],"curies":[{"name":"wp","href":"https:\/\/api.w.org\/{rel}","templated":true}]}}