{"id":55731,"date":"2023-07-31T06:42:59","date_gmt":"2023-07-31T11:42:59","guid":{"rendered":"http:\/\/losperiodistas.com.mx\/portal\/?p=55731"},"modified":"2023-07-31T06:44:36","modified_gmt":"2023-07-31T11:44:36","slug":"asesinaron-al-empresario-jose-guadalupe-fuentes-en-autopista-del-sol-ebrard-exigio-justicia-infobae","status":"publish","type":"post","link":"https:\/\/losperiodistas.com.mx\/portal\/asesinaron-al-empresario-jose-guadalupe-fuentes-en-autopista-del-sol-ebrard-exigio-justicia-infobae\/","title":{"rendered":"Asesinaron al empresario Jos\u00e9 Guadalupe Fuentes en Autopista del Sol; Ebrard exigi\u00f3 justicia | Infobae"},"content":{"rendered":"\n<h2 class=\"has-medium-font-size wp-block-heading\">El empresario se encontraba con su hijo de 20 a\u00f1os cuando fueron despojados de la camioneta en la que viajaban<\/h2>\n\n\n\n<figure class=\"wp-block-image size-large is-style-default\"><img fetchpriority=\"high\" decoding=\"async\" width=\"1024\" height=\"576\" src=\"https:\/\/losperiodistas.com.mx\/portal\/wp-content\/uploads\/2023\/07\/Captura-de-Pantalla-2023-07-31-a-las-5.38.30-1024x576.jpg\" alt=\"\" class=\"wp-image-55732\" srcset=\"https:\/\/losperiodistas.com.mx\/portal\/wp-content\/uploads\/2023\/07\/Captura-de-Pantalla-2023-07-31-a-las-5.38.30-1024x576.jpg 1024w, https:\/\/losperiodistas.com.mx\/portal\/wp-content\/uploads\/2023\/07\/Captura-de-Pantalla-2023-07-31-a-las-5.38.30-300x169.jpg 300w, https:\/\/losperiodistas.com.mx\/portal\/wp-content\/uploads\/2023\/07\/Captura-de-Pantalla-2023-07-31-a-las-5.38.30-768x432.jpg 768w, https:\/\/losperiodistas.com.mx\/portal\/wp-content\/uploads\/2023\/07\/Captura-de-Pantalla-2023-07-31-a-las-5.38.30-1536x864.jpg 1536w, https:\/\/losperiodistas.com.mx\/portal\/wp-content\/uploads\/2023\/07\/Captura-de-Pantalla-2023-07-31-a-las-5.38.30.jpg 1714w\" sizes=\"(max-width: 1024px) 100vw, 1024px\" \/><figcaption>El empresario y su hijo fueron asesinados, presuntamente, cuando viajaban por el tramo carretero (Twitter)<\/figcaption><\/figure>\n\n\n\n<p class=\"has-vivid-red-color has-text-color has-medium-font-size\"><strong>ISRAEL AGUILAR ESQUIVEL \/ INFOBAE<\/strong><\/p>\n\n\n\n<p>El empresario&nbsp;<strong>Jos\u00e9 Guadalupe Fuentes Brito<\/strong>&nbsp;y su hijo Jos\u00e9 Manuel Fuentes Calvo fueron&nbsp;<strong>asesinados&nbsp;<\/strong>la noche del s\u00e1bado en el estado de&nbsp;<strong>Guerrero<\/strong>. Si bien no se ha dado a conocer informaci\u00f3n oficial, los personajes habr\u00edan sido v\u00edctimas de un asalto en el que fueron despojados de su camioneta. Al respecto,&nbsp;<strong>Marcelo Ebrard Casaub\u00f3n<\/strong>, extitular de la Secretar\u00eda de Relaciones Exteriores (SRE) exigi\u00f3 justicia.<\/p>\n\n\n\n<p>La noticia fue confirmada por el propio aspirante a liderar el Comit\u00e9 de Defensa de la Cuarta Transformaci\u00f3n,&nbsp;<strong>Ebrard Casaub\u00f3n<\/strong>, quien aprovech\u00f3 sus redes sociales para pronunciarse. En su mensaje, lament\u00f3 la muerte del personaje al que catalog\u00f3 como su compa\u00f1ero y exigi\u00f3 a la Fiscal\u00eda del Estado de Guerrero el esclarecimiento de los hechos.<\/p>\n\n\n\n<p>\u201cRecib\u00ed la muy triste noticia del&nbsp;<strong>asesinato&nbsp;<\/strong>de nuestro compa\u00f1ero&nbsp;<strong>Jos\u00e9 Guadalupe Fuentes Brito<\/strong>&nbsp;y su hijo Jos\u00e9 Manuel. Su esposa, quien viajaba con ellos tambi\u00e9n est\u00e1 herida. Demandamos a la Fiscal\u00eda del Estado intervenga de inmediato y este crimen, como todos los dem\u00e1s, sea esclarecido y los responsables llevados ante la justicia\u201d, escribi\u00f3 en su perfil de Twitter @m_ebrard.<img decoding=\"async\" alt=\"Marcelo Ebrard lament\u00f3 el asesinato del empresario (Twitter\/@m_ebrard)\" height=\"156\" width=\"465\" src=\"https:\/\/www.infobae.com\/new-resizer\/txE4hGdzHGiqg-WgSwzloOCYx2I=\/arc-anglerfish-arc2-prod-infobae\/public\/PKYAI3XWTVCNBMCCCPZR3WK63E.JPG\">Marcelo Ebrard lament\u00f3 el asesinato del empresario (Twitter\/@m_ebrard)<\/p>\n\n\n\n<p>De acuerdo con informes policiacos, las dos v\u00edctimas mortales se encontraban a bordo de su veh\u00edculo junto con la esposa del empresario. No obstante, cuando se desplazaban en el kil\u00f3metro 238 de la Autopista del Sol, en el tramo que conecta Chilpancingo, Guerrero, con Cuernavaca, Morelos, a la altura del municipio Eduardo Neri, sufrieron un asalto.<\/p>\n\n\n\n<p class=\"has-cyan-bluish-gray-background-color has-background\"><a href=\"https:\/\/www.infobae.com\/mexico\/2023\/07\/25\/xochitl-galvez-calderon-ebrard-y-mas-reaccionaron-a-la-muerte-de-alejandro-marti\/\" target=\"_blank\" rel=\"noreferrer noopener\">Te puede interesar:<strong>X\u00f3chitl G\u00e1lvez, Calder\u00f3n, Ebrard y m\u00e1s reaccionaron a la muerte de Alejandro Mart\u00ed<\/strong><\/a><\/p>\n\n\n\n<p>Seg\u00fan se dio a conocer, un grupo de hombres armados se acercaron a las v\u00edctimas cuando se encontraban a la altura del retorno de San Judas Tadeo con la finalidad de despojarlos de su camioneta.<\/p>\n\n\n\n<p>Las autoridades dieron cuenta de los hechos cuando, por la ma\u00f1ana del domingo, recibieron un reporte sobre la presencia de dos cad\u00e1veres en la carretera. Al acudir tambi\u00e9n habr\u00edan encontrado a la esposa del empresario, quien fue trasladada en calidad de urgencia a un hospital de la entidad.<img decoding=\"async\" alt=\"(Facebook)\" height=\"199\" width=\"340\" src=\"https:\/\/www.infobae.com\/new-resizer\/rZwW_oUSeFUGfTfzPfiin56XP8s=\/arc-anglerfish-arc2-prod-infobae\/public\/YC2QJ4R5TFH7TCACFUVOTHZDM4.JPG\" srcset=\"https:\/\/www.infobae.com\/new-resizer\/2ckcBJBc9-pJhcJ0esgx4-qsIMo=\/992x606\/filters:format(webp):quality(85)\/cloudfront-us-east-1.images.arcpublishing.com\/infobae\/YC2QJ4R5TFH7TCACFUVOTHZDM4.JPG 992w\">(Facebook)<\/p>\n\n\n\n<p>En tanto, al notificar el fallecimiento del empresario y su hijo de 20 a\u00f1os de edad, peritos de la Fiscal\u00eda General del Estado (<strong>FGE<\/strong>) acudieron al lugar de los hechos para realizar el levantamiento de los cad\u00e1veres, as\u00ed como para comenzar las diligencias correspondientes y la investigaci\u00f3n. Hasta el momento no se ha dado a conocer alg\u00fan pronunciamiento oficial de las autoridades.<\/p>\n\n\n\n<p>Al enterarse de la noticia, familiares y amigos dieron a conocer sus condolencias por medio de las redes sociales. El suceso tuvo especial relevancia entre los usuarios de Facebook en Guerrero, donde radicaban las v\u00edctimas y laboraba el empresario Jos\u00e9 Guadalupe Fuentes Brito.<a href=\"https:\/\/www.infobae.com\/mexico\/2023\/07\/25\/xochitl-galvez-confiesa-que-prefiere-competir-contra-marcelo-ebrard-es-mas-divertido\/\" rel=\"noreferrer noopener\" target=\"_blank\">Te puede interesar:<strong>X\u00f3chitl G\u00e1lvez confiesa que prefiere competir contra Marcelo Ebrard: \u201cEs m\u00e1s divertido\u201d<\/strong><\/a><\/p>\n\n\n\n<p>\u201cLamento, condeno y sufro por el cruel atentado contra mi primo Jos\u00e9 Guadalupe Fuentes Brito e Hijo Jos\u00e9 Manuel Fuentes Calvo, a quienes la maldad les corta sus alas de vivir, trabajar y triunfar como lo ven\u00edan haciendo de manera honesta\u201d, escribi\u00f3 Daniel Morales.<img loading=\"lazy\" decoding=\"async\" alt=\"(Facebook)\" height=\"177\" width=\"352\" src=\"https:\/\/www.infobae.com\/new-resizer\/TmrwUDJQv07B01tAPusk_1Yjaec=\/arc-anglerfish-arc2-prod-infobae\/public\/BXSYA2EHYNGFFIKOVCLYXCKNZQ.JPG\" srcset=\"https:\/\/www.infobae.com\/new-resizer\/ELsM2Hwt_WU9lpVHtonRHSsgZvw=\/420x236\/filters:format(webp):quality(85)\/cloudfront-us-east-1.images.arcpublishing.com\/infobae\/BXSYA2EHYNGFFIKOVCLYXCKNZQ.JPG 420w,https:\/\/www.infobae.com\/new-resizer\/DmpSoo4C-xpRJM8vkXjSF-on91k=\/768x432\/filters:format(webp):quality(85)\/cloudfront-us-east-1.images.arcpublishing.com\/infobae\/BXSYA2EHYNGFFIKOVCLYXCKNZQ.JPG 768w,https:\/\/www.infobae.com\/new-resizer\/mSwvr9Ibnr3xEKOLQCDd2zkJUug=\/992x558\/filters:format(webp):quality(85)\/cloudfront-us-east-1.images.arcpublishing.com\/infobae\/BXSYA2EHYNGFFIKOVCLYXCKNZQ.JPG 992w,https:\/\/www.infobae.com\/new-resizer\/g62urfJv1-pPha2h7hNWxjkxzes=\/1200x675\/filters:format(webp):quality(85)\/cloudfront-us-east-1.images.arcpublishing.com\/infobae\/BXSYA2EHYNGFFIKOVCLYXCKNZQ.JPG 1200w,https:\/\/www.infobae.com\/new-resizer\/BBR3vEsBFrt3Ze2J-5-qUpqKsyo=\/1440x810\/filters:format(webp):quality(85)\/cloudfront-us-east-1.images.arcpublishing.com\/infobae\/BXSYA2EHYNGFFIKOVCLYXCKNZQ.JPG 1440w\">(Facebook)<\/p>\n\n\n\n<p>\u201cMis sinceras condolencias a la Familia Fuentes Brito y Fuentes Calvo por el sensible fallecimiento de mi querido amigo Jos\u00e9 Guadalupe Fuentes Brito y su hijo Jos\u00e9 Manuel Fuentes Calvo, qu\u00e9 Dios les de la fortaleza y la paz que necesitan en estos momentos\u201d, escribi\u00f3 Ricardo Moreno Arcos.<\/p>\n\n\n\n<p>\u201cMi estimado amigo. Siento mucho lo que sucedi\u00f3 a su familia. Dios reciba en Santa Gloria a usted y a su adorable hijo. Es una noticia repudiable. Nuestra familia lo m\u00e1s sagrado y los delincuentes nos la arrebatan. Justicia para la familia Fuentes Calvo\u201d, escribi\u00f3 Juan Flores.<\/p>\n\n\n\n<p>\u201cEstoy profundamente triste por la p\u00e9rdida de mi cu\u00f1ado Jos\u00e9 Guadalupe Fuentes Brito y mi joma Jos\u00e9 Manuel Fuentes. Que Dios los tenga en su gloria, siempre vivir\u00e1n en nuestros corazones hasta pronto. Que en paz descansen\u201d, escribi\u00f3 Julio C\u00e9sar Calvo Alarc\u00f3n.<\/p>\n\n\n\n<p>Fuente: <a href=\"https:\/\/www.infobae.com\/mexico\/2023\/07\/30\/asesinaron-al-empresario-jose-guadalupe-fuentes-en-autopista-del-sol-ebrard-exigio-justicia\/\">https:\/\/www.infobae.com\/mexico\/2023\/07\/30\/asesinaron-al-empresario-jose-guadalupe-fuentes-en-autopista-del-sol-ebrard-exigio-justicia\/<\/a><\/p>\n","protected":false},"excerpt":{"rendered":"<p>El empresario se encontraba con su hijo de 20 a\u00f1os cuando fueron despojados de la camioneta en la que viajaban [&hellip;]<\/p>\n","protected":false},"author":1,"featured_media":55732,"comment_status":"open","ping_status":"open","sticky":false,"template":"","format":"standard","meta":{"site-sidebar-layout":"default","site-content-layout":"","ast-site-content-layout":"default","site-content-style":"default","site-sidebar-style":"default","ast-global-header-display":"","ast-banner-title-visibility":"","ast-main-header-display":"","ast-hfb-above-header-display":"","ast-hfb-below-header-display":"","ast-hfb-mobile-header-display":"","site-post-title":"","ast-breadcrumbs-content":"","ast-featured-img":"","footer-sml-layout":"","theme-transparent-header-meta":"","adv-header-id-meta":"","stick-header-meta":"","header-above-stick-meta":"","header-main-stick-meta":"","header-below-stick-meta":"","astra-migrate-meta-layouts":"default","ast-page-background-enabled":"default","ast-page-background-meta":{"desktop":{"background-color":"var(--ast-global-color-4)","background-image":"","background-repeat":"repeat","background-position":"center center","background-size":"auto","background-attachment":"scroll","background-type":"","background-media":"","overlay-type":"","overlay-color":"","overlay-opacity":"","overlay-gradient":""},"tablet":{"background-color":"","background-image":"","background-repeat":"repeat","background-position":"center center","background-size":"auto","background-attachment":"scroll","background-type":"","background-media":"","overlay-type":"","overlay-color":"","overlay-opacity":"","overlay-gradient":""},"mobile":{"background-color":"","background-image":"","background-repeat":"repeat","background-position":"center center","background-size":"auto","background-attachment":"scroll","background-type":"","background-media":"","overlay-type":"","overlay-color":"","overlay-opacity":"","overlay-gradient":""}},"ast-content-background-meta":{"desktop":{"background-color":"var(--ast-global-color-5)","background-image":"","background-repeat":"repeat","background-position":"center center","background-size":"auto","background-attachment":"scroll","background-type":"","background-media":"","overlay-type":"","overlay-color":"","overlay-opacity":"","overlay-gradient":""},"tablet":{"background-color":"var(--ast-global-color-5)","background-image":"","background-repeat":"repeat","background-position":"center center","background-size":"auto","background-attachment":"scroll","background-type":"","background-media":"","overlay-type":"","overlay-color":"","overlay-opacity":"","overlay-gradient":""},"mobile":{"background-color":"var(--ast-global-color-5)","background-image":"","background-repeat":"repeat","background-position":"center center","background-size":"auto","background-attachment":"scroll","background-type":"","background-media":"","overlay-type":"","overlay-color":"","overlay-opacity":"","overlay-gradient":""}},"footnotes":""},"categories":[8],"tags":[17696,17342,17697,17698],"class_list":["post-55731","post","type-post","status-publish","format-standard","has-post-thumbnail","hentry","category-noticias","tag-asesinatos-asaltos","tag-autopista-del-sol","tag-estado-de-guerrero","tag-jose-guadalupe-fuentes"],"_links":{"self":[{"href":"https:\/\/losperiodistas.com.mx\/portal\/wp-json\/wp\/v2\/posts\/55731","targetHints":{"allow":["GET"]}}],"collection":[{"href":"https:\/\/losperiodistas.com.mx\/portal\/wp-json\/wp\/v2\/posts"}],"about":[{"href":"https:\/\/losperiodistas.com.mx\/portal\/wp-json\/wp\/v2\/types\/post"}],"author":[{"embeddable":true,"href":"https:\/\/losperiodistas.com.mx\/portal\/wp-json\/wp\/v2\/users\/1"}],"replies":[{"embeddable":true,"href":"https:\/\/losperiodistas.com.mx\/portal\/wp-json\/wp\/v2\/comments?post=55731"}],"version-history":[{"count":2,"href":"https:\/\/losperiodistas.com.mx\/portal\/wp-json\/wp\/v2\/posts\/55731\/revisions"}],"predecessor-version":[{"id":55734,"href":"https:\/\/losperiodistas.com.mx\/portal\/wp-json\/wp\/v2\/posts\/55731\/revisions\/55734"}],"wp:featuredmedia":[{"embeddable":true,"href":"https:\/\/losperiodistas.com.mx\/portal\/wp-json\/wp\/v2\/media\/55732"}],"wp:attachment":[{"href":"https:\/\/losperiodistas.com.mx\/portal\/wp-json\/wp\/v2\/media?parent=55731"}],"wp:term":[{"taxonomy":"category","embeddable":true,"href":"https:\/\/losperiodistas.com.mx\/portal\/wp-json\/wp\/v2\/categories?post=55731"},{"taxonomy":"post_tag","embeddable":true,"href":"https:\/\/losperiodistas.com.mx\/portal\/wp-json\/wp\/v2\/tags?post=55731"}],"curies":[{"name":"wp","href":"https:\/\/api.w.org\/{rel}","templated":true}]}}