{"id":55708,"date":"2023-07-30T13:45:51","date_gmt":"2023-07-30T18:45:51","guid":{"rendered":"http:\/\/losperiodistas.com.mx\/portal\/?p=55708"},"modified":"2023-07-30T13:45:53","modified_gmt":"2023-07-30T18:45:53","slug":"una-herida-abierta-y-dolorosa-dlf","status":"publish","type":"post","link":"https:\/\/losperiodistas.com.mx\/portal\/una-herida-abierta-y-dolorosa-dlf\/","title":{"rendered":"Una herida abierta y dolorosa | DLF"},"content":{"rendered":"\n<figure class=\"wp-block-image size-large is-style-default\"><img fetchpriority=\"high\" decoding=\"async\" width=\"1024\" height=\"683\" src=\"https:\/\/losperiodistas.com.mx\/portal\/wp-content\/uploads\/2023\/07\/Basta-Trata-Personas-1024x683.jpg\" alt=\"\" class=\"wp-image-55709\" srcset=\"https:\/\/losperiodistas.com.mx\/portal\/wp-content\/uploads\/2023\/07\/Basta-Trata-Personas-1024x683.jpg 1024w, https:\/\/losperiodistas.com.mx\/portal\/wp-content\/uploads\/2023\/07\/Basta-Trata-Personas-300x200.jpg 300w, https:\/\/losperiodistas.com.mx\/portal\/wp-content\/uploads\/2023\/07\/Basta-Trata-Personas-768x512.jpg 768w, https:\/\/losperiodistas.com.mx\/portal\/wp-content\/uploads\/2023\/07\/Basta-Trata-Personas.jpg 1200w\" sizes=\"(max-width: 1024px) 100vw, 1024px\" \/><figcaption>La trata de personas es una plaga a la que el Papa Francisco ha calificado como una herida abierta en el cuerpo de Cristo. Foto Especial.<\/figcaption><\/figure>\n\n\n\n<p class=\"has-vivid-red-color has-text-color has-medium-font-size\"><strong>EDITORIAL \/ DESDE LA FE<\/strong><\/p>\n\n\n\n<p><strong>La trata de personas es una plaga que lamentablemente no se ha podido erradicar<\/strong>, que sigue afectando y denigrando a miles de personas que son arrancadas de sus hogares y de sus familias, para ser explotadas por grandes mafias que las ven como una mercanc\u00eda.<br>\u00a0<br>El\u00a0<a href=\"https:\/\/www.vatican.va\/content\/francesco\/es.html\" target=\"_blank\" rel=\"noreferrer noopener\">Papa Francisco<\/a>\u00a0ha se\u00f1alado lo grave que es este delito al que ha calificado como\u00a0<strong>una herida abierta en el cuerpo de Cristo y en el cuerpo de la humanidad entera<\/strong>. Es una herida profunda que nos concierne atender a cada uno de nosotros, en la medida de nuestras posibilidades y desde nuestros \u00e1mbitos de competencia.<br>\u00a0<br>De acuerdo con el \u201cInforme Mundial sobre Trata de Personas 2022\u201d, realizado por la\u00a0<a href=\"https:\/\/www.unaids.org\/es\/aboutunaids\/unaidscosponsors\/unodc#:~:text=La%20Oficina%20de%20las%20Naciones,se%20han%20convertido%20en%20las\" target=\"_blank\" rel=\"noreferrer noopener\">Oficina de la Organizaci\u00f3n de las Naciones Unidas contra la Droga y el Delito<\/a>,\u00a0<strong>en M\u00e9xico la cifra de v\u00edctimas de trata se increment\u00f3 un 67.3% 2020 a 2021<\/strong>.<br>\u00a0<br>Dicho estudio detall\u00f3 que dentro de las diversas modalidades de este delito\u00a0<strong>aument\u00f3 la relacionada con los fines de explotaci\u00f3n sexual, en un 32.8%<\/strong>, en tanto que la de la mendicidad forzada se increment\u00f3 en un 47% y la del trabajo forzado un 175.3%.<\/p>\n\n\n\n<p class=\"has-white-background-color has-background\"><br><br>Te podr\u00eda interesar:\u00a0<a href=\"https:\/\/desdelafe.mx\/noticias\/la-voz-del-papa\/trata-de-personas-una-herida-abierta-en-el-cuerpo-de-cristo-dice-el-papa\/\">Trata de personas, \u2018herida abierta en el cuerpo de Cristo\u2019, dice el Papa<\/a><br>\u00a0<br>A estas cifras se suma el desconocer aquellos casos que siguen ocultos y no son denunciados. Son miles de seres humanos que adem\u00e1s de padecer un grave sufrimiento f\u00edsico y moral,\u00a0<strong>tambi\u00e9n experimentan un decaimiento en su fortaleza espiritual al sentirse olvidados<\/strong>.<br>\u00a0<br>Es fundamental que todos sumemos esfuerzos para enfrentar este grave delito y acabar con esos grupos delictivos que siguen operando con toda impunidad. Por ello,\u00a0<strong>como cristianos debemos actuar firmemente<\/strong>\u00a0y, en caso de tener conocimiento de un delito de esta naturaleza, lo denunciemos ante las autoridades correspondientes.<br>\u00a0<br>La trata de seres humanos no solo desfigura la dignidad de las personas que la sufren, sino que la explotaci\u00f3n y\u00a0<strong>el sometimiento que viven las convierte en objetos de usar y tirar<\/strong>.<a href=\"https:\/\/vidverto.io\/\" target=\"_blank\" rel=\"noreferrer noopener\"><\/a><\/p>\n\n\n\n<p class=\"has-white-background-color has-background\">Te podr\u00eda interesar:\u00a0<a href=\"https:\/\/desdelafe.mx\/opinion-y-blogs\/columna-invitada\/acompanamiento-cuidado-y-atencion-contra-la-trata-de-personas\/\">Acompa\u00f1amiento, cuidado y atenci\u00f3n contra la trata de personas<\/a><br>\u00a0<br>Hagamos un frente com\u00fan con las autoridades y sumemos esfuerzos para contener el avance de este delito que lacera a nuestra sociedad.\u00a0<strong>Como hijos de Dios recordemos que si uno de nuestros hermanos sufre, todos padecemos su dolor y su sufrimiento<\/strong>.<br>\u00a0<br>En este d\u00eda que se conmemora el D\u00eda Internacional contra la Trata de Personas, es fundamental que elevemos nuestras oraciones por quienes sufren esta explotaci\u00f3n y\u00a0<strong>pidamos la intersecci\u00f3n de nuestra Sant\u00edsima Madre Mar\u00eda de Guadalupe para que sean liberadas de su confinamiento y puedan regresar con sus familias<\/strong>.<\/p>\n\n\n\n<p>Fuente: <a href=\"https:\/\/desdelafe.mx\/editorial\/una-herida-abierta-y-dolorosa\/\">https:\/\/desdelafe.mx\/editorial\/una-herida-abierta-y-dolorosa\/<\/a><\/p>\n\n\n\n<p><\/p>\n","protected":false},"excerpt":{"rendered":"<p>EDITORIAL \/ DESDE LA FE La trata de personas es una plaga que lamentablemente no se ha podido erradicar, que [&hellip;]<\/p>\n","protected":false},"author":1,"featured_media":55709,"comment_status":"open","ping_status":"open","sticky":false,"template":"","format":"standard","meta":{"site-sidebar-layout":"default","site-content-layout":"","ast-site-content-layout":"default","site-content-style":"default","site-sidebar-style":"default","ast-global-header-display":"","ast-banner-title-visibility":"","ast-main-header-display":"","ast-hfb-above-header-display":"","ast-hfb-below-header-display":"","ast-hfb-mobile-header-display":"","site-post-title":"","ast-breadcrumbs-content":"","ast-featured-img":"","footer-sml-layout":"","theme-transparent-header-meta":"","adv-header-id-meta":"","stick-header-meta":"","header-above-stick-meta":"","header-main-stick-meta":"","header-below-stick-meta":"","astra-migrate-meta-layouts":"default","ast-page-background-enabled":"default","ast-page-background-meta":{"desktop":{"background-color":"var(--ast-global-color-4)","background-image":"","background-repeat":"repeat","background-position":"center center","background-size":"auto","background-attachment":"scroll","background-type":"","background-media":"","overlay-type":"","overlay-color":"","overlay-opacity":"","overlay-gradient":""},"tablet":{"background-color":"","background-image":"","background-repeat":"repeat","background-position":"center center","background-size":"auto","background-attachment":"scroll","background-type":"","background-media":"","overlay-type":"","overlay-color":"","overlay-opacity":"","overlay-gradient":""},"mobile":{"background-color":"","background-image":"","background-repeat":"repeat","background-position":"center center","background-size":"auto","background-attachment":"scroll","background-type":"","background-media":"","overlay-type":"","overlay-color":"","overlay-opacity":"","overlay-gradient":""}},"ast-content-background-meta":{"desktop":{"background-color":"var(--ast-global-color-5)","background-image":"","background-repeat":"repeat","background-position":"center center","background-size":"auto","background-attachment":"scroll","background-type":"","background-media":"","overlay-type":"","overlay-color":"","overlay-opacity":"","overlay-gradient":""},"tablet":{"background-color":"var(--ast-global-color-5)","background-image":"","background-repeat":"repeat","background-position":"center center","background-size":"auto","background-attachment":"scroll","background-type":"","background-media":"","overlay-type":"","overlay-color":"","overlay-opacity":"","overlay-gradient":""},"mobile":{"background-color":"var(--ast-global-color-5)","background-image":"","background-repeat":"repeat","background-position":"center center","background-size":"auto","background-attachment":"scroll","background-type":"","background-media":"","overlay-type":"","overlay-color":"","overlay-opacity":"","overlay-gradient":""}},"footnotes":""},"categories":[8],"tags":[17693,2909],"class_list":["post-55708","post","type-post","status-publish","format-standard","has-post-thumbnail","hentry","category-noticias","tag-editorial-desde-la-fe","tag-trata-de-personas"],"_links":{"self":[{"href":"https:\/\/losperiodistas.com.mx\/portal\/wp-json\/wp\/v2\/posts\/55708","targetHints":{"allow":["GET"]}}],"collection":[{"href":"https:\/\/losperiodistas.com.mx\/portal\/wp-json\/wp\/v2\/posts"}],"about":[{"href":"https:\/\/losperiodistas.com.mx\/portal\/wp-json\/wp\/v2\/types\/post"}],"author":[{"embeddable":true,"href":"https:\/\/losperiodistas.com.mx\/portal\/wp-json\/wp\/v2\/users\/1"}],"replies":[{"embeddable":true,"href":"https:\/\/losperiodistas.com.mx\/portal\/wp-json\/wp\/v2\/comments?post=55708"}],"version-history":[{"count":1,"href":"https:\/\/losperiodistas.com.mx\/portal\/wp-json\/wp\/v2\/posts\/55708\/revisions"}],"predecessor-version":[{"id":55710,"href":"https:\/\/losperiodistas.com.mx\/portal\/wp-json\/wp\/v2\/posts\/55708\/revisions\/55710"}],"wp:featuredmedia":[{"embeddable":true,"href":"https:\/\/losperiodistas.com.mx\/portal\/wp-json\/wp\/v2\/media\/55709"}],"wp:attachment":[{"href":"https:\/\/losperiodistas.com.mx\/portal\/wp-json\/wp\/v2\/media?parent=55708"}],"wp:term":[{"taxonomy":"category","embeddable":true,"href":"https:\/\/losperiodistas.com.mx\/portal\/wp-json\/wp\/v2\/categories?post=55708"},{"taxonomy":"post_tag","embeddable":true,"href":"https:\/\/losperiodistas.com.mx\/portal\/wp-json\/wp\/v2\/tags?post=55708"}],"curies":[{"name":"wp","href":"https:\/\/api.w.org\/{rel}","templated":true}]}}