{"id":55705,"date":"2023-07-30T13:10:09","date_gmt":"2023-07-30T18:10:09","guid":{"rendered":"http:\/\/losperiodistas.com.mx\/portal\/?p=55705"},"modified":"2023-07-30T13:10:11","modified_gmt":"2023-07-30T18:10:11","slug":"el-factor-humano","status":"publish","type":"post","link":"https:\/\/losperiodistas.com.mx\/portal\/el-factor-humano\/","title":{"rendered":"El factor humano"},"content":{"rendered":"\n<p class=\"has-medium-font-size\">#PorSoleares | <em>Contendientes por candidatura de Morena deb\u00edan granjearse a C\u00e9spedes, fiel de la balanza<\/em><\/p>\n\n\n\n<figure class=\"wp-block-embed is-type-video is-provider-youtube wp-block-embed-youtube wp-embed-aspect-16-9 wp-has-aspect-ratio\"><div class=\"wp-block-embed__wrapper\">\n<iframe title=\"El factor humano | julio 30 2023   HD 720p\" width=\"500\" height=\"281\" src=\"https:\/\/www.youtube.com\/embed\/jKBFss_-n9M?feature=oembed\" frameborder=\"0\" allow=\"accelerometer; autoplay; clipboard-write; encrypted-media; gyroscope; picture-in-picture; web-share\" referrerpolicy=\"strict-origin-when-cross-origin\" allowfullscreen><\/iframe>\n<\/div><\/figure>\n\n\n\n<p><\/p>\n\n\n\n<p><\/p>\n\n\n\n<p class=\"has-vivid-red-color has-text-color\" style=\"font-size:26px\"><strong><em>Por Jes\u00fas Manuel Hern\u00e1nez<\/em><\/strong><\/p>\n\n\n\n<p>Voces de intrigas, hechos enraizados en ultratumba, topos, esp\u00edas, agentes dobles, cobro de favores, polvos de viejos lodos y un matiz de humanismo y buenos deseos,&nbsp;<strong>todo eso y m\u00e1s estamos viviendo en Puebla<\/strong>&nbsp;ante la desesperada sucesi\u00f3n gubernamental.<\/p>\n\n\n\n<p>Un repaso por las noticias y aportaciones de las redes sociales tan socorridas por los aspirantes permiten adivinar que&nbsp;<strong>el factor humano est\u00e1 siendo despreciado<\/strong>&nbsp;por los pronosticadores del futuro y los impulsores de presuntas candidaturas.<\/p>\n\n\n\n<p><strong>Graham Green<\/strong>, escritor y novelista brit\u00e1nico, se especializ\u00f3 en asuntos del espionaje de la Guerra Fr\u00eda en un \u00e1mbito psicol\u00f3gico y con tinte y flema brit\u00e1nicos. Una de sus novelas&nbsp;<strong>\u201cEl Factor Humano\u201d<\/strong>&nbsp;revela la seducci\u00f3n a un agente burocratizado del MI6 favorecido por una conexi\u00f3n sovi\u00e9tica para sacar a su mujer y un hijo de Sud\u00e1frica, al cabo de los a\u00f1os le cobran el favor y se ve obligado a ayudar a los comunistas de la \u00e9poca.<\/p>\n\n\n\n<p>Un t\u00edpico caso de&nbsp;<strong>\u201cdoble agente\u201d<\/strong>&nbsp;que bien&nbsp;<strong>pudiera tener personifcaci\u00f3n<\/strong>&nbsp;en algunos de los grupos&nbsp;<strong>en el entorno a los aspirantes<\/strong>&nbsp;a gobernar Puebla, y no es un asunto de traici\u00f3n, m\u00e1s bien de cobro de viejas facturas, algunas guardadas en el caj\u00f3n y otras puestas a disposici\u00f3n de quienes quieran ventilarlas con tal de \u201cbajar\u201d al enemigo.<\/p>\n\n\n\n<p>De pronto aparecen videos de ultratumba contra&nbsp;<strong>\u201cMorenacho\u201d<\/strong>, lo mismo contra su primo, en un af\u00e1n por bajarse el uno al otro de la contienda.<\/p>\n\n\n\n<p>Los ojos de los poblanos est\u00e1n m\u00e1s influenciados por los&nbsp;<strong>\u201cjuicios de valor\u201d<\/strong>&nbsp;que por la investigaci\u00f3n de fondo y el conocimiento de los hechos reales y la medici\u00f3n de las fuerzas.<\/p>\n\n\n\n<p>Y con esas versiones crecen los opinadores que aseguran que el presidente, AMLO, influir\u00e1 en las decisiones y&nbsp;<strong>apaciguar\u00e1 a todos con un manotazo sobre la mesa<\/strong>, a los perdedores les pedir\u00e1 sumar con \u201cla\u201d o \u201cel\u201d elegido y habr\u00e1 intercambio de cartas, soluciones m\u00e1gicas para mantener la unidad, la calma y garantizar la permanencia de la 4T.<\/p>\n\n\n\n<p>Muchos, en este sentido, coinciden en que lo que&nbsp;<strong>se prepara es un fuerte golpe contra los grupos establecidos en el poder<\/strong>&nbsp;econ\u00f3mico y pol\u00edtico del Estado de Puebla, asunto que explica c\u00f3mo hace seis a\u00f1os, esos mismos estaban en otra militancia, hace 12, en otra m\u00e1s y hace 18 en una m\u00e1s.<\/p>\n\n\n\n<p>Dec\u00eda Graham Green&nbsp;<strong><em>\u201cNunca convencer\u00e1s a un rat\u00f3n de que un gato negro trae buena suerte\u201d<\/em><\/strong>, y el sentido de esa frase va taladrando los o\u00eddos, el cerebro e influye en el razonamiento de quienes opinan y analisan, y entonces, por arte de magia, quiz\u00e1 negra, se abre un espacio a considerar que ante el brutal enfrentamiento de quienes quieren mantener al establishment en el poder, sea con quien sea, se podr\u00eda abrir por deseo presidencial, AMLO,&nbsp;<strong>una tercera v\u00eda<\/strong>&nbsp;y dar paso a&nbsp;<strong>evidenciar \u201cel factor humano\u201d<\/strong>; simplemente un tercero en discordia.<\/p>\n\n\n\n<p>Quiz\u00e1 por eso Claudia Rivera no ha dejado de recorrer el estado, quiz\u00e1 por eso mismo Rodrigo Abdala ha revelado sus deseos, quiz\u00e1 por eso los esp\u00edas, los topos, comienzan a cambiar de trincheras o a mandar mensajes para no quedar fuera de los privilegios.<\/p>\n\n\n\n<p>Quiz\u00e1 tambi\u00e9n, esta reflexi\u00f3n sea una \u201cmafufada\u201d. Pero a fin de cuentas, se observa que Ricardo Monreal tiene una apuesta cruzada para quedarse en el gobierno de la Ciudad de M\u00e9xico y hacer pareja con Armenta en Puebla; Ad\u00e1n Augusto, negociar\u00eda una posici\u00f3n en el gabinete, en el Movimiento o en alguna posici\u00f3n privilegiada del Poder Legislativo, y con un amigo gobernando Puebla; quiz\u00e1 por eso Sheinbaum no ha dejado de tener acercamiento con Puebla a trav\u00e9s de los conductos institucionales, l\u00e9ase Julio.<\/p>\n\n\n\n<p>Quiz\u00e1 por eso mismo la figura del gobernador C\u00e9spedes Peregrina empieza a cobrar relevancia, interesantemente, para convertirse en el&nbsp;<strong>\u201cfiel de la balanza\u201d de la sucesi\u00f3n dentro y fuera de Morena<\/strong>.<\/p>\n\n\n\n<p>Quiz\u00e1 por eso los aspirantes, adem\u00e1s de recorrer la entidad, desayunar, comer y cenar con grupos de poder, regalar arbolitos, presentar libros y montar&nbsp; a caballo, deb\u00edan granjearse la simpat\u00eda del Gobernador C\u00e9spedes.<\/p>\n\n\n\n<p>Al fin y al cabo nadie puede, o debe, despreciar la fuerza del Estado.<\/p>\n\n\n\n<p>O por lo menos, as\u00ed me lo parece.<\/p>\n\n\n\n<p>losperiodistas.com.mx@gmail.com<\/p>\n","protected":false},"excerpt":{"rendered":"<p>#PorSoleares | Contendientes por candidatura de Morena deb\u00edan granjearse a C\u00e9spedes, fiel de la balanza Por Jes\u00fas Manuel Hern\u00e1nez Voces [&hellip;]<\/p>\n","protected":false},"author":1,"featured_media":55706,"comment_status":"open","ping_status":"open","sticky":false,"template":"","format":"standard","meta":{"site-sidebar-layout":"default","site-content-layout":"","ast-site-content-layout":"default","site-content-style":"default","site-sidebar-style":"default","ast-global-header-display":"","ast-banner-title-visibility":"","ast-main-header-display":"","ast-hfb-above-header-display":"","ast-hfb-below-header-display":"","ast-hfb-mobile-header-display":"","site-post-title":"","ast-breadcrumbs-content":"","ast-featured-img":"","footer-sml-layout":"","theme-transparent-header-meta":"","adv-header-id-meta":"","stick-header-meta":"","header-above-stick-meta":"","header-main-stick-meta":"","header-below-stick-meta":"","astra-migrate-meta-layouts":"default","ast-page-background-enabled":"default","ast-page-background-meta":{"desktop":{"background-color":"var(--ast-global-color-4)","background-image":"","background-repeat":"repeat","background-position":"center center","background-size":"auto","background-attachment":"scroll","background-type":"","background-media":"","overlay-type":"","overlay-color":"","overlay-opacity":"","overlay-gradient":""},"tablet":{"background-color":"","background-image":"","background-repeat":"repeat","background-position":"center center","background-size":"auto","background-attachment":"scroll","background-type":"","background-media":"","overlay-type":"","overlay-color":"","overlay-opacity":"","overlay-gradient":""},"mobile":{"background-color":"","background-image":"","background-repeat":"repeat","background-position":"center center","background-size":"auto","background-attachment":"scroll","background-type":"","background-media":"","overlay-type":"","overlay-color":"","overlay-opacity":"","overlay-gradient":""}},"ast-content-background-meta":{"desktop":{"background-color":"var(--ast-global-color-5)","background-image":"","background-repeat":"repeat","background-position":"center center","background-size":"auto","background-attachment":"scroll","background-type":"","background-media":"","overlay-type":"","overlay-color":"","overlay-opacity":"","overlay-gradient":""},"tablet":{"background-color":"var(--ast-global-color-5)","background-image":"","background-repeat":"repeat","background-position":"center center","background-size":"auto","background-attachment":"scroll","background-type":"","background-media":"","overlay-type":"","overlay-color":"","overlay-opacity":"","overlay-gradient":""},"mobile":{"background-color":"var(--ast-global-color-5)","background-image":"","background-repeat":"repeat","background-position":"center center","background-size":"auto","background-attachment":"scroll","background-type":"","background-media":"","overlay-type":"","overlay-color":"","overlay-opacity":"","overlay-gradient":""}},"footnotes":""},"categories":[8,5],"tags":[17692,1285,3873,725,13875],"class_list":["post-55705","post","type-post","status-publish","format-standard","has-post-thumbnail","hentry","category-noticias","category-por-soleares","tag-alejandro-armenta-rodrigo-abdala","tag-claudia-rivera","tag-ignacio-mier","tag-morena-puebla","tag-sergio-salomon-cespedes"],"_links":{"self":[{"href":"https:\/\/losperiodistas.com.mx\/portal\/wp-json\/wp\/v2\/posts\/55705","targetHints":{"allow":["GET"]}}],"collection":[{"href":"https:\/\/losperiodistas.com.mx\/portal\/wp-json\/wp\/v2\/posts"}],"about":[{"href":"https:\/\/losperiodistas.com.mx\/portal\/wp-json\/wp\/v2\/types\/post"}],"author":[{"embeddable":true,"href":"https:\/\/losperiodistas.com.mx\/portal\/wp-json\/wp\/v2\/users\/1"}],"replies":[{"embeddable":true,"href":"https:\/\/losperiodistas.com.mx\/portal\/wp-json\/wp\/v2\/comments?post=55705"}],"version-history":[{"count":1,"href":"https:\/\/losperiodistas.com.mx\/portal\/wp-json\/wp\/v2\/posts\/55705\/revisions"}],"predecessor-version":[{"id":55707,"href":"https:\/\/losperiodistas.com.mx\/portal\/wp-json\/wp\/v2\/posts\/55705\/revisions\/55707"}],"wp:featuredmedia":[{"embeddable":true,"href":"https:\/\/losperiodistas.com.mx\/portal\/wp-json\/wp\/v2\/media\/55706"}],"wp:attachment":[{"href":"https:\/\/losperiodistas.com.mx\/portal\/wp-json\/wp\/v2\/media?parent=55705"}],"wp:term":[{"taxonomy":"category","embeddable":true,"href":"https:\/\/losperiodistas.com.mx\/portal\/wp-json\/wp\/v2\/categories?post=55705"},{"taxonomy":"post_tag","embeddable":true,"href":"https:\/\/losperiodistas.com.mx\/portal\/wp-json\/wp\/v2\/tags?post=55705"}],"curies":[{"name":"wp","href":"https:\/\/api.w.org\/{rel}","templated":true}]}}