{"id":55702,"date":"2023-07-30T12:23:21","date_gmt":"2023-07-30T17:23:21","guid":{"rendered":"http:\/\/losperiodistas.com.mx\/portal\/?p=55702"},"modified":"2023-07-30T12:23:23","modified_gmt":"2023-07-30T17:23:23","slug":"ayotzinapa-ejercito-en-el-centro-del-debate-giei-se-va-entre-criticas-la-silla-rota","status":"publish","type":"post","link":"https:\/\/losperiodistas.com.mx\/portal\/ayotzinapa-ejercito-en-el-centro-del-debate-giei-se-va-entre-criticas-la-silla-rota\/","title":{"rendered":"Ayotzinapa: Ej\u00e9rcito en el centro del debate; GIEI se va entre cr\u00edticas | La Silla Rota"},"content":{"rendered":"\n<h2 class=\"has-light-green-cyan-background-color has-background has-medium-font-size wp-block-heading\">El informe del Grupo Interdisciplinario de Expertos Independientes (GIEI) sobre el caso Ayotzinapa se\u00f1ala que el Ej\u00e9rcito constituy\u00f3 una obstrucci\u00f3n a la justicia e incurri\u00f3 en contradicciones, faltas a la verdad y negativa de proporcionar informaci\u00f3n<\/h2>\n\n\n\n<figure class=\"wp-block-image size-full is-style-default\"><img fetchpriority=\"high\" decoding=\"async\" width=\"960\" height=\"540\" src=\"https:\/\/losperiodistas.com.mx\/portal\/wp-content\/uploads\/2023\/07\/f960x540-470575_544650_8.jpeg\" alt=\"\" class=\"wp-image-55703\" srcset=\"https:\/\/losperiodistas.com.mx\/portal\/wp-content\/uploads\/2023\/07\/f960x540-470575_544650_8.jpeg 960w, https:\/\/losperiodistas.com.mx\/portal\/wp-content\/uploads\/2023\/07\/f960x540-470575_544650_8-300x169.jpeg 300w, https:\/\/losperiodistas.com.mx\/portal\/wp-content\/uploads\/2023\/07\/f960x540-470575_544650_8-768x432.jpeg 768w\" sizes=\"(max-width: 960px) 100vw, 960px\" \/><figcaption>Mentiras, colusi\u00f3n con el narco y bloqueo informativo de SedenaCr\u00e9ditos: Especial<\/figcaption><\/figure>\n\n\n\n<p class=\"has-vivid-red-color has-text-color has-medium-font-size\"><strong>IGNACIO ALZAGA \/ ARTURO JIM\u00c9NEZ \/ LA SILLA ROTA<\/strong><\/p>\n\n\n\n<p>ntegrantes del gabinete del entonces presidente&nbsp;<strong>Enrique Pe\u00f1a Nieto<\/strong>&nbsp;le sugirieron que accediera a la petici\u00f3n del&nbsp;<strong>Grupo Interdisciplinario de Expertos Independientes (GIEI)<\/strong>&nbsp;para que \u00e9stos pudieran<strong>&nbsp;interrogar a militares<\/strong>&nbsp;involucrados en la desaparici\u00f3n de los&nbsp;<strong>43 normalistas de Ayotzinapa<\/strong>&nbsp;la noche del 26 de septiembre de 2014 en Iguala, Guerrero. El presidente&nbsp;<strong>Pe\u00f1a&nbsp;<\/strong>le dijo a su secretario de la Defensa Nacional, Salvador Cienfuegos, que estaba ese planteamiento. El titular de la Sedena le revir\u00f3 que \u00e9l no estaba de acuerdo, porque el ej\u00e9rcito representa la defensa de la soberan\u00eda de un pa\u00eds y que acceder o permitir que extranjeros pudieran interrogar a militares era vulnerar esa figura; sin embargo, le ataj\u00f3 si \u00e9l se lo ordenaba como comandante supremo de las Fuerzas Armadas, \u00e9l acceder\u00eda sin dudarlo, pero que en ese momento tendr\u00eda su renuncia a la cartera de la&nbsp;<strong>Sedena&nbsp;<\/strong>sobre su escritorio. Finalmente,&nbsp;<strong>Pe\u00f1a Nieto&nbsp;<\/strong>no accedi\u00f3 a la exigencia del&nbsp;<strong>GIEI<\/strong>.<\/p>\n\n\n\n<p>TAMBI\u00c9N LEE:<a href=\"https:\/\/lasillarota.com\/nacion\/2022\/9\/29\/algunos-normalistas-de-ayotzinapa-estuvieron-vivos-hasta-el-de-octubre-giei-394878.html\" target=\"_blank\" rel=\"noreferrer noopener\">&nbsp;Algunos normalistas de Ayotzinapa estuvieron vivos hasta el 4 de octubre: GIEI<\/a>https:\/\/2900d412653c158466849a0fb145b8b7.safeframe.googlesyndication.com\/safeframe\/1-0-40\/html\/container.html?n=0<\/p>\n\n\n\n<p>El 6 de octubre de 2015, el secretario de la\u00a0<strong>Sedena\u00a0<\/strong>cerr\u00f3 cualquier posibilidad, al declarar p\u00fablicamente: \u201c\u00bfQu\u00e9 quieren saber?\u201d. \u201c\u00bfQue qu\u00e9 sab\u00edan los soldados? Est\u00e1 todo declarado,\u00a0yo no puedo permitir que a los soldados los traten como criminales o los quieran interrogar para posteriormente hacer sentir que tienen algo qu\u00e9 ver y no apoyarlos, esa es mi posici\u00f3n y de ah\u00ed creo que no puedo ni debo salirme, porque perder\u00eda mucho de lo que soy\u201d, cita el Informe\u00a0<strong>Ayotzinapa\u00a0<\/strong>VI: Hallazgos, avances, obst\u00e1culos y pendientes.<\/p>\n\n\n\n<h3 class=\"has-cyan-bluish-gray-background-color has-background wp-block-heading\">TE PODR\u00cdA INTERESAR<\/h3>\n\n\n\n<ul class=\"wp-block-list\"><li><a href=\"https:\/\/lasillarota.com\/nacion\/2023\/7\/25\/sedena-oculta-informacion-marina-ayudo-la-verdad-historica-de-ayotzinapa-giei-439667.html\"><em>CASO AYOTZINAPA<\/em>Sedena oculta informaci\u00f3n; Marina ayud\u00f3 a la \u201cverdad hist\u00f3rica\u201d de Ayotzinapa: GIEI<\/a><\/li><li><a href=\"https:\/\/lasillarota.com\/nacion\/2023\/6\/26\/caso-ayotzinapa-prision-jefe-antisecuestros-de-la-fgr-435018.html\"><em>INSEGURIDAD<\/em>Caso Ayotzinapa: A prisi\u00f3n, jefe antisecuestros de la FGR<\/a><\/li><\/ul>\n\n\n\n<p>La declaraci\u00f3n se la dio en entrevista a Noticieros Televisa, donde tambi\u00e9n el entonces funcionario afirm\u00f3: \u201clo lamentamos mucho, y lo sentimos como todos\u201d, \u201cpero querer involucrar al Ej\u00e9rcito en esto, porque a alguien se le ocurri\u00f3, creo que es algo muy grave\u201d.<\/p>\n\n\n\n<p>Esta semana el\u00a0<strong>GIEI\u00a0<\/strong>present\u00f3 su\u00a0<strong>Informe Ayotzinapa VI<\/strong>: Hallazgos, avances, obst\u00e1culos y pendientes, se\u00f1alando que\u00a0el\u00a0<strong>Ej\u00e9rcito\u00a0<\/strong>constituy\u00f3 una obstrucci\u00f3n a la justicia sobre la desaparici\u00f3n forzada de los 43 estudiantes normalistas de la Escuela Normal Rural Isidro Burgos. Para los especialistas, el ej\u00e9rcito siempre incurri\u00f3 en contradicciones, faltas a la verdad y negativa de proporcionar informaci\u00f3n relevante sobre los hechos del 26 y 27 de septiembre de 2014.<\/p>\n\n\n\n<h3 class=\"has-cyan-bluish-gray-background-color has-background wp-block-heading\">TE PODR\u00cdA INTERESAR<\/h3>\n\n\n\n<ul class=\"wp-block-list\"><li><a href=\"https:\/\/lasillarota.com\/nacion\/2023\/6\/26\/juicio-militares-por-caso-ayotzinapa-la-desaparicion-de-los-43-normalistas-435122.html\"><em>CASO AYOTZINAPA<\/em>A juicio 8 militares por Caso Ayotzinapa y la desaparici\u00f3n de los 43 normalistas<\/a><\/li><\/ul>\n\n\n\n<p>\u00c1ngela Buitrago y Carlos Berist\u00e1in, miembros del&nbsp;<strong>GIEI<\/strong>, aseguraron en conferencia de prensa que la participaci\u00f3n de la Secretar\u00eda de la Defensa Nacional fue mayor de lo que sus miembros reportaron en entrevistas.<\/p>\n\n\n\n<p class=\"has-cyan-bluish-gray-background-color has-background\">TAMBI\u00c9N LEE:&nbsp;<a href=\"https:\/\/lasillarota.com\/nacion\/2022\/11\/1\/que-le-respondio-amlo-al-giei-ante-criticas-por-caso-ayotzinapa-399856.html\" target=\"_blank\" rel=\"noreferrer noopener\">\u00bfQu\u00e9 le respondi\u00f3 AMLO al GIEI ante cr\u00edticas por caso Ayotzinapa?<\/a><\/p>\n\n\n\n<figure class=\"wp-block-image is-style-default\"><img decoding=\"async\" src=\"https:\/\/lasillarota.com\/u\/fotografias\/m\/2023\/7\/27\/f768x1-470574_470701_5050.jpg\" alt=\"\"\/><figcaption>Salvador Cienfuegos y Pe\u00f1a Nieto: Cuartoscuro<\/figcaption><\/figure>\n\n\n\n<p>En l\u00ednea, la oficina en M\u00e9xico del Alto Comisionado de las Naciones Unidas para los Derechos Humanos (ONU-DH) lament\u00f3 la&nbsp;<strong>falta de cooperaci\u00f3n de las<\/strong>&nbsp;<strong>Fuerzas Armadas&nbsp;<\/strong>para esclarecer la desaparici\u00f3n de los&nbsp;<strong>43 estudiantes de Ayotzinapa&nbsp;<\/strong>en 2014.<\/p>\n\n\n\n<p>Adem\u00e1s, celebr\u00f3 el trabajo del&nbsp;<strong>GIEI&nbsp;<\/strong>de la Comisi\u00f3n Interamericana de Derechos Humanos (CIDH) en el que se\u00f1ala la resistencia del&nbsp;<strong>Ej\u00e9rcito&nbsp;<\/strong>a entregar informaci\u00f3n acerca de su participaci\u00f3n en el caso.<\/p>\n\n\n\n<blockquote class=\"wp-block-quote is-layout-flow wp-block-quote-is-layout-flow\"><p>\u00abLa ONU-DH lamenta profundamente que, pese a la voluntad pol\u00edtica expresada desde el Gobierno federal al m\u00e1s alto nivel, las Fuerzas Armadas no hayan otorgado toda la informaci\u00f3n solicitada por el GIEI para profundizar sus investigaciones y coadyuvar al esclarecimiento de los hechos y la b\u00fasqueda de los estudiantes\u00bb, expuso el organismo en un comunicado emitido este jueves.<\/p><\/blockquote>\n\n\n\n<p>Los informes elaborados por los investigadores independientes, indic\u00f3 la ONU-DH, han permitido avances sustanciales que corroboran que&nbsp;la llamada \u00abverdad hist\u00f3rica\u00bb, versi\u00f3n del Gobierno de&nbsp;<strong>Enrique Pe\u00f1a Nieto<\/strong>&nbsp;(2012-2018) sobre el suceso, \u00abfue construida con base en pruebas il\u00edcitas como la tortura\u00bb.<\/p>\n\n\n\n<blockquote class=\"wp-block-quote is-layout-flow wp-block-quote-is-layout-flow\"><p>\u00abAsimismo, los hallazgos del GIEI han contribuido a reconocer y dignificar a las familias, a desvelar la confabulaci\u00f3n criminal de autoridades, civiles y militares, y a sustentar la judicializaci\u00f3n de m\u00e1s de 120 personas\u00bb, incidi\u00f3 la ONU-DH.<\/p><\/blockquote>\n\n\n\n<p>Por ello, el organismo inst\u00f3 al gobierno de Andr\u00e9s Manuel L\u00f3pez Obrador a implantar las recomendaciones del\u00a0<strong>GIEI\u00a0<\/strong>para \u00ablograr avances en justicia, verdad y derechos de las v\u00edctimas\u00bb y \u00abgenerar un aporte sustancial al sistema de justicia penal, en especial hacia los casos de violaciones de derechos humanos en M\u00e9xico\u00bb.<\/p>\n\n\n\n<figure class=\"wp-block-embed is-type-rich is-provider-twitter wp-block-embed-twitter\"><div class=\"wp-block-embed__wrapper\">\n<blockquote class=\"twitter-tweet\" data-width=\"500\" data-dnt=\"true\"><p lang=\"es\" dir=\"ltr\">Las v\u00edctimas y familiares, as\u00ed como la sociedad necesitan el compromiso real con la verdad. La falta de una respuesta completa cuestiona no solo la intencionalidad de los actores, sino que deja a las v\u00edctimas de nuevo en la cuneta de la historia.<a href=\"https:\/\/twitter.com\/hashtag\/GIEIAyotzinapaSextoInforme?src=hash&amp;ref_src=twsrc%5Etfw\">#GIEIAyotzinapaSextoInforme<\/a> <a href=\"https:\/\/t.co\/8xNf69jpNs\">pic.twitter.com\/8xNf69jpNs<\/a><\/p>&mdash; GIEI Ayotzinapa (@GIEIAYOTZINAPA) <a href=\"https:\/\/twitter.com\/GIEIAYOTZINAPA\/status\/1684627869794779137?ref_src=twsrc%5Etfw\">July 27, 2023<\/a><\/blockquote><script async src=\"https:\/\/platform.twitter.com\/widgets.js\" charset=\"utf-8\"><\/script>\n<\/div><\/figure>\n\n\n\n<h2 class=\"wp-block-heading\">Dudas de su hip\u00f3tesis<\/h2>\n\n\n\n<p>El periodista Sergio Sarmiento, en su columna Jaque Mate, de Reforma de este 27 de julio, afirm\u00f3 que el&nbsp;<strong>GIEI&nbsp;<\/strong>ha buscado demostrar que el secuestro y homicidio de los&nbsp;<strong>43 normalistas de Ayotzinapa<\/strong>&nbsp;en Iguala en la noche del 26 al 27 de septiembre de 2014 fue un \u201ccrimen de Estado\u201d; \u201cfracasaron, sin embargo dijo, en sus intentos por demostrar que las&nbsp;<strong>Fuerzas Armadas<\/strong>&nbsp;participaron en el crimen.<\/p>\n\n\n\n<blockquote class=\"wp-block-quote is-layout-flow wp-block-quote-is-layout-flow\"><p>\u201cLa intenci\u00f3n del GIET fue siempre pol\u00edtica. L\u00f3pez Obrador los apoyaba cuando estaba en la oposici\u00f3n, y cuando \u00e9l mismo rechazaba la militarizaci\u00f3n de la seguridad, pero ahora que es presidente, y busca decididamente esta militarizaci\u00f3n, las posiciones del GIEI se han vuelto inc\u00f3modas\u201d, public\u00f3 Sarmiento.<\/p><\/blockquote>\n\n\n\n<h2 class=\"wp-block-heading\">AMLO, otros datos<\/h2>\n\n\n\n<p>Pero el presidente<strong>&nbsp;Andr\u00e9s Manuel L\u00f3pez Obrador&nbsp;<\/strong>piensa distinto. El mandatario defendi\u00f3 este jueves que las&nbsp;<strong>Fuerzas Armadas<\/strong>&nbsp;s\u00ed cooperan en el caso de los&nbsp;<strong>43 estudiantes<\/strong>&nbsp;desaparecidos de&nbsp;<strong>Ayotzinapa&nbsp;<\/strong>despu\u00e9s de que el&nbsp;<strong>GIEI&nbsp;<\/strong>las acus\u00f3 de obstruir la investigaci\u00f3n.<\/p>\n\n\n\n<blockquote class=\"wp-block-quote is-layout-flow wp-block-quote-is-layout-flow\"><p>\u201cNo hay impunidad y se est\u00e1 actuando. Y no es cierto que Marina y Defensa no est\u00e9n ayudando. Respeto su punto de vista, pero no lo comparto, porque si se ha avanzado es precisamente por la colaboraci\u00f3n de Marina y Defensa\u201d, sostuvo el mandatario en su rueda de prensa diaria.<\/p><\/blockquote>\n\n\n\n<p><strong>L\u00f3pez Obrador<\/strong>&nbsp;respondi\u00f3 que \u201cuna cosa son las instituciones y otra cosa son los funcionarios y los servidores p\u00fablicos, y no por el mal comportamiento de un funcionario se va a manchar una instituci\u00f3n\u201d.&nbsp;<\/p>\n\n\n\n<blockquote class=\"wp-block-quote is-layout-flow wp-block-quote-is-layout-flow\"><p>\u00abEs lo que quisieran algunos, afectar y socavar instituciones como Marina o como la Secretar\u00eda de la Defensa, que son instituciones muy importantes para el funcionamiento del Estado mexicano. Entonces d\u00ed la instrucci\u00f3n de que se vaya a fondo y hemos avanzado\u00bb, manifest\u00f3 en su conferencia ma\u00f1anera.<\/p><\/blockquote>\n\n\n\n<figure class=\"wp-block-image is-style-default\"><img decoding=\"async\" src=\"https:\/\/lasillarota.com\/u\/fotografias\/m\/2023\/7\/27\/f768x1-470578_470705_0.jpg\" alt=\"\"\/><figcaption>AMLO hace compromiso con familiares de los normalistas desaparecidos<\/figcaption><\/figure>\n\n\n\n<h2 class=\"wp-block-heading\">El sexto informe Ayotzinapa: bloqueos y relaci\u00f3n narco<\/h2>\n\n\n\n<p><strong>El Informe Ayotzinapa VI: Hallazgos, avances, obst\u00e1culos y pendientes&nbsp;<\/strong>sostiene que desde su llegada a M\u00e9xico en 2015, el&nbsp;<strong>GIEI&nbsp;<\/strong>solicit\u00f3 entrevistar en calidad de testigos a los miembros del 27 Batall\u00f3n de Infanter\u00eda de Iguala, pero la negativa de la Sedena, con el argumento de que era una violaci\u00f3n de la soberan\u00eda que \u201cextranjeros\u201d los interrogaran, \u201cfue entonces una forma de bloqueo\u201d.<\/p>\n\n\n\n<blockquote class=\"wp-block-quote is-layout-flow wp-block-quote-is-layout-flow\"><p>\u201cDesde la llegada del GIEI al pa\u00eds el 2 de marzo de 2015 para coadyuvar en la investigaci\u00f3n, el grupo pidi\u00f3 tener acceso a toda la informaci\u00f3n disponible en el expediente de la PGR, as\u00ed como poder entrevistar a testigos y buscar otras informaciones, de conformidad con el mandato, para proporcionarlas a la investigaci\u00f3n. La primera revisi\u00f3n de los 80 tomos con que contaba el expediente en esa \u00e9poca ayud\u00f3 a ver distintas l\u00edneas de investigaci\u00f3n que no se hab\u00edan seguido convenientemente, mientras se hab\u00eda focalizado la hip\u00f3tesis del caso y la propia investigaci\u00f3n solamente en el basurero de Cocula como el lugar que habr\u00eda sido escena del crimen y de destino de los j\u00f3venes\u00bb.<\/p><\/blockquote>\n\n\n\n<p>El documento del&nbsp;<strong>GIEI&nbsp;<\/strong>se\u00f1ala que la&nbsp;<strong>colusi\u00f3n del Ej\u00e9rcito con el narcotr\u00e1fico<\/strong>&nbsp;fue revelada en el contexto de la investigaci\u00f3n de trasiego de drogas entre Iguala y Chicago, particularmente a partir de las escuchas telef\u00f3nicas llevadas a cabo en el proceso judicial contra Pablo Vega y otros, en 2014.<\/p>\n\n\n\n<p>Este contubernio, de acuerdo con el&nbsp;<strong>Informe Ayotzinapa VI<\/strong>, se dio entre mandos militares de los batallones 27 y 41 de infanter\u00eda con la organizaci\u00f3n criminal Guerreros Unidos.<\/p>\n\n\n\n<blockquote class=\"wp-block-quote is-layout-flow wp-block-quote-is-layout-flow\"><p>\u201cPor ejemplo, en el GAOI 5321, del 2 de octubre de 2014, del comandante de la 35 ZM, se hace referencia a una informaci\u00f3n donde entre otras muchas cuestiones se refieren a un teniente B. del ej\u00e9rcito, y se dice que se encontraron con una camioneta del 27 batall\u00f3n a cargo de dicho teniente, el cual habr\u00eda dicho textualmente lo siguiente: \u2018ya van a empezar a chambiar para abrirme a la verga\u2019. Respondiendo el elemento policiaco: \u2018si ya vamos a tirar vergazos como va\u2019\u201d.<\/p><\/blockquote>\n\n\n\n<p>El&nbsp;<strong>GIEI&nbsp;<\/strong>recuerda que hay una transcripci\u00f3n de una escucha breve de la Fiscal\u00eda de Chicago que permite conocer el grado de vinculaci\u00f3n y retribuci\u00f3n que se acuerda con miembros del Ej\u00e9rcito para la \u00e9poca de los hechos. \u201cEn diversas declaraciones del testigo J se dice que los miembros del 41 y en particular el comandante recib\u00eda dinero de la organizaci\u00f3n criminal y as\u00ed mismo ten\u00edan reuniones a las que acud\u00edan con jefes de la organizaci\u00f3n. Varios de los soldados del 41, seg\u00fan esta declaraci\u00f3n, eran pagados por la organizaci\u00f3n\u201d.<\/p>\n\n\n\n<p>Las intervenciones telef\u00f3nicas refieren pagos y relaciones con varios militares y las declaraciones de testigos protegidos han se\u00f1alado que les proporcionaban dinero peri\u00f3dicamente para que dejaran llevar a cabo sus acciones a Guerreros Unidos.<\/p>\n\n\n\n<blockquote class=\"wp-block-quote is-layout-flow wp-block-quote-is-layout-flow\"><p>\u201cEso explica en parte su actuaci\u00f3n, ocultamiento y falta de protecci\u00f3n de los j\u00f3venes a pesar de la informaci\u00f3n con que contaban desde las 18 horas de ese d\u00eda 26 de septiembre de 2014 y durante toda la noche. Esta colusi\u00f3n es parte de las condiciones que facilitaron que se llevase a cabo la desaparici\u00f3n de los estudiantes. La simulaci\u00f3n de actuaci\u00f3n llevada a cabo por el 27 batall\u00f3n durante esa noche, sin interferir en ninguno de los ataques y llegando supuestamente cuando los muertos y desaparecidos ya se hab\u00edan producido, tuvo adem\u00e1s su continuidad en el ocultamiento de informaci\u00f3n, el desv\u00edo de la atenci\u00f3n a otras supuestas razones de su no protecci\u00f3n de los j\u00f3venes y la negaci\u00f3n de hechos ya probados\u201d, se lee en el informe.<\/p><\/blockquote>\n\n\n\n<p>Indica que todas las autoridades estatales y federales que participaban en la Coordinaci\u00f3n Guerrero ten\u00edan conocimiento previo de la colusi\u00f3n con la delincuencia Organizada de autoridades y polic\u00edas municipales de Iguala y varias ciudades cercanas.<\/p>\n\n\n\n<figure class=\"wp-block-image is-style-default\"><img decoding=\"async\" src=\"https:\/\/lasillarota.com\/u\/fotografias\/m\/2023\/7\/27\/f768x1-470572_470699_5050.jpg\" alt=\"\"\/><figcaption>Militares en Ayotzinapa: Cuartoscuro<\/figcaption><\/figure>\n\n\n\n<h2 class=\"wp-block-heading\">Ocultamientos, falsedades de testimonios y declaraciones<\/h2>\n\n\n\n<p>Para el&nbsp;<strong>Grupo Interdisciplinario de Expertos Independientes,<\/strong>&nbsp;el an\u00e1lisis de telefon\u00eda que se realiz\u00f3 a miembros de la Sedena de diferentes niveles releva una serie de&nbsp;<strong>falsedades y contradicciones<\/strong>&nbsp;en sus testimonios respecto a las comunicaciones que tuvieron con autoridades y polic\u00edas municipales, ya que siempre estuvieron enterados en tiempo real de las agresiones contra los normalistas.<\/p>\n\n\n\n<p>Por ejemplo, destaca en su I<strong>nforme Ayotzinapa VI<\/strong>, el comandante del 27 Batall\u00f3n de Infanter\u00eda estuvo en contacto, tanto con las comandancias de las polic\u00edas municipales de Iguala y Cocula, como con sus mandos inmediatamente superiores de la 35 Zona Militar y de la IX Regi\u00f3n Militar, as\u00ed como tambi\u00e9n con soldados bajo sus \u00f3rdenes, \u201cen las horas cr\u00edticas de la noche de 8 pm a 6 am\u201d, entre los d\u00edas 26 y 27 de septiembre.<\/p>\n\n\n\n<blockquote class=\"wp-block-quote is-layout-flow wp-block-quote-is-layout-flow\"><p>\u201cTambi\u00e9n existen otras pruebas de que militares ten\u00edan conocimiento directo de las agresiones y detenciones, y estuvieron comunic\u00e1ndose con el jefe de la polic\u00eda que estaba llevando a cabo los ataques\u201d, se lee en el reporte.<\/p><\/blockquote>\n\n\n\n<blockquote class=\"wp-block-quote is-layout-flow wp-block-quote-is-layout-flow\"><p>Adem\u00e1s, \u201calgunos soldados no fueron solo elementos pasivos que daban seguridad perimetral al llegar a los lugares, sino que mantuvieron una red de comunicaci\u00f3n con objetivos relativos a la acci\u00f3n que se estaba desarrollando\u201d.<\/p><\/blockquote>\n\n\n\n<p>Los datos de localizaci\u00f3n por telefon\u00eda contradicen el relato de varias declaraciones de militares clave esa noche, entre ellos los denominados \u00d3rganos de B\u00fasqueda de Informaci\u00f3n (OBI), que en realidad eran esp\u00edas militares, comandantes y soldados.<\/p>\n\n\n\n<blockquote class=\"wp-block-quote is-layout-flow wp-block-quote-is-layout-flow\"><p>\u201cEl OBI se\u00f1al\u00f3 que se desplaz\u00f3 al Palacio de Justicia para observar e informar de lo que suced\u00eda a las 22:15 horas, siendo testigo del ataque a los normalistas en ese lugar. Posteriormente, seg\u00fan sus declaraciones y las de su jefe de inteligencia, el teniente J.G., este fue a buscarlo y se regresaron al 27BI, del que volvi\u00f3 a salir a las 00h30 con la Fuerza de Reacci\u00f3n C. pasando por el Palacio de Justicia, la calle Juan N \u00c1lvarez y la cl\u00ednica Cristina, para quedarse despu\u00e9s en la calle Juan N \u00c1lvarez. Se\u00f1ala que estuvo ah\u00ed desde las 2am hasta el amanecer. Sin embargo, no hay coincidencia entre el an\u00e1lisis t\u00e9cnico y lo declarado por el OBI\u201d.<\/p><\/blockquote>\n\n\n\n<p>El&nbsp;<strong>GIEI&nbsp;<\/strong>destaca que hubo&nbsp;<strong>omisiones dolosas o falsedade<\/strong>s que \u201chan desviado la investigaci\u00f3n desde el momento de los hechos hasta la actualidad, y han obstaculizado la investigaci\u00f3n del caso y la b\u00fasqueda de los desaparecidos\u201d, lo que se demuestra en el an\u00e1lisis contrastado de las versiones proporcionadas por la Sedena o declaraciones como testigos dadas por personal del 27 Batall\u00f3n de Infanter\u00eda en distintas oportunidades desde 2014.<\/p>\n\n\n\n<blockquote class=\"wp-block-quote is-layout-flow wp-block-quote-is-layout-flow\"><p>\u201cEl dolo se refiere a que el ocultamiento de la verdad no es debido a ausencia de informaci\u00f3n, sino a la negativa a proporcionar informaci\u00f3n veraz o tergiversar otras que han sido probadas por distintos medios. El an\u00e1lisis tanto de las versiones preliminares en diciembre de 2014 como las posteriores en diferentes fechas y la documentaci\u00f3n a la que ha tenido acceso el GIEI, muestra una actuaci\u00f3n de ocultamiento doloso que debe ser atribuida a quienes han rendido informes o declaraciones que no contienen la realidad de lo que pas\u00f3, ni la real intervenci\u00f3n de estas autoridades en los hechos, ni tampoco lo que conocieron en tiempo real ni de manera posterior, por lo que las declaraciones de 2014, 2015, 2016 y 2017 son diversas y con menos informaci\u00f3n de las que rindieron en el 2020 y 2021\u201d.<\/p><\/blockquote>\n\n\n\n<p>A\u00f1ade adem\u00e1s que en la actualidad se pueden mostrar pruebas claras de la<strong>&nbsp;falsedad y ocultamiento<\/strong>, de lo que en otros informes anteriores aparec\u00edan como&nbsp;<strong>faltas de claridad, preguntas o contradicciones.<\/strong><\/p>\n\n\n\n<figure class=\"wp-block-image is-style-default\"><img decoding=\"async\" src=\"https:\/\/lasillarota.com\/u\/fotografias\/m\/2023\/7\/27\/f768x1-470571_470698_5050.jpg\" alt=\"\"\/><figcaption>Piden al ej\u00e9rcito dejar de ocultar informaci\u00f3n sobre Caso Ayotzinapa: Cuartoscuro<\/figcaption><\/figure>\n\n\n\n<h2 class=\"wp-block-heading\">El \u201capag\u00f3n informativo\u201d<\/h2>\n\n\n\n<p>E<strong>l Grupo Interdisciplinario de Expertos Independientes&nbsp;<\/strong>advierte en su Informe VI que en la noche de iguala del 26 de septiembre de 2014 hubo lo que llam\u00f3 un \u201capag\u00f3n informativo\u201d.<\/p>\n\n\n\n<p>\u201cEl 26 de septiembre de 2014 es muestra de ello, pues hay una secuencia que se interrumpe de las 21h a las 22h:15 cuando se est\u00e1 llevando a cabo la persecuci\u00f3n, la agresi\u00f3n, la detenci\u00f3n y la desaparici\u00f3n de los estudiantes. Si los mandos de la 35 ZM y los batallones 27, 41, 50 conoc\u00edan lo que estaba sucediendo con el boteo, la toma de buses y la preparaci\u00f3n para la conmemoraci\u00f3n de Tlatelolco, se les hac\u00eda imperativo actuar cuando los muchachos fueron agredidos con armas de fuego y fueron posteriormente desaparecidos.<\/p>\n\n\n\n<blockquote class=\"wp-block-quote is-layout-flow wp-block-quote-is-layout-flow\"><p>\u201cSin embargo, despu\u00e9s de las 21h20, cuando los j\u00f3venes entran en la ciudad, se da un apag\u00f3n informativo total por parte de Sedena y Cisen. Es claro que se hac\u00eda un seguimiento permanente a los estudiantes, como lo pueden demostrar todos los documentos que se han encontrado a partir de 2019. El nivel de control de las actividades de los j\u00f3venes era total, como puede verse en los reportes del d\u00eda 26 en Chilpancingo y en la carretera e inmediaciones de Iguala antes de entrar en la ciudad\u201d.<\/p><\/blockquote>\n\n\n\n<p>Seg\u00fan el C-4 de Chilpancingo, se registr\u00f3 un disturbio en el que se inform\u00f3 que un grupo de \u201csupuestos estudiantes\u201d trataban de secuestrar el autob\u00fas 1538 de la l\u00ednea Estrella de Oro, intento que fue frustrado y se retiraron del lugar hacia el mercado\u201d<\/p>\n\n\n\n<p>Tambi\u00e9n describe que desde el primer momento de los hechos, la importancia del sistema de vigilancia mediante c\u00e1maras de las calles de Iguala, llamado C-4 (Centro de Control de Comunicaciones y C\u00f3mputo) conectado con polic\u00edas y ej\u00e9rcito, fue motivo de controversia. De las 36 c\u00e1maras que deb\u00edan operar, al parecer solo cuatro estaban activas y los videos de algunas de ellas nunca aparecieron. Se difundi\u00f3 por parte de las autoridades estatales y federales la versi\u00f3n de que no hab\u00eda datos o informaci\u00f3n relevante en dicho centro de control C-4.<\/p>\n\n\n\n<p>Por ejemplo, se document\u00f3 que las 21: 53: horas en el C-4 se pidi\u00f3 una ambulancia porque hab\u00eda un estudiante herido de gravedad en la cabeza, adem\u00e1s de que se escucharon detonaciones.<\/p>\n\n\n\n<p>\u201cSin embargo, el reporte de lo que sucede en esa calle pasa de las 22h11:14 a las 23h26:20 donde la llamada al C-4 se\u00f1ala que varios j\u00f3venes se est\u00e1n bajando de un autob\u00fas Estrella de Oro\u201d, es decir el \u00faltimo autob\u00fas de la calle Juan N \u00c1lvarez del que los j\u00f3venes fueron desaparecidos.<\/p>\n\n\n\n<figure class=\"wp-block-image is-style-default\"><img decoding=\"async\" src=\"https:\/\/lasillarota.com\/u\/fotografias\/m\/2023\/7\/27\/f768x1-470573_470700_5050.jpg\" alt=\"\"\/><figcaption>Piden al ej\u00e9rcito dejar de ocultar informaci\u00f3n sobre Caso Ayotzinapa: Cuartoscuro<\/figcaption><\/figure>\n\n\n\n<h2 class=\"wp-block-heading\">La conclusi\u00f3n del GIEI<\/h2>\n\n\n\n<p>El reporte del grupo interdisciplinario estipula que en principio, todas las declaraciones de los militares se limitaron a una misma versi\u00f3n, que limitaba su accionar a salidas despu\u00e9s de que se hubieran producido los hechos, se\u00f1alando su desconocimiento de lo que pasaba e indicando que sus \u00f3rdenes eran solamente de verificar lo sucedido.<\/p>\n\n\n\n<blockquote class=\"wp-block-quote is-layout-flow wp-block-quote-is-layout-flow\"><p>\u201cEn esas declaraciones tambi\u00e9n se ocultaron pasajes fundamentales del recorrido realizado por las patrullas militares, que solo han ido desvel\u00e1ndose por algunas nuevas declaraciones que reconocieron otros hechos, por las revelaciones realizadas con otras fuentes o testigos, por la prueba t\u00e9cnica de telefon\u00eda y solo despu\u00e9s de sucesivas indagatorias. Todo ello muestra que las declaraciones no fueron veraces y fueron aleccionadas. A medida que se iban encontrando los datos en los documentos o testigos, las nuevas declaraciones complementaban lo anteriormente declarado o cambiaban parte de su versi\u00f3n, como sucedi\u00f3, tras la publicaci\u00f3n de los informes del GIEI\u201d.<\/p><\/blockquote>\n\n\n\n<p>VGB<\/p>\n\n\n\n<p>Fuente: <a href=\"https:\/\/lasillarota.com\/nacion\/2023\/7\/29\/ayotzinapa-ejercito-en-el-centro-del-debate-giei-se-va-entre-criticas-440157.html\">https:\/\/lasillarota.com\/nacion\/2023\/7\/29\/ayotzinapa-ejercito-en-el-centro-del-debate-giei-se-va-entre-criticas-440157.html<\/a><\/p>\n","protected":false},"excerpt":{"rendered":"<p>El informe del Grupo Interdisciplinario de Expertos Independientes (GIEI) sobre el caso Ayotzinapa se\u00f1ala que el Ej\u00e9rcito constituy\u00f3 una obstrucci\u00f3n [&hellip;]<\/p>\n","protected":false},"author":1,"featured_media":55703,"comment_status":"open","ping_status":"open","sticky":false,"template":"","format":"standard","meta":{"site-sidebar-layout":"default","site-content-layout":"","ast-site-content-layout":"default","site-content-style":"default","site-sidebar-style":"default","ast-global-header-display":"","ast-banner-title-visibility":"","ast-main-header-display":"","ast-hfb-above-header-display":"","ast-hfb-below-header-display":"","ast-hfb-mobile-header-display":"","site-post-title":"","ast-breadcrumbs-content":"","ast-featured-img":"","footer-sml-layout":"","theme-transparent-header-meta":"","adv-header-id-meta":"","stick-header-meta":"","header-above-stick-meta":"","header-main-stick-meta":"","header-below-stick-meta":"","astra-migrate-meta-layouts":"default","ast-page-background-enabled":"default","ast-page-background-meta":{"desktop":{"background-color":"var(--ast-global-color-4)","background-image":"","background-repeat":"repeat","background-position":"center center","background-size":"auto","background-attachment":"scroll","background-type":"","background-media":"","overlay-type":"","overlay-color":"","overlay-opacity":"","overlay-gradient":""},"tablet":{"background-color":"","background-image":"","background-repeat":"repeat","background-position":"center center","background-size":"auto","background-attachment":"scroll","background-type":"","background-media":"","overlay-type":"","overlay-color":"","overlay-opacity":"","overlay-gradient":""},"mobile":{"background-color":"","background-image":"","background-repeat":"repeat","background-position":"center center","background-size":"auto","background-attachment":"scroll","background-type":"","background-media":"","overlay-type":"","overlay-color":"","overlay-opacity":"","overlay-gradient":""}},"ast-content-background-meta":{"desktop":{"background-color":"var(--ast-global-color-5)","background-image":"","background-repeat":"repeat","background-position":"center center","background-size":"auto","background-attachment":"scroll","background-type":"","background-media":"","overlay-type":"","overlay-color":"","overlay-opacity":"","overlay-gradient":""},"tablet":{"background-color":"var(--ast-global-color-5)","background-image":"","background-repeat":"repeat","background-position":"center center","background-size":"auto","background-attachment":"scroll","background-type":"","background-media":"","overlay-type":"","overlay-color":"","overlay-opacity":"","overlay-gradient":""},"mobile":{"background-color":"var(--ast-global-color-5)","background-image":"","background-repeat":"repeat","background-position":"center center","background-size":"auto","background-attachment":"scroll","background-type":"","background-media":"","overlay-type":"","overlay-color":"","overlay-opacity":"","overlay-gradient":""}},"footnotes":""},"categories":[8],"tags":[1656,9256,3262,11082],"class_list":["post-55702","post","type-post","status-publish","format-standard","has-post-thumbnail","hentry","category-noticias","tag-ayotzinapa","tag-giei","tag-sedena","tag-semar"],"_links":{"self":[{"href":"https:\/\/losperiodistas.com.mx\/portal\/wp-json\/wp\/v2\/posts\/55702","targetHints":{"allow":["GET"]}}],"collection":[{"href":"https:\/\/losperiodistas.com.mx\/portal\/wp-json\/wp\/v2\/posts"}],"about":[{"href":"https:\/\/losperiodistas.com.mx\/portal\/wp-json\/wp\/v2\/types\/post"}],"author":[{"embeddable":true,"href":"https:\/\/losperiodistas.com.mx\/portal\/wp-json\/wp\/v2\/users\/1"}],"replies":[{"embeddable":true,"href":"https:\/\/losperiodistas.com.mx\/portal\/wp-json\/wp\/v2\/comments?post=55702"}],"version-history":[{"count":1,"href":"https:\/\/losperiodistas.com.mx\/portal\/wp-json\/wp\/v2\/posts\/55702\/revisions"}],"predecessor-version":[{"id":55704,"href":"https:\/\/losperiodistas.com.mx\/portal\/wp-json\/wp\/v2\/posts\/55702\/revisions\/55704"}],"wp:featuredmedia":[{"embeddable":true,"href":"https:\/\/losperiodistas.com.mx\/portal\/wp-json\/wp\/v2\/media\/55703"}],"wp:attachment":[{"href":"https:\/\/losperiodistas.com.mx\/portal\/wp-json\/wp\/v2\/media?parent=55702"}],"wp:term":[{"taxonomy":"category","embeddable":true,"href":"https:\/\/losperiodistas.com.mx\/portal\/wp-json\/wp\/v2\/categories?post=55702"},{"taxonomy":"post_tag","embeddable":true,"href":"https:\/\/losperiodistas.com.mx\/portal\/wp-json\/wp\/v2\/tags?post=55702"}],"curies":[{"name":"wp","href":"https:\/\/api.w.org\/{rel}","templated":true}]}}