{"id":55696,"date":"2023-07-30T09:51:27","date_gmt":"2023-07-30T14:51:27","guid":{"rendered":"http:\/\/losperiodistas.com.mx\/portal\/?p=55696"},"modified":"2023-07-30T09:51:32","modified_gmt":"2023-07-30T14:51:32","slug":"sergio-perez-suma-segundo-podio-al-hilo-al-quedar-dos-en-gp-de-belgica-y-ser-superado-por-verstappen-gran-ganador-marca","status":"publish","type":"post","link":"https:\/\/losperiodistas.com.mx\/portal\/sergio-perez-suma-segundo-podio-al-hilo-al-quedar-dos-en-gp-de-belgica-y-ser-superado-por-verstappen-gran-ganador-marca\/","title":{"rendered":"Sergio P\u00e9rez suma segundo podio al hilo, al quedar dos en GP de B\u00e9lgica y ser superado por Verstappen, gran ganador | MARCA"},"content":{"rendered":"\n<p class=\"has-background has-medium-font-size\" style=\"background-color:#f8994d\">Duod\u00e9cima carrera del a\u00f1o sobre el circuito legendario de Spa-Francorchamps dentro de la m\u00e1xima categor\u00eda en el automovilismo mundial<\/p>\n\n\n\n<div class=\"wp-block-image is-style-default\"><figure class=\"aligncenter size-large\"><img fetchpriority=\"high\" decoding=\"async\" width=\"1024\" height=\"683\" src=\"https:\/\/losperiodistas.com.mx\/portal\/wp-content\/uploads\/2023\/07\/16907270397230-1024x683.jpg\" alt=\"\" class=\"wp-image-55697\" srcset=\"https:\/\/losperiodistas.com.mx\/portal\/wp-content\/uploads\/2023\/07\/16907270397230-1024x683.jpg 1024w, https:\/\/losperiodistas.com.mx\/portal\/wp-content\/uploads\/2023\/07\/16907270397230-300x200.jpg 300w, https:\/\/losperiodistas.com.mx\/portal\/wp-content\/uploads\/2023\/07\/16907270397230-768x512.jpg 768w, https:\/\/losperiodistas.com.mx\/portal\/wp-content\/uploads\/2023\/07\/16907270397230.jpg 1320w\" sizes=\"(max-width: 1024px) 100vw, 1024px\" \/><figcaption>Tercer segundo lugar en la Temporada 2023 de la F1 para Sergio Checo P\u00e9rez @F1<\/figcaption><\/figure><\/div>\n\n\n\n<p class=\"has-vivid-red-color has-text-color has-medium-font-size\"><strong>LW \/ MARCA <\/strong><\/p>\n\n\n\n<p class=\"has-drop-cap\">Este domingo se llev\u00f3 a cabo el&nbsp;<strong>Gran Premio de B\u00e9lgica<\/strong>&nbsp;dentro de la&nbsp;<strong>F\u00f3rmula 1<\/strong>,&nbsp;<em>duod\u00e9cima competencia de la temporada 2023<\/em>, sobre el m\u00edtico trazado de&nbsp;<strong>Spa-Francorchamps, en Lieja<\/strong>, donde el vigente bicampe\u00f3n as\u00ed como l\u00edder del actual certamen, el&nbsp;<em>holand\u00e9s<\/em><strong>Max Verstappen<\/strong>, de la escuder\u00eda&nbsp;<strong>Red Bull<\/strong>, larg\u00f3 desde la&nbsp;<strong>sexta posici\u00f3n<\/strong>. Por su parte el&nbsp;<em>mexicano<\/em><strong>Sergio P\u00e9rez<\/strong>, parti\u00f3 desde la&nbsp;<strong>segunda casilla en la primera l\u00ednea<\/strong>.<\/p>\n\n\n\n<h2 class=\"wp-block-heading\">Largada en el Gran Premio de B\u00e9lgica<\/h2>\n\n\n\n<p>El asfalto de\u00a0<strong>Spa-Francorchamps<\/strong>, en\u00a0<strong>B\u00e9lgica<\/strong>, fue testigo de la buena largada por parte del piloto\u00a0<em>jalisciense<\/em>, quien desde la primera vuelta, rebas\u00f3 al\u00a0<strong>Ferrari<\/strong>\u00a0del\u00a0<em>monegasco<\/em><strong>Charles Leclerc<\/strong>, mostrando el poder\u00edo del motor y situ\u00e1ndose en la punta de la carrera.<\/p>\n\n\n\n<figure class=\"wp-block-embed is-type-rich is-provider-twitter wp-block-embed-twitter\"><div class=\"wp-block-embed__wrapper\">\n<blockquote class=\"twitter-tweet\" data-width=\"500\" data-dnt=\"true\"><p lang=\"es\" dir=\"ltr\">\ud83d\udea8 VUELTA 1\/44<br><br>\u00a1Gran salida de Checo P\u00e9rez! El mexicano se pone primero en la primera vuelta.<br><br>1\ufe0f\u20e3 P\u00e9rez<br>2\ufe0f\u20e3 Leclerc<br>3\ufe0f\u20e3 Hamilton<br>4\ufe0f\u20e3 Verstappen<a href=\"https:\/\/twitter.com\/hashtag\/BelgianGP?src=hash&amp;ref_src=twsrc%5Etfw\">#BelgianGP<\/a> <a href=\"https:\/\/twitter.com\/hashtag\/F1?src=hash&amp;ref_src=twsrc%5Etfw\">#F1<\/a> <a href=\"https:\/\/t.co\/PZMuMS699v\">https:\/\/t.co\/PZMuMS699v<\/a> <a href=\"https:\/\/t.co\/15sVrpJXnC\">pic.twitter.com\/15sVrpJXnC<\/a><\/p>&mdash; ESPN.com.mx (@ESPNmx) <a href=\"https:\/\/twitter.com\/ESPNmx\/status\/1685638237698568193?ref_src=twsrc%5Etfw\">July 30, 2023<\/a><\/blockquote><script async src=\"https:\/\/platform.twitter.com\/widgets.js\" charset=\"utf-8\"><\/script>\n<\/div><\/figure>\n\n\n\n<h2 class=\"wp-block-heading\">Regreso de Verstappen<\/h2>\n\n\n\n<p>Quien tambi\u00e9n volvi\u00f3 a presumir su dominio no solo de la carrera o del serial, sino de las m\u00e1s recientes temporadas fue el holand\u00e9s&nbsp;<strong>Max Verstappen<\/strong>, quien en la vuelta 17 rebas\u00f3 a su coequipero&nbsp;<em>mexicano<\/em>&nbsp;para tomar el primer sitio, aunque la lluvia amenazaba con modificar todo en el trazado.<\/p>\n\n\n\n<h2 class=\"wp-block-heading\">Estrategia de Checo P\u00e9rez<\/h2>\n\n\n\n<p>Una vez m\u00e1s la estrategia en los neum\u00e1ticos, la concentraci\u00f3n y pericia de\u00a0<strong>Checo<\/strong>, as\u00ed como las circunstancias de la competencia, con todo y la lluvia desde la mitad de la competencia, le fueron benevolentes al piloto jalisciense para mantenerse en la segunda plaza.<\/p>\n\n\n\n<figure class=\"wp-block-embed is-type-rich is-provider-twitter wp-block-embed-twitter\"><div class=\"wp-block-embed__wrapper\">\n<blockquote class=\"twitter-tweet\" data-width=\"500\" data-dnt=\"true\"><p lang=\"en\" dir=\"ltr\">LAP 16\/44<br><br>Checo&#39;s mirrors are full of Max<a href=\"https:\/\/twitter.com\/hashtag\/BelgianGP?src=hash&amp;ref_src=twsrc%5Etfw\">#BelgianGP<\/a> <a href=\"https:\/\/twitter.com\/hashtag\/F1?src=hash&amp;ref_src=twsrc%5Etfw\">#F1<\/a> <a href=\"https:\/\/t.co\/aRIrcYs7v0\">pic.twitter.com\/aRIrcYs7v0<\/a><\/p>&mdash; Formula 1 (@F1) <a href=\"https:\/\/twitter.com\/F1\/status\/1685645571514617856?ref_src=twsrc%5Etfw\">July 30, 2023<\/a><\/blockquote><script async src=\"https:\/\/platform.twitter.com\/widgets.js\" charset=\"utf-8\"><\/script>\n<\/div><\/figure>\n\n\n\n<h2 class=\"wp-block-heading\">Duelo en la pista<\/h2>\n\n\n\n<p>El gran duelo en el asfalto fue por la tercera plaza entre Leclerc, el brit\u00e1nico Lewis Hamilton de McLaren y el espa\u00f1ol Fernando Alonso del Aston Martin, que se pudo adjudicar el volante originario del principado.<\/p>\n\n\n\n<h2 class=\"wp-block-heading\">Nuevo triunfo para Max Verstappen<\/h2>\n\n\n\n<p>Otra carrear m\u00e1s para el holand\u00e9s Max Verstappen, que en el trazado belga conquist\u00f3 un nuevo triunfo, el d\u00e9cimo de la vigente campa\u00f1a, para seguir en lo m\u00e1s alto de la clasificaci\u00f3n; la escolta fue para el mexicano Checo P\u00e9rez, del Red Bull, para estrenar podio del tapat\u00edo, el s\u00e9ptimo del a\u00f1o y segundo consecutivo, as\u00ed como otro 1-2 de la escuder\u00eda.<\/p>\n\n\n\n<h2 class=\"wp-block-heading\">Podio Gran Premio de B\u00e9lgica 2023<\/h2>\n\n\n\n<p>1. Max Verstappen \/ Red Bull<\/p>\n\n\n\n<p>2. Sergio P\u00e9rez \/ Red Bull<\/p>\n\n\n\n<p>3. Charles Leclerc \/ Ferrari<\/p>\n\n\n\n<ul class=\"wp-block-list\"><li><a href=\"https:\/\/www.marca.com\/mx\/motor\/sergio-perez.html\">Sergio P\u00e9rez &#8211; MX<\/a><\/li><\/ul>\n\n\n\n<p><strong>F1<\/strong><a href=\"https:\/\/www.marca.com\/mx\/motor\/formula-1\/2023\/07\/11\/64acbaa4ca4741270c8b45c1.html?intcmp=MNOT23801&amp;s_kw=1\">Checo P\u00e9rez: \u00abNo estoy preocupado\u00bb sobre continuidad o salida de Red Bull<\/a><strong>F1<\/strong><a href=\"https:\/\/www.marca.com\/mx\/motor\/formula-1\/2023\/07\/09\/64aad2a2268e3eec618b459f.html?intcmp=MNOT23801&amp;s_kw=2\">Checo P\u00e9rez remonta y termina sexto en GP de Silverstone; Verstappen el gran ganador<\/a><strong>GP Hungr\u00eda F1 2023<\/strong><a href=\"https:\/\/www.marca.com\/mx\/motor\/formula-1\/2023\/07\/11\/64ad775d268e3eb9398b4577.html?intcmp=MNOT23801&amp;s_kw=3\">Red Bull asegura la continuidad de Checo&#8230; este a\u00f1o<\/a><strong>Ver enlaces de inter\u00e9s<\/strong><\/p>\n\n\n\n<p>Fuente: <a href=\"https:\/\/www.marca.com\/mx\/motor\/formula-1\/2023\/07\/30\/64c672e4268e3ea6608b456e.html\">https:\/\/www.marca.com\/mx\/motor\/formula-1\/2023\/07\/30\/64c672e4268e3ea6608b456e.html<\/a><\/p>\n","protected":false},"excerpt":{"rendered":"<p>Duod\u00e9cima carrera del a\u00f1o sobre el circuito legendario de Spa-Francorchamps dentro de la m\u00e1xima categor\u00eda en el automovilismo mundial LW [&hellip;]<\/p>\n","protected":false},"author":1,"featured_media":55697,"comment_status":"open","ping_status":"open","sticky":false,"template":"","format":"standard","meta":{"site-sidebar-layout":"default","site-content-layout":"","ast-site-content-layout":"default","site-content-style":"default","site-sidebar-style":"default","ast-global-header-display":"","ast-banner-title-visibility":"","ast-main-header-display":"","ast-hfb-above-header-display":"","ast-hfb-below-header-display":"","ast-hfb-mobile-header-display":"","site-post-title":"","ast-breadcrumbs-content":"","ast-featured-img":"","footer-sml-layout":"","theme-transparent-header-meta":"","adv-header-id-meta":"","stick-header-meta":"","header-above-stick-meta":"","header-main-stick-meta":"","header-below-stick-meta":"","astra-migrate-meta-layouts":"default","ast-page-background-enabled":"default","ast-page-background-meta":{"desktop":{"background-color":"var(--ast-global-color-4)","background-image":"","background-repeat":"repeat","background-position":"center center","background-size":"auto","background-attachment":"scroll","background-type":"","background-media":"","overlay-type":"","overlay-color":"","overlay-opacity":"","overlay-gradient":""},"tablet":{"background-color":"","background-image":"","background-repeat":"repeat","background-position":"center center","background-size":"auto","background-attachment":"scroll","background-type":"","background-media":"","overlay-type":"","overlay-color":"","overlay-opacity":"","overlay-gradient":""},"mobile":{"background-color":"","background-image":"","background-repeat":"repeat","background-position":"center center","background-size":"auto","background-attachment":"scroll","background-type":"","background-media":"","overlay-type":"","overlay-color":"","overlay-opacity":"","overlay-gradient":""}},"ast-content-background-meta":{"desktop":{"background-color":"var(--ast-global-color-5)","background-image":"","background-repeat":"repeat","background-position":"center center","background-size":"auto","background-attachment":"scroll","background-type":"","background-media":"","overlay-type":"","overlay-color":"","overlay-opacity":"","overlay-gradient":""},"tablet":{"background-color":"var(--ast-global-color-5)","background-image":"","background-repeat":"repeat","background-position":"center center","background-size":"auto","background-attachment":"scroll","background-type":"","background-media":"","overlay-type":"","overlay-color":"","overlay-opacity":"","overlay-gradient":""},"mobile":{"background-color":"var(--ast-global-color-5)","background-image":"","background-repeat":"repeat","background-position":"center center","background-size":"auto","background-attachment":"scroll","background-type":"","background-media":"","overlay-type":"","overlay-color":"","overlay-opacity":"","overlay-gradient":""}},"footnotes":""},"categories":[8],"tags":[276,17688,466],"class_list":["post-55696","post","type-post","status-publish","format-standard","has-post-thumbnail","hentry","category-noticias","tag-checo-perez","tag-gp-belgica","tag-red-bull"],"_links":{"self":[{"href":"https:\/\/losperiodistas.com.mx\/portal\/wp-json\/wp\/v2\/posts\/55696","targetHints":{"allow":["GET"]}}],"collection":[{"href":"https:\/\/losperiodistas.com.mx\/portal\/wp-json\/wp\/v2\/posts"}],"about":[{"href":"https:\/\/losperiodistas.com.mx\/portal\/wp-json\/wp\/v2\/types\/post"}],"author":[{"embeddable":true,"href":"https:\/\/losperiodistas.com.mx\/portal\/wp-json\/wp\/v2\/users\/1"}],"replies":[{"embeddable":true,"href":"https:\/\/losperiodistas.com.mx\/portal\/wp-json\/wp\/v2\/comments?post=55696"}],"version-history":[{"count":1,"href":"https:\/\/losperiodistas.com.mx\/portal\/wp-json\/wp\/v2\/posts\/55696\/revisions"}],"predecessor-version":[{"id":55698,"href":"https:\/\/losperiodistas.com.mx\/portal\/wp-json\/wp\/v2\/posts\/55696\/revisions\/55698"}],"wp:featuredmedia":[{"embeddable":true,"href":"https:\/\/losperiodistas.com.mx\/portal\/wp-json\/wp\/v2\/media\/55697"}],"wp:attachment":[{"href":"https:\/\/losperiodistas.com.mx\/portal\/wp-json\/wp\/v2\/media?parent=55696"}],"wp:term":[{"taxonomy":"category","embeddable":true,"href":"https:\/\/losperiodistas.com.mx\/portal\/wp-json\/wp\/v2\/categories?post=55696"},{"taxonomy":"post_tag","embeddable":true,"href":"https:\/\/losperiodistas.com.mx\/portal\/wp-json\/wp\/v2\/tags?post=55696"}],"curies":[{"name":"wp","href":"https:\/\/api.w.org\/{rel}","templated":true}]}}