{"id":55688,"date":"2023-07-30T08:01:04","date_gmt":"2023-07-30T13:01:04","guid":{"rendered":"http:\/\/losperiodistas.com.mx\/portal\/?p=55688"},"modified":"2023-07-30T08:01:06","modified_gmt":"2023-07-30T13:01:06","slug":"el-sangriento-final-de-robespierre-el-arquitecto-del-terror-vozpopuli","status":"publish","type":"post","link":"https:\/\/losperiodistas.com.mx\/portal\/el-sangriento-final-de-robespierre-el-arquitecto-del-terror-vozpopuli\/","title":{"rendered":"El sangriento final de Robespierre, el arquitecto del Terror | VozP\u00f3puli"},"content":{"rendered":"\n<h2 class=\"has-white-color has-text-color has-background has-medium-font-size wp-block-heading\" style=\"background-color:#461d1d\">El historiador Colin Jones reconstruye las \u00faltimas 24 horas del revolucionario en &#8216;La ca\u00edda de Robespierre&#8217;<\/h2>\n\n\n\n<div class=\"wp-block-image is-style-default\"><figure class=\"aligncenter size-large\"><img fetchpriority=\"high\" decoding=\"async\" width=\"1024\" height=\"575\" src=\"https:\/\/losperiodistas.com.mx\/portal\/wp-content\/uploads\/2023\/07\/guillotina-luis-rey-e1690438065474-1024x575.jpg\" alt=\"\" class=\"wp-image-55689\" srcset=\"https:\/\/losperiodistas.com.mx\/portal\/wp-content\/uploads\/2023\/07\/guillotina-luis-rey-e1690438065474-1024x575.jpg 1024w, https:\/\/losperiodistas.com.mx\/portal\/wp-content\/uploads\/2023\/07\/guillotina-luis-rey-e1690438065474-300x169.jpg 300w, https:\/\/losperiodistas.com.mx\/portal\/wp-content\/uploads\/2023\/07\/guillotina-luis-rey-e1690438065474-768x432.jpg 768w, https:\/\/losperiodistas.com.mx\/portal\/wp-content\/uploads\/2023\/07\/guillotina-luis-rey-e1690438065474.jpg 1203w\" sizes=\"(max-width: 1024px) 100vw, 1024px\" \/><figcaption>Ejecuci\u00f3n del rey de Francia, Luis XVI.<\/figcaption><\/figure><\/div>\n\n\n\n<p class=\"has-vivid-red-color has-text-color has-medium-font-size\"><strong>GREGO CASANOVA \/ VOZP\u00d3PULI<\/strong><\/p>\n\n\n\n<p>Lleg\u00f3 al cadalso moribundo, agonizando, despu\u00e9s de que unas horas antes un disparo le destrozara la mand\u00edbula. El refinado Maximilien Robespierre, considerado el arquitecto del r\u00e9gimen del Terror, engrosaba la larga lista de franceses cuya \u00faltima sensaci\u00f3n fue el fr\u00edo tacto de la guillotina en sus cuellos.&nbsp;<strong>La cabeza del revolucionario se desprend\u00eda de su cuerpo y cientos de parisinos respiraban aliviados.<\/strong><\/p>\n\n\n\n<p>A pesar de su posicionamiento radical, jacobino desde el inicio, no adopt\u00f3 los cambios en el atuendo que trajo la revoluci\u00f3n, y sigui\u00f3 vistiendo sus calzas, sus medias de seda y el cabello empolvado. Una porte estirada presente en sus retratos, pero una fama de defensor inquebrantable de las clases populares y la soberan\u00eda popular, que le granje\u00f3 el mote de&nbsp;<strong>\u201cel diputado popul\u00f3mano\u201d o el \u201cDon Quijote de la plebe\u201d<\/strong>, como recoge el historiador especialista en la Revoluci\u00f3n Francesa Colin Jones en&nbsp;<em>La ca\u00edda de Robespierre<\/em>, donde reconstruye las \u00faltimas 24 horas del revolucionario.<br>Aunque el sobrenombre que m\u00e1s cal\u00f3 fue el del \u201cincorruptible\u201d. Seg\u00fan explica Jones, el pol\u00edtico \u201cse situ\u00f3 muy por encima de la moral pol\u00edtica, a menudo quebradiza, de la nueva \u00e9lite gubernamental\u201d.&nbsp;<strong>El historiador lo describe como un aut\u00e9ntico hechizador de sus oyentes a los que les \u201chac\u00eda ver un mundo mejor y m\u00e1s justo\u201d<\/strong>&nbsp;con un \u201chipnotizante y casi m\u00e1gica ret\u00f3rica que ning\u00fan otro pol\u00edtico puede imaginar\u201d.<\/p>\n\n\n\n<p>\u201cRobespierre entendi\u00f3, m\u00e1s que ninguna otra figura pol\u00edtica, que el mejor modo de legitimar la campa\u00f1a de terror del Gobierno revolucionario consist\u00eda en comprometerse con las reformas sociales que movilizaban a la naci\u00f3n en general y a los parisinos en particular\u201d, a\u00f1ade el historiador.\u00a0<\/p>\n\n\n\n<p class=\"has-text-align-center has-pale-cyan-blue-background-color has-background\"><strong><em>Robespierre consideraba que la Rep\u00fablica ten\u00eda la obligaci\u00f3n de acabar con la vida de aquellos que atentaran contra ella<\/em><\/strong><\/p>\n\n\n\n<p>Una guerra civil e internacional hab\u00eda estallado tras la resistencia a la revoluci\u00f3n de una coalici\u00f3n de monarqu\u00edas europeas y los contrarrevolucionarios franceses que trataban de frenar el rumbo desatado desde 1789. El Comit\u00e9 de Seguridad P\u00fablica trabajaba de manera interna para prevenir el colapso de la revoluci\u00f3n y la Rep\u00fablica, con amplios poderes, desde legislativos hasta policiales, y del que Robespierre era el miembro m\u00e1s destacado.&nbsp;<strong>Luis XVI ya hab\u00eda sido guillotinado y junto a al CSP trabaja el Comit\u00e9 de Seguridad General, tambi\u00e9n con atribuciones policiales y de seguridad, y Robespierre empieza a sospechar como tapadera de los \u201cenemigos de la Rep\u00fablica\u201d.<\/strong>&nbsp;<\/p>\n\n\n\n<figure class=\"wp-block-image is-style-default\"><img decoding=\"async\" src=\"https:\/\/media.vozpopuli.com\/2023\/07\/detencion-de-robespierre-1-1024x599.png\" alt=\"\" class=\"wp-image-1892455\"\/><figcaption>Detenci\u00f3n de Robespierre en la Convenci\u00f3n Nacional. Max Adamo (1870).<\/figcaption><\/figure>\n\n\n\n<p>Entre los meses de julio de 1793 y 1794, Robespierre &#8216;reina&#8217; con el peligroso esp\u00edritu purificador que posteriormente veremos en otras revoluciones. En pro de la Revoluci\u00f3n, la Rep\u00fablica francesa ha tornado en un r\u00e9gimen autocr\u00e1tico con persecuciones pol\u00edticas que dejan miles de detenidos y guillotinados.&nbsp;<strong>Robespierre, contrario a la pena de muerte a\u00f1os atr\u00e1s, consideraba ahora que la Rep\u00fablica ten\u00eda la obligaci\u00f3n de acabar con la vida de aquellos que atentaran contra ella.<\/strong>&nbsp;Por otro lado, resulta injusto atribuir a Robespierre cada una de las muertes del Terror por la cantidad de actores y \u00f3rganos que actuaban de forma paralela.<\/p>\n\n\n\n<h2 class=\"wp-block-heading\">\u00bfConspiraci\u00f3n contra Robespierre?<\/h2>\n\n\n\n<p>En este&nbsp;<strong>viciado ambiente de sospechas generalizadas,<\/strong>&nbsp;el 8 de Termidor&nbsp; (26 de julio de 1794), Robespierre pronuncia en la Convenci\u00f3n un discurso abierto que muchos interpretaron como un preludio de nuevas denuncias de traici\u00f3n que incluir\u00edan a diputados de la Convenci\u00f3n Nacional, la principal instituci\u00f3n del pa\u00eds.<\/p>\n\n\n\n<p>Al d\u00eda siguiente&nbsp;<strong>en la c\u00e1mara sigue habiendo revuelo, a Robespierre se le acusa de tirano y acaba siendo detenido junto a varios de sus hombres.<\/strong>&nbsp;Esa misma noche, el gobierno municipal de Par\u00eds, la Comuna, se declara insurrecta por dicha detenci\u00f3n, liberan a Robespierre y lo esconden en el ayuntamiento. Sin embargo, no tarda en volver a ser apresado por tropas leales a la Convenci\u00f3n, resultando herido de un disparo en su mejilla, todav\u00eda se duda si fue fruto de un intento de suicidio o de una bala de sus oponentes. Al d\u00eda siguiente, el incorruptible pasaba por la guillotina.<\/p>\n\n\n\n<p><strong>Jones descarta la teor\u00eda de las supuestas conspiraciones para acabar con la vida de Robespierre<\/strong>: \u00abMuchos diputados ten\u00edan que arder en deseos de verlo muerto, pero de la imaginaci\u00f3n al hecho hay un buen trecho, y las pruebas de que hubiera una conjura organizada contra \u00e9l son exiguas y en gran medida descartables. En cierto modo, la ca\u00edda de Robespierre fue provocada por \u00e9l mismo y constituy\u00f3 su mayor contribuci\u00f3n a la democracia\u00bb, concluye el historiador.<\/p>\n\n\n\n<figure class=\"wp-block-image is-style-default\"><img decoding=\"async\" src=\"https:\/\/media.vozpopuli.com\/2023\/07\/Valery_Jacobi_Ninth_Thermidor-1-1024x556.jpg\" alt=\"\" class=\"wp-image-1892473\"\/><figcaption>Nueve de Termidor, de Valery Jacobi (1864). En el que Robespierre yace herido sobre una mesa.<\/figcaption><\/figure>\n\n\n\n<p><a href=\"https:\/\/amzn.to\/3KgsyCp\" rel=\"noreferrer noopener\" target=\"_blank\">COMPRAR POR 25,55\u20ac<\/a><\/p>\n\n\n\n<figure class=\"wp-block-image is-style-default\"><img decoding=\"async\" src=\"https:\/\/media.vozpopuli.com\/2023\/07\/portada-colin_16x9_16x9-1-1-1024x576.png\" alt=\"\" class=\"wp-image-1893597\"\/><\/figure>\n\n\n\n<p><\/p>\n\n\n\n<p>Fuente: <a href=\"https:\/\/www.vozpopuli.com\/altavoz\/cultura\/final-de-robespierre-el-arquitecto-del-terror.html\">https:\/\/www.vozpopuli.com\/altavoz\/cultura\/final-de-robespierre-el-arquitecto-del-terror.html<\/a><\/p>\n","protected":false},"excerpt":{"rendered":"<p>El historiador Colin Jones reconstruye las \u00faltimas 24 horas del revolucionario en &#8216;La ca\u00edda de Robespierre&#8217; GREGO CASANOVA \/ VOZP\u00d3PULI [&hellip;]<\/p>\n","protected":false},"author":1,"featured_media":55689,"comment_status":"open","ping_status":"open","sticky":false,"template":"","format":"standard","meta":{"site-sidebar-layout":"default","site-content-layout":"","ast-site-content-layout":"default","site-content-style":"default","site-sidebar-style":"default","ast-global-header-display":"","ast-banner-title-visibility":"","ast-main-header-display":"","ast-hfb-above-header-display":"","ast-hfb-below-header-display":"","ast-hfb-mobile-header-display":"","site-post-title":"","ast-breadcrumbs-content":"","ast-featured-img":"","footer-sml-layout":"","theme-transparent-header-meta":"","adv-header-id-meta":"","stick-header-meta":"","header-above-stick-meta":"","header-main-stick-meta":"","header-below-stick-meta":"","astra-migrate-meta-layouts":"default","ast-page-background-enabled":"default","ast-page-background-meta":{"desktop":{"background-color":"var(--ast-global-color-4)","background-image":"","background-repeat":"repeat","background-position":"center center","background-size":"auto","background-attachment":"scroll","background-type":"","background-media":"","overlay-type":"","overlay-color":"","overlay-opacity":"","overlay-gradient":""},"tablet":{"background-color":"","background-image":"","background-repeat":"repeat","background-position":"center center","background-size":"auto","background-attachment":"scroll","background-type":"","background-media":"","overlay-type":"","overlay-color":"","overlay-opacity":"","overlay-gradient":""},"mobile":{"background-color":"","background-image":"","background-repeat":"repeat","background-position":"center center","background-size":"auto","background-attachment":"scroll","background-type":"","background-media":"","overlay-type":"","overlay-color":"","overlay-opacity":"","overlay-gradient":""}},"ast-content-background-meta":{"desktop":{"background-color":"var(--ast-global-color-5)","background-image":"","background-repeat":"repeat","background-position":"center center","background-size":"auto","background-attachment":"scroll","background-type":"","background-media":"","overlay-type":"","overlay-color":"","overlay-opacity":"","overlay-gradient":""},"tablet":{"background-color":"var(--ast-global-color-5)","background-image":"","background-repeat":"repeat","background-position":"center center","background-size":"auto","background-attachment":"scroll","background-type":"","background-media":"","overlay-type":"","overlay-color":"","overlay-opacity":"","overlay-gradient":""},"mobile":{"background-color":"var(--ast-global-color-5)","background-image":"","background-repeat":"repeat","background-position":"center center","background-size":"auto","background-attachment":"scroll","background-type":"","background-media":"","overlay-type":"","overlay-color":"","overlay-opacity":"","overlay-gradient":""}},"footnotes":""},"categories":[8],"tags":[17686,17685,11473],"class_list":["post-55688","post","type-post","status-publish","format-standard","has-post-thumbnail","hentry","category-noticias","tag-colin-jones","tag-regimen-del-terror","tag-robespierre"],"_links":{"self":[{"href":"https:\/\/losperiodistas.com.mx\/portal\/wp-json\/wp\/v2\/posts\/55688","targetHints":{"allow":["GET"]}}],"collection":[{"href":"https:\/\/losperiodistas.com.mx\/portal\/wp-json\/wp\/v2\/posts"}],"about":[{"href":"https:\/\/losperiodistas.com.mx\/portal\/wp-json\/wp\/v2\/types\/post"}],"author":[{"embeddable":true,"href":"https:\/\/losperiodistas.com.mx\/portal\/wp-json\/wp\/v2\/users\/1"}],"replies":[{"embeddable":true,"href":"https:\/\/losperiodistas.com.mx\/portal\/wp-json\/wp\/v2\/comments?post=55688"}],"version-history":[{"count":1,"href":"https:\/\/losperiodistas.com.mx\/portal\/wp-json\/wp\/v2\/posts\/55688\/revisions"}],"predecessor-version":[{"id":55691,"href":"https:\/\/losperiodistas.com.mx\/portal\/wp-json\/wp\/v2\/posts\/55688\/revisions\/55691"}],"wp:featuredmedia":[{"embeddable":true,"href":"https:\/\/losperiodistas.com.mx\/portal\/wp-json\/wp\/v2\/media\/55689"}],"wp:attachment":[{"href":"https:\/\/losperiodistas.com.mx\/portal\/wp-json\/wp\/v2\/media?parent=55688"}],"wp:term":[{"taxonomy":"category","embeddable":true,"href":"https:\/\/losperiodistas.com.mx\/portal\/wp-json\/wp\/v2\/categories?post=55688"},{"taxonomy":"post_tag","embeddable":true,"href":"https:\/\/losperiodistas.com.mx\/portal\/wp-json\/wp\/v2\/tags?post=55688"}],"curies":[{"name":"wp","href":"https:\/\/api.w.org\/{rel}","templated":true}]}}