{"id":55682,"date":"2023-07-30T07:52:14","date_gmt":"2023-07-30T12:52:14","guid":{"rendered":"http:\/\/losperiodistas.com.mx\/portal\/?p=55682"},"modified":"2023-07-30T07:52:17","modified_gmt":"2023-07-30T12:52:17","slug":"descubierta-una-nueva-planta-de-mexico-para-el-mundo-el-pais","status":"publish","type":"post","link":"https:\/\/losperiodistas.com.mx\/portal\/descubierta-una-nueva-planta-de-mexico-para-el-mundo-el-pais\/","title":{"rendered":"Descubierta una nueva planta de M\u00e9xico para el mundo | El Pa\u00eds"},"content":{"rendered":"\n<h2 class=\"has-background has-medium-font-size wp-block-heading\" style=\"background-color:#86f43d\">La \u2018Viridantha minuscula\u2019 ha sido hallada en el jard\u00edn bot\u00e1nico del Charco del Ingenio, en San Miguel Allende, y es una muestra de la enorme variedad de especies que se describen en M\u00e9xico<\/h2>\n\n\n\n<p><\/p>\n\n\n\n<figure class=\"wp-block-embed aligncenter is-type-video is-provider-youtube wp-block-embed-youtube wp-embed-aspect-16-9 wp-has-aspect-ratio\"><div class=\"wp-block-embed__wrapper\">\n<iframe title=\"M\u00c9XICO | &#039;Viridantha minuscula&#039; la nueva planta mexicana | EL PA\u00cdS\" width=\"500\" height=\"281\" src=\"https:\/\/www.youtube.com\/embed\/nKAV2RKg6Mk?feature=oembed\" frameborder=\"0\" allow=\"accelerometer; autoplay; clipboard-write; encrypted-media; gyroscope; picture-in-picture; web-share\" referrerpolicy=\"strict-origin-when-cross-origin\" allowfullscreen><\/iframe>\n<\/div><figcaption>Ejemplar de &#8216;Viridantha minuscula&#8217;, descubierta en Guanajuato.V\u00eddeo:\u00a0RODRIGO OROPEZA<\/figcaption><\/figure>\n\n\n\n<p class=\"has-vivid-red-color has-text-color has-medium-font-size\"><strong>CARMEN MOR\u00c1N BRE\u00d1A \/ EL PA\u00cdS<\/strong><\/p>\n\n\n\n<p>M\u00e9xico acaba de descubrir una nueva planta nunca antes vista en el mundo. Lo curioso del asunto es que el lugar donde la han encontrado llevaba 32 a\u00f1os bajo el escrutinio de ojos expertos hasta que el bi\u00f3logo Jos\u00e9 Viccon dio con ella en un paseo rutinario por&nbsp;<a href=\"https:\/\/elcharco.org.mx\/?utm_source=restaurantguru&amp;utm_medium=referral\" target=\"_blank\" rel=\"noreferrer noopener\">el Charco del Ingenio<\/a>, el jard\u00edn bot\u00e1nico de&nbsp;<a href=\"https:\/\/elpais.com\/elviajero\/2018\/07\/30\/videos\/1532960902_508915.html\">San Miguel Allende<\/a>, en Guanajuato. Se trata de una&nbsp;<a href=\"https:\/\/elpais.com\/estilo-de-vida\/2022-12-24\/tilansias-asi-son-las-plantas-que-viven-del-aire.html\">bromelia, la misma familia de la pi\u00f1a<\/a>&nbsp;que comemos y de tantas plantas con las que se adornan las casas y los jardines, pero esta es enana, de ah\u00ed su nombre cient\u00edfico,&nbsp;<em>Viridantha minuscula<\/em>, que el com\u00fan de los mortales llamar\u00e1 desde ahora la Bromelia del Charco. Los bi\u00f3logos tienen una especie de pacto de caballeros (o de damas) que les impide bautizar una nueva especie con el nombre del descubridor, explica Viccon por tel\u00e9fono. Tras cotejar la literatura cient\u00edfica con expertos del mundo, la revista&nbsp;<em>Phytotaxa&nbsp;<\/em>ha aprobado el hallazgo.<\/p>\n\n\n\n<figure class=\"wp-block-image size-large is-style-default\"><img fetchpriority=\"high\" decoding=\"async\" width=\"1024\" height=\"683\" src=\"https:\/\/losperiodistas.com.mx\/portal\/wp-content\/uploads\/2023\/07\/Captura-de-Pantalla-2023-07-30-a-las-6.49.37-1024x683.jpg\" alt=\"\" class=\"wp-image-55685\" srcset=\"https:\/\/losperiodistas.com.mx\/portal\/wp-content\/uploads\/2023\/07\/Captura-de-Pantalla-2023-07-30-a-las-6.49.37-1024x683.jpg 1024w, https:\/\/losperiodistas.com.mx\/portal\/wp-content\/uploads\/2023\/07\/Captura-de-Pantalla-2023-07-30-a-las-6.49.37-300x200.jpg 300w, https:\/\/losperiodistas.com.mx\/portal\/wp-content\/uploads\/2023\/07\/Captura-de-Pantalla-2023-07-30-a-las-6.49.37-768x512.jpg 768w, https:\/\/losperiodistas.com.mx\/portal\/wp-content\/uploads\/2023\/07\/Captura-de-Pantalla-2023-07-30-a-las-6.49.37.jpg 1518w\" sizes=\"(max-width: 1024px) 100vw, 1024px\" \/><figcaption>Una muestra de la &#8216;Viridantha minuscula&#8217;.RODRIGO OROPEZA<\/figcaption><\/figure>\n\n\n\n<p>\u201cViccon estaba recorriendo la ca\u00f1ada cuando detect\u00f3 el ejemplar, tuvo que esperar meses hasta que floreciera para confirmar que aquella planta ten\u00eda caracter\u00edsticas que no le eran del todo familiares. Convoc\u00f3 a otros colegas para visitar el lugar; ninguno ten\u00eda certeza plena y eso les gener\u00f3 inquietud. Meses despu\u00e9s, la revista&nbsp;<em>Phytotaxa<\/em>&nbsp;nos felicit\u00f3\u201d, dice exultante Mario Hern\u00e1ndez, el director del jard\u00edn bot\u00e1nico&nbsp;<a href=\"https:\/\/elpais.com\/elviajero\/2016\/04\/01\/album\/1459520396_878675.html\" target=\"_blank\" rel=\"noreferrer noopener\">enclavado en uno de los pueblos m\u00e1s bonitos y tur\u00edsticos<\/a>&nbsp;de M\u00e9xico.&nbsp;<a href=\"https:\/\/cincodias.elpais.com\/cincodias\/2014\/08\/14\/sentidos\/1408037824_547029.html\">San Miguel Allende<\/a>&nbsp;tiene un clima semides\u00e9rtico y el Charco del Ingenio est\u00e1 dedicado a conservar y mostrar las especies propias de ese h\u00e1bitat, id\u00f3neo para las cact\u00e1ceas y otras variedades&nbsp;<a href=\"https:\/\/elpais.com\/estilo-de-vida\/2022-12-24\/tilansias-asi-son-las-plantas-que-viven-del-aire.html\">que se conforman con poca agua<\/a>, ello a pesar de que un hermoso lago ba\u00f1a el jard\u00edn y le presta espejo a media tarde.<\/p>\n\n\n\n<p>La florescencia de esta bromelia est\u00e1 encerrada en un c\u00e1liz de min\u00fasculas espaditas, como el penacho que remata la pi\u00f1a, pero estas son ros\u00e1ceas, lo que permite hermanarla a simple vista con otras de su familia que adornan las casas. El ojo experto de Viccon ya ha descrito algunas otras especies para la humanidad, a base de estudiar bromelias,&nbsp;<a href=\"https:\/\/elpais.com\/estilo-de-vida\/2023-05-23\/cuando-hay-que-cambiarle-la-tierra-a-las-orquideas-trucos-para-cuidar-el-prodigio-tropical-de-las-mil-y-una-formas-y-colores.html\">orqu\u00eddeas<\/a>, helechos, peperomias y ar\u00e1ceas.&nbsp;<a href=\"https:\/\/es.wikipedia.org\/wiki\/Bromelia\" target=\"_blank\" rel=\"noreferrer noopener\">Si teclean en su buscador<\/a>&nbsp;sabr\u00e1n de inmediato que alguna vez las tuvieron en sus domicilios. \u201cLas bromelias se distribuyen entre los tr\u00f3picos americanos, pero esta de Guanajuato es de roca, de climas \u00e1ridos\u201d. En efecto, la peque\u00f1a plantita es ruda y sus ra\u00edces abrazan las rocas y requieren poca lluvia para sobrevivir. \u201cTienen el caracter\u00edstico color verde gris\u00e1ceo y con tricomas, esos pelitos con los que absorben la poca humedad que haya en el ambiente\u201d, cuenta Viccon, que ha perseguido este ejemplar desde que lleg\u00f3 al Charco hace cuatro a\u00f1os. \u201cNo es f\u00e1cil descubrir una especie \u00fanica y menos en un sitio estudiado al detalle durante 32 a\u00f1os, es un gran reto\u201d.<\/p>\n\n\n\n<figure class=\"wp-block-image size-large is-style-default\"><img decoding=\"async\" width=\"1024\" height=\"677\" src=\"https:\/\/losperiodistas.com.mx\/portal\/wp-content\/uploads\/2023\/07\/Captura-de-Pantalla-2023-07-30-a-las-6.49.09-1024x677.jpg\" alt=\"\" class=\"wp-image-55684\" srcset=\"https:\/\/losperiodistas.com.mx\/portal\/wp-content\/uploads\/2023\/07\/Captura-de-Pantalla-2023-07-30-a-las-6.49.09-1024x677.jpg 1024w, https:\/\/losperiodistas.com.mx\/portal\/wp-content\/uploads\/2023\/07\/Captura-de-Pantalla-2023-07-30-a-las-6.49.09-300x198.jpg 300w, https:\/\/losperiodistas.com.mx\/portal\/wp-content\/uploads\/2023\/07\/Captura-de-Pantalla-2023-07-30-a-las-6.49.09-768x508.jpg 768w, https:\/\/losperiodistas.com.mx\/portal\/wp-content\/uploads\/2023\/07\/Captura-de-Pantalla-2023-07-30-a-las-6.49.09.jpg 1524w\" sizes=\"(max-width: 1024px) 100vw, 1024px\" \/><figcaption>Jos\u00e9 Viccon con un ejemplar de la nueva especie descubierta.RODRIGO OROPEZA<\/figcaption><\/figure>\n\n\n\n<p>El tallo de la&nbsp;<a href=\"https:\/\/revista.ib.unam.mx\/index.php\/bio\/article\/view\/2453\" target=\"_blank\" rel=\"noreferrer noopener\"><em>Viridantha minuscula&nbsp;<\/em><\/a>alcanza unos siete y ocho cent\u00edmetros de di\u00e1metro y las flores son grandes en comparaci\u00f3n con su tama\u00f1o, entre verdes y amarillentas, pero envueltas en esas espaditas ros\u00e1ceas que un ne\u00f3fito entender\u00eda que es la misma flor. No es comestible, aunque da frutos y semillas, como todas las plantas. Esta enana apenas alcanza cinco cent\u00edmetros de altura, pero ser\u00e1 un extraordinario hallazgo para quienes coleccionen bromelias.<\/p>\n\n\n\n<p><a href=\"https:\/\/elpais.com\/america-colombia\/2023-04-04\/asi-atrapan-a-los-insectos-las-dos-nuevas-especies-de-plantas-carnivoras-descubiertas-en-sudamerica.html\">El descubrimiento de una nueva planta&nbsp;<\/a>para el mundo no es algo infrecuente. Miles de bi\u00f3logos se dedican a peinar territorios diversos en esta b\u00fasqueda o simplemente para inventariar distintas zonas del planeta, y la naturaleza es cambiante. La mano humana o el propio clima propician cambios y adaptaciones que generan nuevas especies. Esta Bromelia del Charco es un ejemplo de ello y una de las decenas que se describen en M\u00e9xico cada a\u00f1o. \u201cBuena parte de la flora de Guanajuato ha sido menospreciada para transformar el territorio con pr\u00e1cticas neoliberales que implican la destrucci\u00f3n del h\u00e1bitat, pero el Estado tiene una gran riqueza inexplorada. Este hallazgo es un gran logro en un espacio muy modificado y, como todos, bajo la incidencia del cambio clim\u00e1tico. Que haya una nueva especie&nbsp;<a href=\"https:\/\/elpais.com\/america-futura\/2023-06-02\/el-resguardo-indigena-que-vendio-bonos-de-carbono-sin-que-sus-habitantes-lo-supieran.html\">debe ayudarnos a reflexionar sobre la conservaci\u00f3n&nbsp;<\/a>de nuestros recursos naturales y sobre las pol\u00edticas p\u00fablicas que han de aplicarse\u201d, dice el director del bot\u00e1nico. Hern\u00e1ndez explica c\u00f3mo cada cinco a\u00f1os, los bi\u00f3logos dividen el terreno en cuadrantes o transectos para hacer inventario de toda la flora, \u201cde todo lo que all\u00ed crezca o haya dejado de crecer\u201d, metro a metro. Una informaci\u00f3n que despu\u00e9s queda resguardada en el&nbsp;<a href=\"https:\/\/www.inecol.mx\/inecol\/index.php\/es\/\" target=\"_blank\" rel=\"noreferrer noopener\">Instituto Nacional de Ecolog\u00eda&nbsp;<\/a>(Inecol), en Michoac\u00e1n.<\/p>\n\n\n\n<figure class=\"wp-block-image size-large is-style-default\"><img decoding=\"async\" width=\"1024\" height=\"580\" src=\"https:\/\/losperiodistas.com.mx\/portal\/wp-content\/uploads\/2023\/07\/Captura-de-Pantalla-2023-07-30-a-las-6.48.44-1024x580.jpg\" alt=\"\" class=\"wp-image-55683\" srcset=\"https:\/\/losperiodistas.com.mx\/portal\/wp-content\/uploads\/2023\/07\/Captura-de-Pantalla-2023-07-30-a-las-6.48.44-1024x580.jpg 1024w, https:\/\/losperiodistas.com.mx\/portal\/wp-content\/uploads\/2023\/07\/Captura-de-Pantalla-2023-07-30-a-las-6.48.44-300x170.jpg 300w, https:\/\/losperiodistas.com.mx\/portal\/wp-content\/uploads\/2023\/07\/Captura-de-Pantalla-2023-07-30-a-las-6.48.44-768x435.jpg 768w, https:\/\/losperiodistas.com.mx\/portal\/wp-content\/uploads\/2023\/07\/Captura-de-Pantalla-2023-07-30-a-las-6.48.44.jpg 1516w\" sizes=\"(max-width: 1024px) 100vw, 1024px\" \/><figcaption>El Charco del Ingenio, el jard\u00edn bot\u00e1nico de San Miguel Allende.RODRIGO OROPEZA (EL PA\u00cdS)<\/figcaption><\/figure>\n\n\n\n<p>Es la forma de ver c\u00f3mo se va transformando un espacio natural. \u201cAunque se descubren por todo el mundo decenas de especies vegetales nuevas, desgraciadamente son muchas m\u00e1s las que se extinguen, porque las adaptaciones tardan millones de a\u00f1os y alteramos el planeta de forma tan acelerada que no les da tiempo\u201d, explica Hern\u00e1ndez. M\u00e9xico es un campo f\u00e9rtil para el descubrimiento de nuevas especies por su enorme diversidad clim\u00e1tica y natural. Junto con otros seis pa\u00edses, resguarda el 70% de la&nbsp;<a href=\"https:\/\/elpais.com\/extra\/medio-ambiente\/2023-06-05\/hacia-un-pacto-mundial-para-conservar-la-biodiversidad.html\">biodiversidad mundial<\/a>. Como dice el director del Charco del Ingenio, \u201chay todo un mundo por descubrir\u201d.<\/p>\n\n\n\n<p><a href=\"https:\/\/plus.elpais.com\/newsletters\/lnp\/1\/348\"><strong>Suscr\u00edbase aqu\u00ed<\/strong><\/a>a la&nbsp;<em>newsletter<\/em>&nbsp;de EL PA\u00cdS M\u00e9xico y reciba todas las claves informativas de la actualidad de este pa\u00eds<\/p>\n","protected":false},"excerpt":{"rendered":"<p>La \u2018Viridantha minuscula\u2019 ha sido hallada en el jard\u00edn bot\u00e1nico del Charco del Ingenio, en San Miguel Allende, y es [&hellip;]<\/p>\n","protected":false},"author":1,"featured_media":55686,"comment_status":"open","ping_status":"open","sticky":false,"template":"","format":"standard","meta":{"site-sidebar-layout":"default","site-content-layout":"","ast-site-content-layout":"default","site-content-style":"default","site-sidebar-style":"default","ast-global-header-display":"","ast-banner-title-visibility":"","ast-main-header-display":"","ast-hfb-above-header-display":"","ast-hfb-below-header-display":"","ast-hfb-mobile-header-display":"","site-post-title":"","ast-breadcrumbs-content":"","ast-featured-img":"","footer-sml-layout":"","theme-transparent-header-meta":"","adv-header-id-meta":"","stick-header-meta":"","header-above-stick-meta":"","header-main-stick-meta":"","header-below-stick-meta":"","astra-migrate-meta-layouts":"default","ast-page-background-enabled":"default","ast-page-background-meta":{"desktop":{"background-color":"var(--ast-global-color-4)","background-image":"","background-repeat":"repeat","background-position":"center center","background-size":"auto","background-attachment":"scroll","background-type":"","background-media":"","overlay-type":"","overlay-color":"","overlay-opacity":"","overlay-gradient":""},"tablet":{"background-color":"","background-image":"","background-repeat":"repeat","background-position":"center center","background-size":"auto","background-attachment":"scroll","background-type":"","background-media":"","overlay-type":"","overlay-color":"","overlay-opacity":"","overlay-gradient":""},"mobile":{"background-color":"","background-image":"","background-repeat":"repeat","background-position":"center center","background-size":"auto","background-attachment":"scroll","background-type":"","background-media":"","overlay-type":"","overlay-color":"","overlay-opacity":"","overlay-gradient":""}},"ast-content-background-meta":{"desktop":{"background-color":"var(--ast-global-color-5)","background-image":"","background-repeat":"repeat","background-position":"center center","background-size":"auto","background-attachment":"scroll","background-type":"","background-media":"","overlay-type":"","overlay-color":"","overlay-opacity":"","overlay-gradient":""},"tablet":{"background-color":"var(--ast-global-color-5)","background-image":"","background-repeat":"repeat","background-position":"center center","background-size":"auto","background-attachment":"scroll","background-type":"","background-media":"","overlay-type":"","overlay-color":"","overlay-opacity":"","overlay-gradient":""},"mobile":{"background-color":"var(--ast-global-color-5)","background-image":"","background-repeat":"repeat","background-position":"center center","background-size":"auto","background-attachment":"scroll","background-type":"","background-media":"","overlay-type":"","overlay-color":"","overlay-opacity":"","overlay-gradient":""}},"footnotes":""},"categories":[8],"tags":[17684,17682,17683,17681],"class_list":["post-55682","post","type-post","status-publish","format-standard","has-post-thumbnail","hentry","category-noticias","tag-bromelia","tag-el-charco-del-ingenio","tag-san-miguel-de-allende","tag-viridantha-minuscula"],"_links":{"self":[{"href":"https:\/\/losperiodistas.com.mx\/portal\/wp-json\/wp\/v2\/posts\/55682","targetHints":{"allow":["GET"]}}],"collection":[{"href":"https:\/\/losperiodistas.com.mx\/portal\/wp-json\/wp\/v2\/posts"}],"about":[{"href":"https:\/\/losperiodistas.com.mx\/portal\/wp-json\/wp\/v2\/types\/post"}],"author":[{"embeddable":true,"href":"https:\/\/losperiodistas.com.mx\/portal\/wp-json\/wp\/v2\/users\/1"}],"replies":[{"embeddable":true,"href":"https:\/\/losperiodistas.com.mx\/portal\/wp-json\/wp\/v2\/comments?post=55682"}],"version-history":[{"count":1,"href":"https:\/\/losperiodistas.com.mx\/portal\/wp-json\/wp\/v2\/posts\/55682\/revisions"}],"predecessor-version":[{"id":55687,"href":"https:\/\/losperiodistas.com.mx\/portal\/wp-json\/wp\/v2\/posts\/55682\/revisions\/55687"}],"wp:featuredmedia":[{"embeddable":true,"href":"https:\/\/losperiodistas.com.mx\/portal\/wp-json\/wp\/v2\/media\/55686"}],"wp:attachment":[{"href":"https:\/\/losperiodistas.com.mx\/portal\/wp-json\/wp\/v2\/media?parent=55682"}],"wp:term":[{"taxonomy":"category","embeddable":true,"href":"https:\/\/losperiodistas.com.mx\/portal\/wp-json\/wp\/v2\/categories?post=55682"},{"taxonomy":"post_tag","embeddable":true,"href":"https:\/\/losperiodistas.com.mx\/portal\/wp-json\/wp\/v2\/tags?post=55682"}],"curies":[{"name":"wp","href":"https:\/\/api.w.org\/{rel}","templated":true}]}}