{"id":55674,"date":"2023-07-30T07:23:15","date_gmt":"2023-07-30T12:23:15","guid":{"rendered":"http:\/\/losperiodistas.com.mx\/portal\/?p=55674"},"modified":"2023-07-30T07:23:17","modified_gmt":"2023-07-30T12:23:17","slug":"el-papa-en-el-angelus-buscar-encontrar-y-abrazar-a-jesus-con-todo-nuestro-ser-vatican-news","status":"publish","type":"post","link":"https:\/\/losperiodistas.com.mx\/portal\/el-papa-en-el-angelus-buscar-encontrar-y-abrazar-a-jesus-con-todo-nuestro-ser-vatican-news\/","title":{"rendered":"El Papa en el \u00c1ngelus: Buscar, encontrar y abrazar a Jes\u00fas con todo nuestro ser | Vatican News"},"content":{"rendered":"\n<p class=\"has-luminous-vivid-amber-background-color has-background has-medium-font-size\">Este domingo, 30 de julio, el Santo Padre en su alocuci\u00f3n antes de rezar la oraci\u00f3n del \u00e1ngelus invit\u00f3 a reflexionar sobre los tres gestos que realiza el \u201ccomerciante de perlas finas\u201d y pidi\u00f3 a la Virgen Mar\u00eda \u201cque nos ayude a buscar, encontrar y abrazar a Jes\u00fas con todo nuestro ser\u201d.<\/p>\n\n\n\n<figure class=\"wp-block-embed is-type-video is-provider-youtube wp-block-embed-youtube wp-embed-aspect-16-9 wp-has-aspect-ratio\"><div class=\"wp-block-embed__wrapper\">\n<iframe title=\"\u00c1ngelus 30 de julio de 2023 Papa Francisco\" width=\"500\" height=\"281\" src=\"https:\/\/www.youtube.com\/embed\/kA4OTTPtuC8?feature=oembed\" frameborder=\"0\" allow=\"accelerometer; autoplay; clipboard-write; encrypted-media; gyroscope; picture-in-picture; web-share\" referrerpolicy=\"strict-origin-when-cross-origin\" allowfullscreen><\/iframe>\n<\/div><\/figure>\n\n\n\n<p><\/p>\n\n\n\n<p class=\"has-vivid-red-color has-text-color has-medium-font-size\"><strong>RENATO MART\u00cdNEZ \/ VATICAN NEWS<\/strong><\/p>\n\n\n\n<p>\u201c\u00bfCu\u00e1l es esa perla por la que se puede renunciar a todo, de la que nos habla el Se\u00f1or?\u00a1Es \u00c9l mismo, Jes\u00fas! \u00c9l es la perla preciosa de la vida, que hay que buscar, encontrar y hacer propia. Merece la pena invertirlo todo en \u00c9l, porque, cuando uno encuentra a Cristo, la vida cambia\u201d, lo dijo el Papa Francisco en su alocuci\u00f3n antes de rezar la oraci\u00f3n mariana del \u00e1ngelus de este domingo, 30 de julio, ante los miles de fieles y peregrinos que se dieron cita en la Plaza de San Pedro.<\/p>\n\n\n\n<h2 class=\"wp-block-heading\"><strong>Los gestos del \u201ccomerciante de perlas finas\u201d<\/strong><\/h2>\n\n\n\n<p>Al comentar el Evangelio (Mt 13,44-52) que la liturgia presenta este XVII Domingo del Tiempo Ordinario, el Santo Padre invit\u00f3 a reflexionar sobre los gestos que realiza el \u201ccomerciante de perlas finas\u201d al encontrar \u201cuna perla de gran valor\u201d: \u201cprimero busca, luego encuentra y finalmente compra\u201d. Al referirse al primer gesto que realiza el comerciante, el Pont\u00edfice dijo que, \u00e9l sale a buscar la novedad del Se\u00f1or.<\/p>\n\n\n\n<p><em>\u201cEs un comerciante emprendedor, que no se queda quieto, sino que sale de su casa y se pone a buscar perlas preciosas. No dice: \u2018Me conformo con las que tengo\u2019, sino que busca otras m\u00e1s bellas. Y esto nos invita a no encerrarnos en la costumbre, en la mediocridad de los que se contentan, sino a reavivar el deseo: reavivar el deseo, para que el deseo de buscar, ir adelante no se apague; a cultivar los sue\u00f1os de bien, a buscar la novedad del Se\u00f1or, porque el Se\u00f1or no es repetitivo, siempre trae novedad, la novedad del Esp\u00edritu, siempre hace nuevas las realidades de la vida. Y nosotros debemos tener esta actitud: buscar\u201d.<\/em><\/p>\n\n\n\n<h2 class=\"wp-block-heading\"><strong>No perdamos tiempo y libertad en cosas triviales<\/strong><\/h2>\n\n\n\n<p>\u201cEncontrar\u201d, es el segundo gesto que realiza el comerciante de perlas finas, y sobre este gesto, el Papa Francisco dijo que, es una persona prudente, que \u00abtiene ojo\u00bb y sabe reconocer una perla de gran valor. Y para explicar esta segunda actitud, el Pont\u00edfice puso como ejemplo \u201clos fascinantes bazares orientales\u201d, donde si uno se detiene a mirar con atenci\u00f3n, puede descubrir tesoros: cosas muy valiosas. Pero el comerciante de la par\u00e1bola tiene buen ojo y sabe encontrar, \u00abdiscernir\u00bb la perla.<\/p>\n\n\n\n<p><em>\u201cEsto tambi\u00e9n es un aprendizaje para nosotros: cada d\u00eda, en casa, en la calle, en el trabajo, de vacaciones, tenemos la oportunidad de vislumbrar el bien. Y es importante saber encontrar lo que vale la pena: entrenarnos para reconocer las gemas preciosas de la vida y distinguirlas de las baratijas. \u00a1No perdamos tiempo y libertad en cosas triviales, pasatiempos que nos dejan vac\u00edos por dentro, mientras la vida nos ofrece cada d\u00eda la perla preciosa del encuentro con Dios y con los dem\u00e1s! Es necesario saber reconocerla: discernir para encontrarla\u201d.<\/em><\/p>\n\n\n\n<h2 class=\"wp-block-heading\"><strong>Jes\u00fas es la perla preciosa de la vida<\/strong><\/h2>\n\n\n\n<p>El \u00faltimo gesto que realiza el comerciante de la par\u00e1bola, afirm\u00f3 el Santo Padre, es comprar la perla. Al darse cuenta de su inmenso valor, vende todo, sacrifica todos sus bienes para tenerla. Seg\u00fan el Pont\u00edfice, el comerciante cambia radicalmente el inventario de su almac\u00e9n; no queda nada m\u00e1s que esa perla: es su \u00fanica riqueza, el sentido de su presente y de su futuro.<\/p>\n\n\n\n<p><em>\u201cEsto tambi\u00e9n es una invitaci\u00f3n para nosotros. Pero, \u00bfcu\u00e1l es esa perla por la que se puede renunciar a todo, de la que nos habla el Se\u00f1or? \u00a1Esa perla es \u00c9l mismo, es el Se\u00f1or. Buscar al Se\u00f1or y encontrar al Se\u00f1or, vivir con el Se\u00f1or. La perla es Jes\u00fas! \u00c9l es la perla preciosa de la vida, que hay que buscar, encontrar y hacer propia. Merece la pena invertirlo todo en \u00c9l, porque, cuando uno encuentra a Cristo, la vida cambia\u201d.<\/em><\/p>\n\n\n\n<h2 class=\"wp-block-heading\"><strong>Buscar, encontrar y abrazar a Jes\u00fas con todo nuestro ser<\/strong><\/h2>\n\n\n\n<p>Finalmente, el Papa Francisco invit\u00f3 a no perder de vista los tres gestos que realiza el comerciante de la par\u00e1bola \u2013 buscar, encontrar, comprar \u2013 y a hacernos algunas preguntas que pueden ayudarnos en nuestra vida cotidiana; pidiendo a la Virgen Mar\u00eda que \u201cnos ayude a buscar, encontrar y abrazar a Jes\u00fas con todo nuestro ser\u201d.<\/p>\n\n\n\n<p><em>\u201cBuscar: \u00bfyo, en mi vida, estoy en b\u00fasqueda? \u00bfMe siento bien, conforme, o entreno mi deseo por el bien? \u00bfEstoy en jubilaci\u00f3n espiritual? Cu\u00e1ntos j\u00f3venes estan en la jubilaci\u00f3n espiritual. Segundo gesto, encontrar: \u00bfme ej\u00e9rcito en discernir lo que es bueno y viene de Dios, sabiendo renunciar a lo que me deja poco o nada? Por \u00faltimo, comprar: \u00bfs\u00e9 gastarme por Jes\u00fas? \u00bfEst\u00e1 \u00c9l en primer lugar para m\u00ed, es \u00c9l el mayor bien de la vida? Ser\u00eda bonito decirle hoy: Jes\u00fas, T\u00fa eres mi mayor bien\u201d.<\/em><\/p>\n\n\n\n<p>Fuente: <a href=\"https:\/\/www.vaticannews.va\/es\/papa\/news\/2023-07\/papa-francisco-alocucion-angelus-domingo-30-julio-2023.html\">https:\/\/www.vaticannews.va\/es\/papa\/news\/2023-07\/papa-francisco-alocucion-angelus-domingo-30-julio-2023.html<\/a><\/p>\n","protected":false},"excerpt":{"rendered":"<p>Este domingo, 30 de julio, el Santo Padre en su alocuci\u00f3n antes de rezar la oraci\u00f3n del \u00e1ngelus invit\u00f3 a [&hellip;]<\/p>\n","protected":false},"author":1,"featured_media":55675,"comment_status":"open","ping_status":"open","sticky":false,"template":"","format":"standard","meta":{"site-sidebar-layout":"default","site-content-layout":"","ast-site-content-layout":"default","site-content-style":"default","site-sidebar-style":"default","ast-global-header-display":"","ast-banner-title-visibility":"","ast-main-header-display":"","ast-hfb-above-header-display":"","ast-hfb-below-header-display":"","ast-hfb-mobile-header-display":"","site-post-title":"","ast-breadcrumbs-content":"","ast-featured-img":"","footer-sml-layout":"","theme-transparent-header-meta":"","adv-header-id-meta":"","stick-header-meta":"","header-above-stick-meta":"","header-main-stick-meta":"","header-below-stick-meta":"","astra-migrate-meta-layouts":"default","ast-page-background-enabled":"default","ast-page-background-meta":{"desktop":{"background-color":"var(--ast-global-color-4)","background-image":"","background-repeat":"repeat","background-position":"center center","background-size":"auto","background-attachment":"scroll","background-type":"","background-media":"","overlay-type":"","overlay-color":"","overlay-opacity":"","overlay-gradient":""},"tablet":{"background-color":"","background-image":"","background-repeat":"repeat","background-position":"center center","background-size":"auto","background-attachment":"scroll","background-type":"","background-media":"","overlay-type":"","overlay-color":"","overlay-opacity":"","overlay-gradient":""},"mobile":{"background-color":"","background-image":"","background-repeat":"repeat","background-position":"center center","background-size":"auto","background-attachment":"scroll","background-type":"","background-media":"","overlay-type":"","overlay-color":"","overlay-opacity":"","overlay-gradient":""}},"ast-content-background-meta":{"desktop":{"background-color":"var(--ast-global-color-5)","background-image":"","background-repeat":"repeat","background-position":"center center","background-size":"auto","background-attachment":"scroll","background-type":"","background-media":"","overlay-type":"","overlay-color":"","overlay-opacity":"","overlay-gradient":""},"tablet":{"background-color":"var(--ast-global-color-5)","background-image":"","background-repeat":"repeat","background-position":"center center","background-size":"auto","background-attachment":"scroll","background-type":"","background-media":"","overlay-type":"","overlay-color":"","overlay-opacity":"","overlay-gradient":""},"mobile":{"background-color":"var(--ast-global-color-5)","background-image":"","background-repeat":"repeat","background-position":"center center","background-size":"auto","background-attachment":"scroll","background-type":"","background-media":"","overlay-type":"","overlay-color":"","overlay-opacity":"","overlay-gradient":""}},"footnotes":""},"categories":[8],"tags":[3827,196],"class_list":["post-55674","post","type-post","status-publish","format-standard","has-post-thumbnail","hentry","category-noticias","tag-angelus-2","tag-papa-francisco"],"_links":{"self":[{"href":"https:\/\/losperiodistas.com.mx\/portal\/wp-json\/wp\/v2\/posts\/55674","targetHints":{"allow":["GET"]}}],"collection":[{"href":"https:\/\/losperiodistas.com.mx\/portal\/wp-json\/wp\/v2\/posts"}],"about":[{"href":"https:\/\/losperiodistas.com.mx\/portal\/wp-json\/wp\/v2\/types\/post"}],"author":[{"embeddable":true,"href":"https:\/\/losperiodistas.com.mx\/portal\/wp-json\/wp\/v2\/users\/1"}],"replies":[{"embeddable":true,"href":"https:\/\/losperiodistas.com.mx\/portal\/wp-json\/wp\/v2\/comments?post=55674"}],"version-history":[{"count":1,"href":"https:\/\/losperiodistas.com.mx\/portal\/wp-json\/wp\/v2\/posts\/55674\/revisions"}],"predecessor-version":[{"id":55676,"href":"https:\/\/losperiodistas.com.mx\/portal\/wp-json\/wp\/v2\/posts\/55674\/revisions\/55676"}],"wp:featuredmedia":[{"embeddable":true,"href":"https:\/\/losperiodistas.com.mx\/portal\/wp-json\/wp\/v2\/media\/55675"}],"wp:attachment":[{"href":"https:\/\/losperiodistas.com.mx\/portal\/wp-json\/wp\/v2\/media?parent=55674"}],"wp:term":[{"taxonomy":"category","embeddable":true,"href":"https:\/\/losperiodistas.com.mx\/portal\/wp-json\/wp\/v2\/categories?post=55674"},{"taxonomy":"post_tag","embeddable":true,"href":"https:\/\/losperiodistas.com.mx\/portal\/wp-json\/wp\/v2\/tags?post=55674"}],"curies":[{"name":"wp","href":"https:\/\/api.w.org\/{rel}","templated":true}]}}