{"id":5545,"date":"2021-03-12T14:35:07","date_gmt":"2021-03-12T20:35:07","guid":{"rendered":"http:\/\/losperiodistas.com.mx\/portal\/?p=5545"},"modified":"2021-03-12T14:35:08","modified_gmt":"2021-03-12T20:35:08","slug":"cofepris-autoriza-el-uso-de-emergencia-del-medicamento-remdesivir-para-tratar-la-covid-19-el-economista","status":"publish","type":"post","link":"https:\/\/losperiodistas.com.mx\/portal\/cofepris-autoriza-el-uso-de-emergencia-del-medicamento-remdesivir-para-tratar-la-covid-19-el-economista\/","title":{"rendered":"Cofepris autoriza el uso de emergencia del medicamento Remdesivir para tratar la Covid-19 | El Economista"},"content":{"rendered":"\n<p style=\"font-size:18px\"><em>La Comisi\u00f3n Federal para la Protecci\u00f3n Contra Riesgos Sanitarios\u00a0autoriz\u00f3 el uso de emergencia del medicamento Remdesivir para tratar la enfermedad de Covid-19.<\/em><\/p>\n\n\n\n<p class=\"has-vivid-cyan-blue-color has-text-color has-medium-font-size\">EL ECONOMISTA<\/p>\n\n\n\n<p>La&nbsp;<strong>Comisi\u00f3n Federal para la Protecci\u00f3n Contra Riesgos Sanitarios (Cofepris)&nbsp;<\/strong>autoriz\u00f3 el uso de emergencia del medicamento&nbsp;<strong>Remdesivir&nbsp;<\/strong>para tratar la enfermedad de Covid-19.<\/p>\n\n\n\n<p>El Remdesivir fue dise\u00f1ado originalmente&nbsp;<strong>para tratar el padecimiento de la Hepatitis C<\/strong>.<\/p>\n\n\n\n<p>Durante el a\u00f1o 2020, se comunic\u00f3 entre profesionales de la salud y prensa especializada que el Remdesivir evitaba que el virus del coronavirus&nbsp;<strong>pudiera replicarse en m\u00e1s c\u00e9lulas<\/strong>&nbsp;y afectar al cuerpo humano.<\/p>\n\n\n\n<blockquote class=\"wp-block-quote is-style-large is-layout-flow wp-block-quote-is-layout-flow\"><p>\u201cDespu\u00e9s de una evaluaci\u00f3n por parte de la Comisi\u00f3n de Autorizaci\u00f3n Sanitaria, enfocada en garantizar el cumplimiento de los requisitos necesarios en materia de calidad, seguridad y eficacia, este medicamento fue autorizado para el uso de emergencia (\u2026) Su uso es exclusivo en sistema hospitalario y de alta especialidad en casos tempranos de la Covid-19\u201d, inform\u00f3 la Cofepris.<\/p><\/blockquote>\n\n\n\n<p>La Cofepris exhort\u00f3 de esta manera a las personas a utilizar el medicamento de Remdesivir<strong>&nbsp;bajo prescripci\u00f3n m\u00e9dica<\/strong>&nbsp;y no abusar del mismo.<\/p>\n\n\n\n<p>Tambi\u00e9n insisti\u00f3 en no automedicarse con Remdesivir y orden\u00f3 a los profesionales de la salud a extender, llegada la situaci\u00f3n,&nbsp;recetas m\u00e9dicas y a aceptar s\u00f3lo \u00e9stas al momento de que un usuario busque adquirir el medicamento.<\/p>\n\n\n\n<p>\u201cEs importante recordar que la poblaci\u00f3n no debe automedicarse ni autoprescribirse.<strong>\u00a0Cofepris recomienda acudir a consulta m\u00e9dica<\/strong>\u00a0cuando existan s\u00edntomas como fiebre, dolor de cabeza y de garganta, escurrimiento nasal y tos, entre otros, y aplicar medidas higi\u00e9nicas como el lavado frecuente de manos, el correcto uso de cubrebocas y guardar la sana distancia\u201d, afirm\u00f3 la dependencia.<\/p>\n\n\n\n<p>Fuente: https:\/\/www.eleconomista.com.mx\/politica\/Cofepris-autoriza-el-uso-de-emergencia-del-medicamento-Remdesivir-para-tratar-la-Covid-19-20210312-0064.html<\/p>\n","protected":false},"excerpt":{"rendered":"<p>La Comisi\u00f3n Federal para la Protecci\u00f3n Contra Riesgos Sanitarios\u00a0autoriz\u00f3 el uso de emergencia del medicamento Remdesivir para tratar la enfermedad [&hellip;]<\/p>\n","protected":false},"author":1,"featured_media":5546,"comment_status":"open","ping_status":"open","sticky":false,"template":"","format":"standard","meta":{"site-sidebar-layout":"default","site-content-layout":"","ast-site-content-layout":"default","site-content-style":"default","site-sidebar-style":"default","ast-global-header-display":"","ast-banner-title-visibility":"","ast-main-header-display":"","ast-hfb-above-header-display":"","ast-hfb-below-header-display":"","ast-hfb-mobile-header-display":"","site-post-title":"","ast-breadcrumbs-content":"","ast-featured-img":"","footer-sml-layout":"","theme-transparent-header-meta":"","adv-header-id-meta":"","stick-header-meta":"","header-above-stick-meta":"","header-main-stick-meta":"","header-below-stick-meta":"","astra-migrate-meta-layouts":"default","ast-page-background-enabled":"default","ast-page-background-meta":{"desktop":{"background-color":"var(--ast-global-color-4)","background-image":"","background-repeat":"repeat","background-position":"center center","background-size":"auto","background-attachment":"scroll","background-type":"","background-media":"","overlay-type":"","overlay-color":"","overlay-opacity":"","overlay-gradient":""},"tablet":{"background-color":"","background-image":"","background-repeat":"repeat","background-position":"center center","background-size":"auto","background-attachment":"scroll","background-type":"","background-media":"","overlay-type":"","overlay-color":"","overlay-opacity":"","overlay-gradient":""},"mobile":{"background-color":"","background-image":"","background-repeat":"repeat","background-position":"center center","background-size":"auto","background-attachment":"scroll","background-type":"","background-media":"","overlay-type":"","overlay-color":"","overlay-opacity":"","overlay-gradient":""}},"ast-content-background-meta":{"desktop":{"background-color":"var(--ast-global-color-5)","background-image":"","background-repeat":"repeat","background-position":"center center","background-size":"auto","background-attachment":"scroll","background-type":"","background-media":"","overlay-type":"","overlay-color":"","overlay-opacity":"","overlay-gradient":""},"tablet":{"background-color":"var(--ast-global-color-5)","background-image":"","background-repeat":"repeat","background-position":"center center","background-size":"auto","background-attachment":"scroll","background-type":"","background-media":"","overlay-type":"","overlay-color":"","overlay-opacity":"","overlay-gradient":""},"mobile":{"background-color":"var(--ast-global-color-5)","background-image":"","background-repeat":"repeat","background-position":"center center","background-size":"auto","background-attachment":"scroll","background-type":"","background-media":"","overlay-type":"","overlay-color":"","overlay-opacity":"","overlay-gradient":""}},"footnotes":""},"categories":[8],"tags":[447],"class_list":["post-5545","post","type-post","status-publish","format-standard","has-post-thumbnail","hentry","category-noticias","tag-remdesivir-aprobado-en-mexico"],"_links":{"self":[{"href":"https:\/\/losperiodistas.com.mx\/portal\/wp-json\/wp\/v2\/posts\/5545","targetHints":{"allow":["GET"]}}],"collection":[{"href":"https:\/\/losperiodistas.com.mx\/portal\/wp-json\/wp\/v2\/posts"}],"about":[{"href":"https:\/\/losperiodistas.com.mx\/portal\/wp-json\/wp\/v2\/types\/post"}],"author":[{"embeddable":true,"href":"https:\/\/losperiodistas.com.mx\/portal\/wp-json\/wp\/v2\/users\/1"}],"replies":[{"embeddable":true,"href":"https:\/\/losperiodistas.com.mx\/portal\/wp-json\/wp\/v2\/comments?post=5545"}],"version-history":[{"count":1,"href":"https:\/\/losperiodistas.com.mx\/portal\/wp-json\/wp\/v2\/posts\/5545\/revisions"}],"predecessor-version":[{"id":5547,"href":"https:\/\/losperiodistas.com.mx\/portal\/wp-json\/wp\/v2\/posts\/5545\/revisions\/5547"}],"wp:featuredmedia":[{"embeddable":true,"href":"https:\/\/losperiodistas.com.mx\/portal\/wp-json\/wp\/v2\/media\/5546"}],"wp:attachment":[{"href":"https:\/\/losperiodistas.com.mx\/portal\/wp-json\/wp\/v2\/media?parent=5545"}],"wp:term":[{"taxonomy":"category","embeddable":true,"href":"https:\/\/losperiodistas.com.mx\/portal\/wp-json\/wp\/v2\/categories?post=5545"},{"taxonomy":"post_tag","embeddable":true,"href":"https:\/\/losperiodistas.com.mx\/portal\/wp-json\/wp\/v2\/tags?post=5545"}],"curies":[{"name":"wp","href":"https:\/\/api.w.org\/{rel}","templated":true}]}}