{"id":5542,"date":"2021-03-12T08:37:27","date_gmt":"2021-03-12T14:37:27","guid":{"rendered":"http:\/\/losperiodistas.com.mx\/portal\/?p=5542"},"modified":"2021-03-12T08:37:29","modified_gmt":"2021-03-12T14:37:29","slug":"la-sorprendente-iniciativa-de-una-brigada-de-luchadores-mexicanos-para-fomentar-el-uso-de-mascarillas-cadena-ser","status":"publish","type":"post","link":"https:\/\/losperiodistas.com.mx\/portal\/la-sorprendente-iniciativa-de-una-brigada-de-luchadores-mexicanos-para-fomentar-el-uso-de-mascarillas-cadena-ser\/","title":{"rendered":"La sorprendente iniciativa de una brigada de luchadores mexicanos para fomentar el uso de mascarillas | Cadena SER"},"content":{"rendered":"\n<p style=\"font-size:18px\"><em>Los luchadores han convertido las calles en su propio ring<\/em><\/p>\n\n\n\n<p class=\"has-vivid-cyan-blue-color has-text-color has-medium-font-size\">DAVID JUSTO \/ Madrid \/ CADENA SER<\/p>\n\n\n\n<p>La lucha libre mexicana se caracteriza por sus combates de altos vuelos y por&nbsp;<strong>luchadores misteriosos que buscan la gloria escondidos bajo una m\u00e1scara<\/strong>. Entre ellos podemos encontrar algunos como&nbsp;<em>El Santo<\/em>&nbsp;o el&nbsp;<em>Rey Mysterio<\/em>, quien traslad\u00f3 esta tradici\u00f3n hasta la WWE estadounidense convirti\u00e9ndose as\u00ed en uno de los mayores representantes de este tipo de lucha a nivel internacional. Por esa misma raz\u00f3n, y ahora que llevar mascarilla se ha vuelto m\u00e1s importante que nunca para hacer frente a la COVID-19, los luchadores mexicanos han puesto en marcha una iniciativa.<\/p>\n\n\n\n<p>Una iniciativa, impulsada por\u00a0el Instituto de la Juventud de la Ciudad de M\u00e9xico (<a href=\"https:\/\/www.gob.mx\/imjuve\" rel=\"noreferrer noopener\" target=\"_blank\">Injuve<\/a>),\u00a0que consiste en rociar a la gente de gel hidroalcoh\u00f3lico y\u00a0<strong>enfundarle una mascarilla cada vez que vean que caminan por la calle sin ella<\/strong>. Para ello han contado con la\u00a0con la colaboraci\u00f3n de luchadores de la talla de Cicl\u00f3n Ram\u00edrez Jr, Espectro Jr,\u00a0 Pirata Morgan Jr y Bandido quienes,\u00a0<a href=\"https:\/\/www.eluniversal.com.mx\/metropoli\/dos-de-tres-caidas-por-el-cubrebocas-en-la-central-de-abasto-de-la-cdmx\" rel=\"noreferrer noopener\" target=\"_blank\">seg\u00fan cuenta\u00a0<em>El Universal<\/em>\u00a0de M\u00e9xico<\/a>, han visitado recientemente a\u00a0la Central de Abasto de Ciudad de M\u00e9xico para hacer frente a la COVID-19.<\/p>\n\n\n\n<figure class=\"wp-block-embed-youtube wp-block-embed is-type-video is-provider-youtube wp-embed-aspect-16-9 wp-has-aspect-ratio\"><div class=\"wp-block-embed__wrapper\">\nhttps:\/\/youtu.be\/bUshx23gVWM\n<\/div><\/figure>\n\n\n\n<h2 class=\"wp-block-heading\">Chorros de gel hidroalcoh\u00f3lico y mascarillas para combatir la COVID-19<\/h2>\n\n\n\n<p>Despu\u00e9s de que las autoridades locales determinaran que el mercado era uno de los focos principales de la COVID-19 en la ciudad, los luchadores han acudido hasta el mismo para ver si la gente segu\u00eda las recomendaciones sanitarias. Cada vez que cualquiera de ellos localizaba a alguien sin mascarilla, todos corr\u00edan hasta su posici\u00f3n y\u00a0<strong>lo inmovilizaban mediante una llave caracter\u00edstica de lucha libre<\/strong>\u00a0para equiparle contra la enfermedad.<\/p>\n\n\n\n<figure class=\"wp-block-embed-twitter wp-block-embed is-type-rich is-provider-twitter\"><div class=\"wp-block-embed__wrapper\">\n<blockquote class=\"twitter-tweet\" data-width=\"500\" data-dnt=\"true\"><p lang=\"es\" dir=\"ltr\">La Central de Abasto es el cuadril\u00e1tero donde los luchadores hacen frente al coronavirus y las personas que no usan cubrebocas. <a href=\"https:\/\/twitter.com\/hashtag\/EnPunto?src=hash&amp;ref_src=twsrc%5Etfw\">#EnPunto<\/a> con <a href=\"https:\/\/twitter.com\/DeniseMaerker?ref_src=twsrc%5Etfw\">@DeniseMaerker<\/a> <a href=\"https:\/\/t.co\/dmGsYFxQok\">https:\/\/t.co\/dmGsYFxQok<\/a> <a href=\"https:\/\/t.co\/XLeHDP84aE\">pic.twitter.com\/XLeHDP84aE<\/a><\/p>&mdash; NM\u00e1s (@nmas) <a href=\"https:\/\/twitter.com\/nmas\/status\/1370232798565564420?ref_src=twsrc%5Etfw\">March 12, 2021<\/a><\/blockquote><script async src=\"https:\/\/platform.twitter.com\/widgets.js\" charset=\"utf-8\"><\/script>\n<\/div><\/figure>\n\n\n\n<p>Dado que la persona est\u00e1 completamente inmovilizada por los luchadores, los responsables de la iniciativa proceden a rociarle gel hidroalcoh\u00f3lico por todo el cuerpo. Cuando est\u00e1 debidamente desinfectado, estos cogen una mascarilla y se la ponen para que deje de ser un riesgo para el resto de personas del mercado. Y es que, tal y como explica el luchador&nbsp;Cicl\u00f3n Ram\u00edrez Junior&nbsp;<a href=\"https:\/\/www.forbes.com.mx\/luchadores-mexicanos-retan-a-usar-cubrebocas-contra-covid-19\/\" rel=\"noreferrer noopener\" target=\"_blank\">en declaraciones a Forbes<\/a>, todav\u00eda hay quienes no creen en el virus.<\/p>\n\n\n\n<h2 class=\"wp-block-heading\">M\u00e9xico es uno de los pa\u00edses en los que m\u00e1s muertes se han registrado por COVID-19 en el \u00faltimo a\u00f1o<\/h2>\n\n\n\n<p>De esta manera, los luchadores pretenden concienciar a la sociedad mexicana de la importancia de seguir llevando mascarilla para hacer frente a la COVID-19. Y es que, desde que las autoridades sanitarias registraran el primer caso del nuevo brote de coronavirus en febrero de 2020, M\u00e9xico se ha convertido en una de las naciones m\u00e1s golpeadas por la enfermedad.<\/p>\n\n\n\n<p><a href=\"https:\/\/coronavirus.jhu.edu\/map.html\" rel=\"noreferrer noopener\" target=\"_blank\">Seg\u00fan recoge el mapa de la Universidad John Hopkins<\/a>, M\u00e9xico es el duod\u00e9cimo pa\u00eds en n\u00famero de contagios por COVID-19 con 2.630.841 casos pero\u00a0<strong>el tercero en lo que a muertes se refiere con\u00a0193.152.<\/strong>\u00a0Por esa misma raz\u00f3n, y para evitar que la enfermedad siga propag\u00e1ndose con facilidad, los luchadores mexicanos han decidido concienciar a la sociedad sobre la importancia de vestir mascarilla como hacen ellos.<\/p>\n\n\n\n<p>Fuente: <\/p>\n","protected":false},"excerpt":{"rendered":"<p>Los luchadores han convertido las calles en su propio ring DAVID JUSTO \/ Madrid \/ CADENA SER La lucha libre [&hellip;]<\/p>\n","protected":false},"author":1,"featured_media":5543,"comment_status":"open","ping_status":"open","sticky":false,"template":"","format":"standard","meta":{"site-sidebar-layout":"default","site-content-layout":"","ast-site-content-layout":"default","site-content-style":"default","site-sidebar-style":"default","ast-global-header-display":"","ast-banner-title-visibility":"","ast-main-header-display":"","ast-hfb-above-header-display":"","ast-hfb-below-header-display":"","ast-hfb-mobile-header-display":"","site-post-title":"","ast-breadcrumbs-content":"","ast-featured-img":"","footer-sml-layout":"","theme-transparent-header-meta":"","adv-header-id-meta":"","stick-header-meta":"","header-above-stick-meta":"","header-main-stick-meta":"","header-below-stick-meta":"","astra-migrate-meta-layouts":"default","ast-page-background-enabled":"default","ast-page-background-meta":{"desktop":{"background-color":"var(--ast-global-color-4)","background-image":"","background-repeat":"repeat","background-position":"center center","background-size":"auto","background-attachment":"scroll","background-type":"","background-media":"","overlay-type":"","overlay-color":"","overlay-opacity":"","overlay-gradient":""},"tablet":{"background-color":"","background-image":"","background-repeat":"repeat","background-position":"center center","background-size":"auto","background-attachment":"scroll","background-type":"","background-media":"","overlay-type":"","overlay-color":"","overlay-opacity":"","overlay-gradient":""},"mobile":{"background-color":"","background-image":"","background-repeat":"repeat","background-position":"center center","background-size":"auto","background-attachment":"scroll","background-type":"","background-media":"","overlay-type":"","overlay-color":"","overlay-opacity":"","overlay-gradient":""}},"ast-content-background-meta":{"desktop":{"background-color":"var(--ast-global-color-5)","background-image":"","background-repeat":"repeat","background-position":"center center","background-size":"auto","background-attachment":"scroll","background-type":"","background-media":"","overlay-type":"","overlay-color":"","overlay-opacity":"","overlay-gradient":""},"tablet":{"background-color":"var(--ast-global-color-5)","background-image":"","background-repeat":"repeat","background-position":"center center","background-size":"auto","background-attachment":"scroll","background-type":"","background-media":"","overlay-type":"","overlay-color":"","overlay-opacity":"","overlay-gradient":""},"mobile":{"background-color":"var(--ast-global-color-5)","background-image":"","background-repeat":"repeat","background-position":"center center","background-size":"auto","background-attachment":"scroll","background-type":"","background-media":"","overlay-type":"","overlay-color":"","overlay-opacity":"","overlay-gradient":""}},"footnotes":""},"categories":[8],"tags":[444,446,445],"class_list":["post-5542","post","type-post","status-publish","format-standard","has-post-thumbnail","hentry","category-noticias","tag-el-santo-luchador","tag-luchadores-a-favor-de-usar-cubrebocas-mexico","tag-rey-mysterio-luchador"],"_links":{"self":[{"href":"https:\/\/losperiodistas.com.mx\/portal\/wp-json\/wp\/v2\/posts\/5542","targetHints":{"allow":["GET"]}}],"collection":[{"href":"https:\/\/losperiodistas.com.mx\/portal\/wp-json\/wp\/v2\/posts"}],"about":[{"href":"https:\/\/losperiodistas.com.mx\/portal\/wp-json\/wp\/v2\/types\/post"}],"author":[{"embeddable":true,"href":"https:\/\/losperiodistas.com.mx\/portal\/wp-json\/wp\/v2\/users\/1"}],"replies":[{"embeddable":true,"href":"https:\/\/losperiodistas.com.mx\/portal\/wp-json\/wp\/v2\/comments?post=5542"}],"version-history":[{"count":1,"href":"https:\/\/losperiodistas.com.mx\/portal\/wp-json\/wp\/v2\/posts\/5542\/revisions"}],"predecessor-version":[{"id":5544,"href":"https:\/\/losperiodistas.com.mx\/portal\/wp-json\/wp\/v2\/posts\/5542\/revisions\/5544"}],"wp:featuredmedia":[{"embeddable":true,"href":"https:\/\/losperiodistas.com.mx\/portal\/wp-json\/wp\/v2\/media\/5543"}],"wp:attachment":[{"href":"https:\/\/losperiodistas.com.mx\/portal\/wp-json\/wp\/v2\/media?parent=5542"}],"wp:term":[{"taxonomy":"category","embeddable":true,"href":"https:\/\/losperiodistas.com.mx\/portal\/wp-json\/wp\/v2\/categories?post=5542"},{"taxonomy":"post_tag","embeddable":true,"href":"https:\/\/losperiodistas.com.mx\/portal\/wp-json\/wp\/v2\/tags?post=5542"}],"curies":[{"name":"wp","href":"https:\/\/api.w.org\/{rel}","templated":true}]}}