{"id":5539,"date":"2021-03-12T08:33:43","date_gmt":"2021-03-12T14:33:43","guid":{"rendered":"http:\/\/losperiodistas.com.mx\/portal\/?p=5539"},"modified":"2021-03-12T08:33:44","modified_gmt":"2021-03-12T14:33:44","slug":"oms-llama-a-seguir-usando-la-vacuna-de-astrazeneca-dw","status":"publish","type":"post","link":"https:\/\/losperiodistas.com.mx\/portal\/oms-llama-a-seguir-usando-la-vacuna-de-astrazeneca-dw\/","title":{"rendered":"OMS llama a seguir usando la vacuna de AstraZeneca | DW"},"content":{"rendered":"\n<p style=\"font-size:18px\"><em>La entidad record\u00f3 que la suspensi\u00f3n de su uso en algunos pa\u00edses responde al principio de precauci\u00f3n, y que no se ha probado efecto causal entre la inoculaci\u00f3n y casos graves de co\u00e1gulos.<\/em><\/p>\n\n\n\n<p class=\"has-vivid-cyan-blue-color has-text-color has-medium-font-size\">DW<\/p>\n\n\n\n<p>La Organizaci\u00f3n Mundial de la Salud (OMS) atribuy\u00f3 al principio de precauci\u00f3n de decisi\u00f3n de algunos pa\u00edses de suspender temporalmente el uso de la vacuna de AstraZeneca contra el SARS-CoV-2, ante la sospecha de que algunas personas que recibieron la dosis de ese preparado hayan presentado trastornos de coagulaci\u00f3n. La OMS record\u00f3 que la medida, adoptada principalmente en Europa, afecta a un lote espec\u00edfico de la vacuna.<\/p>\n\n\n\n<p>Margaret Harris, portavoz de la entidad, dijo este viernes (12.03.2021) que \u00abno hay raz\u00f3n para no utilizar\u201d la vacuna de AstraZeneca, y que por lo tanto \u00abs\u00ed, deber\u00edamos seguir utiliz\u00e1ndola\u201d. Dinamarca, Islandia y Noruega anunciaron el jueves la suspensi\u00f3n de las inyecciones de la f\u00f3rmula brit\u00e1nico-sueca, invocando el principio de \u00abprecauci\u00f3n\u00bb. Bulgaria, Rumania y&nbsp;<a href=\"https:\/\/www.dw.com\/es\/tailandia-retrasa-vacunaci%C3%B3n-con-astrazeneca-por-problemas-de-calidad\/a-56845826\">Tailandia<\/a>&nbsp;hicieron lo mismo esta jornada.<\/p>\n\n\n\n<p>La agencia nacional de salud danesa, la primera en anunciar la decisi\u00f3n, habl\u00f3 de precauci\u00f3n ante \u00abcasos graves de co\u00e1gulos en personas vacunadas\u00bb, aunque \u00abde momento\u00bb no se ha establecido una relaci\u00f3n causal. A principios de esta semana, Austria dej\u00f3 de administrar un lote de esas vacunas despu\u00e9s de que una enfermera de 49 a\u00f1os muriera de \u00abgraves trastornos de coagulaci\u00f3n\u00bb d\u00edas despu\u00e9s de ser vacunada.<\/p>\n\n\n\n<p><strong>Ninguna muerte demostrada<\/strong><\/p>\n\n\n\n<p>Harris reiter\u00f3 que no se ha probado relaci\u00f3n causal entre la vacuna y las afecciones descritas, y que la suspensi\u00f3n \u00abse ha decidido como medida de precauci\u00f3n en tanto se realiza una investigaci\u00f3n completa\u201d. La funcionaria record\u00f3 que la Agencia Europea del Medicamento (EMA) no encontr\u00f3 indicios que de que vacunaci\u00f3n fuese causante de los trastornos.<\/p>\n\n\n\n<p>\u00abLa vacunaci\u00f3n contra el COVID-19 no reduce las muertes por otras causas. Los eventos tromboemb\u00f3licos ocurren en la poblaci\u00f3n, as\u00ed que no est\u00e1 claro si esto es algo que de todos modos iba a ocurrir o si hab\u00eda alguna relaci\u00f3n (con la vacuna)\u00bb, coment\u00f3 la portavoz. La OMS afirma que se han aplicado 268 millones de dosis de distintos laboratorios, y no ha ocurrido ni una sola muerte que se haya comprobado que tenga relaci\u00f3n con alguna de estas vacunas.<\/p>\n\n\n\n<p>DZC (EFE, AFP)<\/p>\n\n\n\n<p>Fuente: https:\/\/www.dw.com\/es\/oms-llama-a-seguir-usando-la-vacuna-de-astrazeneca\/a-56851616<\/p>\n","protected":false},"excerpt":{"rendered":"<p>La entidad record\u00f3 que la suspensi\u00f3n de su uso en algunos pa\u00edses responde al principio de precauci\u00f3n, y que no [&hellip;]<\/p>\n","protected":false},"author":1,"featured_media":5540,"comment_status":"open","ping_status":"open","sticky":false,"template":"","format":"standard","meta":{"site-sidebar-layout":"default","site-content-layout":"","ast-site-content-layout":"default","site-content-style":"default","site-sidebar-style":"default","ast-global-header-display":"","ast-banner-title-visibility":"","ast-main-header-display":"","ast-hfb-above-header-display":"","ast-hfb-below-header-display":"","ast-hfb-mobile-header-display":"","site-post-title":"","ast-breadcrumbs-content":"","ast-featured-img":"","footer-sml-layout":"","theme-transparent-header-meta":"","adv-header-id-meta":"","stick-header-meta":"","header-above-stick-meta":"","header-main-stick-meta":"","header-below-stick-meta":"","astra-migrate-meta-layouts":"default","ast-page-background-enabled":"default","ast-page-background-meta":{"desktop":{"background-color":"var(--ast-global-color-4)","background-image":"","background-repeat":"repeat","background-position":"center center","background-size":"auto","background-attachment":"scroll","background-type":"","background-media":"","overlay-type":"","overlay-color":"","overlay-opacity":"","overlay-gradient":""},"tablet":{"background-color":"","background-image":"","background-repeat":"repeat","background-position":"center center","background-size":"auto","background-attachment":"scroll","background-type":"","background-media":"","overlay-type":"","overlay-color":"","overlay-opacity":"","overlay-gradient":""},"mobile":{"background-color":"","background-image":"","background-repeat":"repeat","background-position":"center center","background-size":"auto","background-attachment":"scroll","background-type":"","background-media":"","overlay-type":"","overlay-color":"","overlay-opacity":"","overlay-gradient":""}},"ast-content-background-meta":{"desktop":{"background-color":"var(--ast-global-color-5)","background-image":"","background-repeat":"repeat","background-position":"center center","background-size":"auto","background-attachment":"scroll","background-type":"","background-media":"","overlay-type":"","overlay-color":"","overlay-opacity":"","overlay-gradient":""},"tablet":{"background-color":"var(--ast-global-color-5)","background-image":"","background-repeat":"repeat","background-position":"center center","background-size":"auto","background-attachment":"scroll","background-type":"","background-media":"","overlay-type":"","overlay-color":"","overlay-opacity":"","overlay-gradient":""},"mobile":{"background-color":"var(--ast-global-color-5)","background-image":"","background-repeat":"repeat","background-position":"center center","background-size":"auto","background-attachment":"scroll","background-type":"","background-media":"","overlay-type":"","overlay-color":"","overlay-opacity":"","overlay-gradient":""}},"footnotes":""},"categories":[8],"tags":[443],"class_list":["post-5539","post","type-post","status-publish","format-standard","has-post-thumbnail","hentry","category-noticias","tag-vacuna-covid-19-astrazeneca"],"_links":{"self":[{"href":"https:\/\/losperiodistas.com.mx\/portal\/wp-json\/wp\/v2\/posts\/5539","targetHints":{"allow":["GET"]}}],"collection":[{"href":"https:\/\/losperiodistas.com.mx\/portal\/wp-json\/wp\/v2\/posts"}],"about":[{"href":"https:\/\/losperiodistas.com.mx\/portal\/wp-json\/wp\/v2\/types\/post"}],"author":[{"embeddable":true,"href":"https:\/\/losperiodistas.com.mx\/portal\/wp-json\/wp\/v2\/users\/1"}],"replies":[{"embeddable":true,"href":"https:\/\/losperiodistas.com.mx\/portal\/wp-json\/wp\/v2\/comments?post=5539"}],"version-history":[{"count":1,"href":"https:\/\/losperiodistas.com.mx\/portal\/wp-json\/wp\/v2\/posts\/5539\/revisions"}],"predecessor-version":[{"id":5541,"href":"https:\/\/losperiodistas.com.mx\/portal\/wp-json\/wp\/v2\/posts\/5539\/revisions\/5541"}],"wp:featuredmedia":[{"embeddable":true,"href":"https:\/\/losperiodistas.com.mx\/portal\/wp-json\/wp\/v2\/media\/5540"}],"wp:attachment":[{"href":"https:\/\/losperiodistas.com.mx\/portal\/wp-json\/wp\/v2\/media?parent=5539"}],"wp:term":[{"taxonomy":"category","embeddable":true,"href":"https:\/\/losperiodistas.com.mx\/portal\/wp-json\/wp\/v2\/categories?post=5539"},{"taxonomy":"post_tag","embeddable":true,"href":"https:\/\/losperiodistas.com.mx\/portal\/wp-json\/wp\/v2\/tags?post=5539"}],"curies":[{"name":"wp","href":"https:\/\/api.w.org\/{rel}","templated":true}]}}