{"id":5536,"date":"2021-03-12T08:25:49","date_gmt":"2021-03-12T14:25:49","guid":{"rendered":"http:\/\/losperiodistas.com.mx\/portal\/?p=5536"},"modified":"2021-03-12T08:25:51","modified_gmt":"2021-03-12T14:25:51","slug":"mujeres-con-bigote-y-hombres-esteriles-las-teorias-que-amenazan-la-vacunacion-en-pakistan-el-espanol","status":"publish","type":"post","link":"https:\/\/losperiodistas.com.mx\/portal\/mujeres-con-bigote-y-hombres-esteriles-las-teorias-que-amenazan-la-vacunacion-en-pakistan-el-espanol\/","title":{"rendered":"Mujeres con bigote y hombres est\u00e9riles: las teor\u00edas que amenazan la vacunaci\u00f3n en Pakist\u00e1n | El Espa\u00f1ol"},"content":{"rendered":"\n<p style=\"font-size:18px\"><em>\u00abNo estoy seguro de si la vacuna es adecuada para m\u00ed, de c\u00f3mo responder\u00e1 mi cuerpo o si provocar\u00e1 cambios en mi cuerpo\u00bb, dice un m\u00e9dico pakistan\u00ed.<\/em><\/p>\n\n\n\n<p class=\"has-vivid-cyan-blue-color has-text-color has-medium-font-size\">EL ESPA\u00d1OL<\/p>\n\n\n\n<p id=\"paragraph_1\">Un mes despu\u00e9s de que comenzase la vacunaci\u00f3n contra la&nbsp;<strong>Covid-19<\/strong>&nbsp;de los&nbsp;<strong>sanitarios<\/strong>&nbsp;<strong>paquistan\u00edes<\/strong>, s\u00f3lo la mitad de ellos ha optado por recibir el pinchazo debido en parte a&nbsp;<strong>teor\u00edas<\/strong>&nbsp;<strong>conspirativas<\/strong>&nbsp;que han disparado la&nbsp;<strong>desconfianza<\/strong>&nbsp;ante las&nbsp;<strong>vacunas<\/strong>, una situaci\u00f3n que ya se da con la polio, enfermedad de la que&nbsp;<a href=\"https:\/\/www.elespanol.com\/lugares\/pakistan\/\">Pakist\u00e1n<\/a>&nbsp;es el epicentro ante el rechazo a la inmunizaci\u00f3n.<\/p>\n\n\n\n<p id=\"paragraph_2\">El secretario general de la Asociaci\u00f3n de M\u00e9dicos de Pakist\u00e1n,&nbsp;<strong>Qaiser<\/strong>&nbsp;<strong>Sajjad<\/strong>, dijo este jueves a Efe que de los 550.000 sanitarios del pa\u00eds s\u00f3lo unos 250.000 han recibido la vacuna china&nbsp;<strong>Sinopharm<\/strong>, la \u00fanica disponible de momento, un mal augurio para esta naci\u00f3n de 220 millones de habitantes.javascript:false<\/p>\n\n\n\n<p id=\"paragraph_3\">\u00abLa vacunaci\u00f3n de los sanitarios es muy lenta por la confusi\u00f3n. Hay teor\u00edas conspiratorias acerca de las vacunas en redes sociales. La gente cree m\u00e1s en las conspiraciones que al Gobierno\u00bb, indic\u00f3 Sajjad. <\/p>\n\n\n\n<p id=\"paragraph_4\">Esas conspiraciones van desde que la vacuna produce\u00a0<strong>infertilidad<\/strong>, pasando por que te introducen un dispositivo en el cuerpo para seguirte, hasta que hace crecer\u00a0<strong>bigote<\/strong>\u00a0y\u00a0<strong>barba<\/strong>\u00a0a las mujeres.<\/p>\n\n\n\n<p id=\"paragraph_4\"><a href=\"https:\/\/www.elespanol.com\/mundo\/20210309\/mohamed-vi-trump-marruecos-defensa-frente-polisario\/564694257_0.html\"><\/a><a href=\"https:\/\/www.elespanol.com\/mundo\/20210309\/mohamed-vi-trump-marruecos-defensa-frente-polisario\/564694257_0.html\"><strong>Mohamed VI imita a Trump: Marruecos ampl\u00eda 50 km el muro de defensa contra el Frente Polisario<\/strong><\/a><\/p>\n\n\n\n<p id=\"paragraph_4\"><a href=\"https:\/\/www.elespanol.com\/mundo\/20210309\/mohamed-vi-trump-marruecos-defensa-frente-polisario\/564694257_0.html\">E. E.El muro est\u00e1 construido a solo tres kil\u00f3metros de la frontera con Argelia y el fin ser\u00eda \u00abestrangular al Polisario\u00bb, seg\u00fan medios marroqu\u00edes.<\/a><\/p>\n\n\n\n<p><\/p>\n\n\n\n<p id=\"paragraph_5\">\u00abNo estoy seguro de si la vacuna es adecuada para m\u00ed, de c\u00f3mo responder\u00e1 mi cuerpo o si provocar\u00e1 cambios en mi cuerpo\u00bb, dijo a Efe un m\u00e9dico de un c\u00e9ntrico hospital de&nbsp;<strong>Islamabad<\/strong>, que prefiri\u00f3 mantener el anonimato.<\/p>\n\n\n\n<p id=\"paragraph_6\">El doctor afirm\u00f3 que no se ha contagiado del&nbsp;<strong>virus<\/strong>&nbsp;desde que comenz\u00f3 la pandemia, por lo que no cree que lo vaya a contraer ahora. \u00ab\u00bfPor qu\u00e9 arriesgarme con la vacuna para un riesgo del que no estoy seguro (contagiarme)\u00bb, dijo.<\/p>\n\n\n\n<p id=\"paragraph_7\">Esa desconfianza ante las vacunas tambi\u00e9n se extiende al&nbsp;<strong>resto de la poblaci\u00f3n<\/strong>.<\/p>\n\n\n\n<p id=\"paragraph_8\">Seg\u00fan el diario&nbsp;<em>Dawn<\/em>&nbsp;solo 180.000 de los ocho millones de paquistan\u00edes con m\u00e1s de 65 a\u00f1os&nbsp;<strong>se hab\u00edan registrado<\/strong>&nbsp;para recibir una vacuna pocos d\u00edas antes del comienzo de la vacunaci\u00f3n de ese sector de la poblaci\u00f3n. O lo que es lo mismo,&nbsp;<strong>un 2,2% del total<\/strong>, seg\u00fan una fuente del Ministerio de Salud del pa\u00eds, que prefiri\u00f3 mantener el anonimato.<\/p>\n\n\n\n<p id=\"paragraph_9\">Esa&nbsp;<strong>nueva<\/strong>&nbsp;<strong>fase<\/strong>&nbsp;de la vacunaci\u00f3n, con los m\u00e1s mayores siendo vacunados, comenz\u00f3 el mi\u00e9rcoles, y a\u00fan no hay datos de participaci\u00f3n de la poblaci\u00f3n.<\/p>\n\n\n\n<p id=\"paragraph_10\">La pandemia no ha golpeado Pakist\u00e1n tan duramente como a otros pa\u00edses. Hasta ahora 13.377 personas han muerto por el virus y se han registrado 597.497 contagios. En las \u00faltimas 24 horas se produjeron 53 fallecimientos y 2.258 contagios, seg\u00fan los datos gubernamentales.<\/p>\n\n\n\n<h3 class=\"wp-block-heading\">Polio<\/h3>\n\n\n\n<p id=\"paragraph_11\">La respuesta a la vacuna de la Covid, sin embargo, no es muy diferente a la de la polio, enfermedad que solo es end\u00e9mica en&nbsp;<strong>Pakist\u00e1n<\/strong>&nbsp;y&nbsp;<strong>Afganist\u00e1n<\/strong>&nbsp;por la desconfianza ante las vacunaciones.<\/p>\n\n\n\n<p id=\"paragraph_12\">En Pakist\u00e1n el a\u00f1o pasado se dieron 84 contagios de&nbsp;<strong>polio<\/strong>, un descenso de los 147 casos del a\u00f1o anterior, pero muy por encima de los 12 de 2018.<\/p>\n\n\n\n<p id=\"paragraph_13\">El pa\u00eds se enfrenta a la creencia extendida entre los padres de que la vacunaci\u00f3n es un&nbsp;<strong>acto \u00abantisl\u00e1mico\u00bb<\/strong>&nbsp;o que se trata de una&nbsp;<strong>campa\u00f1a<\/strong>&nbsp;<strong>occidental<\/strong>&nbsp;para controlar la natalidad de los musulmanes ya que consideran que provoca infertilidad.<\/p>\n\n\n\n<p id=\"paragraph_14\">Por ello son habituales los ataques de islamistas contra los equipos de vacunaci\u00f3n. En torno a un centenar de vacunados o personal de seguridad han muerto en esos ataques en los \u00faltimos a\u00f1os. Esta situaci\u00f3n hace temer a los m\u00e9dicos paquistan\u00edes que la Covid-19 sea una repetici\u00f3n de la polio.<\/p>\n\n\n\n<p id=\"paragraph_15\">\u00abTememos que el coronavirus desaparezca del resto del mundo y permanezca en Pakist\u00e1n, como la polio\u00bb, dijo Sajjad.<\/p>\n\n\n\n<h3 class=\"wp-block-heading\">Desconfianza en Ucrania<\/h3>\n\n\n\n<p id=\"paragraph_16\">La desconfianza tambi\u00e9n se ha extendido a otros pa\u00edses adem\u00e1s de Pakist\u00e1n. Es el caso de&nbsp;<strong>Ucrania<\/strong>, donde las&nbsp;<strong><em>fake<\/em><\/strong>&nbsp;<strong><em>news<\/em><\/strong>&nbsp;est\u00e1n provocando dudas sobre el proceso de inoculaci\u00f3n, incluso entre m\u00e9dicos y enfermeras.<\/p>\n\n\n\n<p id=\"paragraph_17\">La campa\u00f1a de desinformaci\u00f3n llega a tal extremo que la&nbsp;<strong>Comisi\u00f3n<\/strong>&nbsp;<strong>Europea<\/strong>&nbsp;ya ha mostrado su \u201cpreocupaci\u00f3n\u201d. En este sentido, el vicepresidente del Ejecutivo comunitario,&nbsp;<strong>Valdis<\/strong>&nbsp;<strong>Dombrovskis<\/strong>, se\u00f1al\u00f3 directamente a&nbsp;<strong>Rusia<\/strong>.<\/p>\n\n\n\n<p id=\"paragraph_18\">El Servicio Europeo de Acci\u00f3n Exterior ha recogido m\u00e1s de una cincuentena de noticias falsas, como ataques a la credibilidad de la vacuna de la farmac\u00e9utica estadounidense Pfizer, promoviendo al mismo tiempo la vacuna rusa\u00a0<strong>Sputnik V<\/strong>. Hasta ahora, poco m\u00e1s de 23.000 personas han recibido la primera dosis, en una poblaci\u00f3n de 42 millones de habitantes.<\/p>\n\n\n\n<p>Fuente: https:\/\/www.elespanol.com\/mundo\/20210312\/mujeres-hombres-esteriles-teorias-amenazan-vacunacion-pakistan\/565194992_0.html<\/p>\n","protected":false},"excerpt":{"rendered":"<p>\u00abNo estoy seguro de si la vacuna es adecuada para m\u00ed, de c\u00f3mo responder\u00e1 mi cuerpo o si provocar\u00e1 cambios [&hellip;]<\/p>\n","protected":false},"author":1,"featured_media":5537,"comment_status":"open","ping_status":"open","sticky":false,"template":"","format":"standard","meta":{"site-sidebar-layout":"default","site-content-layout":"","ast-site-content-layout":"default","site-content-style":"default","site-sidebar-style":"default","ast-global-header-display":"","ast-banner-title-visibility":"","ast-main-header-display":"","ast-hfb-above-header-display":"","ast-hfb-below-header-display":"","ast-hfb-mobile-header-display":"","site-post-title":"","ast-breadcrumbs-content":"","ast-featured-img":"","footer-sml-layout":"","theme-transparent-header-meta":"","adv-header-id-meta":"","stick-header-meta":"","header-above-stick-meta":"","header-main-stick-meta":"","header-below-stick-meta":"","astra-migrate-meta-layouts":"default","ast-page-background-enabled":"default","ast-page-background-meta":{"desktop":{"background-color":"var(--ast-global-color-4)","background-image":"","background-repeat":"repeat","background-position":"center center","background-size":"auto","background-attachment":"scroll","background-type":"","background-media":"","overlay-type":"","overlay-color":"","overlay-opacity":"","overlay-gradient":""},"tablet":{"background-color":"","background-image":"","background-repeat":"repeat","background-position":"center center","background-size":"auto","background-attachment":"scroll","background-type":"","background-media":"","overlay-type":"","overlay-color":"","overlay-opacity":"","overlay-gradient":""},"mobile":{"background-color":"","background-image":"","background-repeat":"repeat","background-position":"center center","background-size":"auto","background-attachment":"scroll","background-type":"","background-media":"","overlay-type":"","overlay-color":"","overlay-opacity":"","overlay-gradient":""}},"ast-content-background-meta":{"desktop":{"background-color":"var(--ast-global-color-5)","background-image":"","background-repeat":"repeat","background-position":"center center","background-size":"auto","background-attachment":"scroll","background-type":"","background-media":"","overlay-type":"","overlay-color":"","overlay-opacity":"","overlay-gradient":""},"tablet":{"background-color":"var(--ast-global-color-5)","background-image":"","background-repeat":"repeat","background-position":"center center","background-size":"auto","background-attachment":"scroll","background-type":"","background-media":"","overlay-type":"","overlay-color":"","overlay-opacity":"","overlay-gradient":""},"mobile":{"background-color":"var(--ast-global-color-5)","background-image":"","background-repeat":"repeat","background-position":"center center","background-size":"auto","background-attachment":"scroll","background-type":"","background-media":"","overlay-type":"","overlay-color":"","overlay-opacity":"","overlay-gradient":""}},"footnotes":""},"categories":[8],"tags":[442,441],"class_list":["post-5536","post","type-post","status-publish","format-standard","has-post-thumbnail","hentry","category-noticias","tag-pakistan-vacunacion-covid-19","tag-temores-a-vacunas-covid"],"_links":{"self":[{"href":"https:\/\/losperiodistas.com.mx\/portal\/wp-json\/wp\/v2\/posts\/5536","targetHints":{"allow":["GET"]}}],"collection":[{"href":"https:\/\/losperiodistas.com.mx\/portal\/wp-json\/wp\/v2\/posts"}],"about":[{"href":"https:\/\/losperiodistas.com.mx\/portal\/wp-json\/wp\/v2\/types\/post"}],"author":[{"embeddable":true,"href":"https:\/\/losperiodistas.com.mx\/portal\/wp-json\/wp\/v2\/users\/1"}],"replies":[{"embeddable":true,"href":"https:\/\/losperiodistas.com.mx\/portal\/wp-json\/wp\/v2\/comments?post=5536"}],"version-history":[{"count":1,"href":"https:\/\/losperiodistas.com.mx\/portal\/wp-json\/wp\/v2\/posts\/5536\/revisions"}],"predecessor-version":[{"id":5538,"href":"https:\/\/losperiodistas.com.mx\/portal\/wp-json\/wp\/v2\/posts\/5536\/revisions\/5538"}],"wp:featuredmedia":[{"embeddable":true,"href":"https:\/\/losperiodistas.com.mx\/portal\/wp-json\/wp\/v2\/media\/5537"}],"wp:attachment":[{"href":"https:\/\/losperiodistas.com.mx\/portal\/wp-json\/wp\/v2\/media?parent=5536"}],"wp:term":[{"taxonomy":"category","embeddable":true,"href":"https:\/\/losperiodistas.com.mx\/portal\/wp-json\/wp\/v2\/categories?post=5536"},{"taxonomy":"post_tag","embeddable":true,"href":"https:\/\/losperiodistas.com.mx\/portal\/wp-json\/wp\/v2\/tags?post=5536"}],"curies":[{"name":"wp","href":"https:\/\/api.w.org\/{rel}","templated":true}]}}