{"id":5533,"date":"2021-03-12T08:14:33","date_gmt":"2021-03-12T14:14:33","guid":{"rendered":"http:\/\/losperiodistas.com.mx\/portal\/?p=5533"},"modified":"2021-03-12T08:14:35","modified_gmt":"2021-03-12T14:14:35","slug":"ese-no-es-un-presidente-es-un-cobarde-dice-fernandez-de-cevallos-a-amlo-reporte-indigo","status":"publish","type":"post","link":"https:\/\/losperiodistas.com.mx\/portal\/ese-no-es-un-presidente-es-un-cobarde-dice-fernandez-de-cevallos-a-amlo-reporte-indigo\/","title":{"rendered":"\u201cEse no es un presidente, es un cobarde\u201d, dice Fern\u00e1ndez de Cevallos a AMLO | Reporte Indigo"},"content":{"rendered":"\n<p style=\"font-size:18px\"><em>\u201cUn pat\u00e1n, un sinverg\u00fcenza, un embaucador que todos los d\u00edas vive de la estafa y la mentira\u201d, Diego Fern\u00e1ndez de Cevallos sobre L\u00f3pez Obrador<\/em><\/p>\n\n\n\n<p class=\"has-vivid-cyan-blue-color has-text-color has-medium-font-size\">INDIGO STAFF<\/p>\n\n\n\n<p>\u201cEse no es un presidente, ese es un\u00a0<strong>cobarde<\/strong>. Un sinverg\u00fcenza de tiempo completo\u201d, dijo el panista\u00a0<strong>Diego Fern\u00e1ndez de<\/strong>\u00a0<strong>Cevallos<\/strong>\u00a0sobre el presidente de M\u00e9xico, Andr\u00e9s Manuel L\u00f3pez Obrador.<\/p>\n\n\n\n<p>Durante una entrevista con Carlos Loret de Mola, el \u201cJefe Diego\u201d arremeti\u00f3 libremente contra L\u00f3pez Obrador luego de que el periodista le cuestionara sobre la presente administraci\u00f3n Federal.<\/p>\n\n\n\n<hr class=\"wp-block-separator\"\/>\n\n\n\n<p>\u201cUn brib\u00f3n\u2026 es un tartufo. Hablar como bravuc\u00f3n, como pendenciero de barrio, a un pandillero, a un rufi\u00e1n&#8230; un pat\u00e1n, un sinverg\u00fcenza, un embaucador que todos los d\u00edas vive de la estafa y la mentira\u2026 todas las payasadas que hace en Palacio Nacional, sacando un pa\u00f1uelito como bobo\u201d.<\/p>\n\n\n\n<p>Se\u00f1al\u00f3 que el primer mandatario gan\u00f3 la presidencia gracias a \u201csu empe\u00f1o\u201d y por las\u00a0<strong>desviaciones<\/strong>\u00a0de la\u00a0<strong>oposici\u00f3n<\/strong>; \u201cy finalmente el presidente Pe\u00f1a Nieto le abri\u00f3 el paso, llev\u00e1ndose en una acusaci\u00f3n artera la candidatura de Ricardo Anaya\u201d. <\/p>\n\n\n\n<figure class=\"wp-block-embed-twitter wp-block-embed is-type-rich is-provider-twitter\"><div class=\"wp-block-embed__wrapper\">\n<blockquote class=\"twitter-tweet\" data-width=\"500\" data-dnt=\"true\"><p lang=\"es\" dir=\"ltr\">En <a href=\"https:\/\/twitter.com\/hashtag\/Loret?src=hash&amp;ref_src=twsrc%5Etfw\">#Loret<\/a> en <a href=\"https:\/\/twitter.com\/latinus_us?ref_src=twsrc%5Etfw\">@latinus_us<\/a>, Diego Fern\u00e1ndez de Cevallos. Y esto le dice al presidente L\u00f3pez Obrador: <a href=\"https:\/\/t.co\/dABmibqfoD\">https:\/\/t.co\/dABmibqfoD<\/a> <a href=\"https:\/\/t.co\/DufklQ81pG\">pic.twitter.com\/DufklQ81pG<\/a><\/p>&mdash; Carlos Loret de Mola (@CarlosLoret) <a href=\"https:\/\/twitter.com\/CarlosLoret\/status\/1370200442840436740?ref_src=twsrc%5Etfw\">March 12, 2021<\/a><\/blockquote><script async src=\"https:\/\/platform.twitter.com\/widgets.js\" charset=\"utf-8\"><\/script>\n<\/div><\/figure>\n\n\n\n<p>Fern\u00e1ndez de Cevallos tambi\u00e9n mostr\u00f3 su descontento ante las respuestas de L\u00f3pez Obrador hacia las&nbsp;<strong>mujeres<\/strong>&nbsp;mexicanas, quien las ha desacreditado cuando ellas alzan la voz por la violencia de g\u00e9nero en M\u00e9xico.<\/p>\n\n\n\n<hr class=\"wp-block-separator\"\/>\n\n\n\n<p>\u201cUn presidente que les dice, bueno, estas son unas mujeres muy creativas pero est\u00e1n manipuladas por los neoliberales. Mayor ofensa para mujeres que van en serio reclamando sus derechos\u201d.<\/p>\n\n\n\n<p>Apunt\u00f3 que, aunque las encuestas le est\u00e1n dando el triunfo a&nbsp;<strong>Morena<\/strong>, \u201clo \u00fanico cierto en la pol\u00edtica es que todo es incierto\u201d.<\/p>\n\n\n\n<p>Explic\u00f3 que L\u00f3pez Obrador tendr\u00e1 muchas inseguridades y querr\u00e1 gobernar a \u201cdecretazos\u201d; tal como con la iniciativa de Reforma El\u00e9ctrica que llegar\u00e1 a la Corte para definir si es o no constitucional.<\/p>\n\n\n\n<p>Sin embargo, en caso de ganar una vez m\u00e1s la mayor\u00eda en el Congreso, el \u201cJefe Diego\u201d considera que L\u00f3pez Obrador seguir\u00e1 haciendo \u201c<strong>brutalidades<\/strong>\u201d incluso peores que las de ahora.<\/p>\n\n\n\n<p>\u201cEst\u00e1 enfermo. Y no le digo enfermo ahora, desde ese debate que sali\u00f3 le dije que cualquier enfermito mental sal\u00eda con las zarandajas que sale \u00e9ste\u201d.<\/p>\n\n\n\n<h4 class=\"wp-block-heading\">Te puede interesar:\u00a0<a href=\"https:\/\/www.reporteindigo.com\/reporte\/mejor-que-siga-distraido-conmigo-y-no-destrozando-al-pais-fernandez-de-cevallos-a-amlo\/\" target=\"_blank\" rel=\"noreferrer noopener\">\u201cMejor que siga distra\u00eddo conmigo y no destrozando al pa\u00eds\u201d Fern\u00e1ndez de Cevallos a AMLO<\/a><\/h4>\n\n\n\n<p>Fuente: https:\/\/www.reporteindigo.com\/reporte\/ese-no-es-un-presidente-es-un-cobarde-dice-fernandez-de-cevallos-a-amlo-video\/<\/p>\n","protected":false},"excerpt":{"rendered":"<p>\u201cUn pat\u00e1n, un sinverg\u00fcenza, un embaucador que todos los d\u00edas vive de la estafa y la mentira\u201d, Diego Fern\u00e1ndez de [&hellip;]<\/p>\n","protected":false},"author":1,"featured_media":5534,"comment_status":"open","ping_status":"open","sticky":false,"template":"","format":"standard","meta":{"site-sidebar-layout":"default","site-content-layout":"","ast-site-content-layout":"default","site-content-style":"default","site-sidebar-style":"default","ast-global-header-display":"","ast-banner-title-visibility":"","ast-main-header-display":"","ast-hfb-above-header-display":"","ast-hfb-below-header-display":"","ast-hfb-mobile-header-display":"","site-post-title":"","ast-breadcrumbs-content":"","ast-featured-img":"","footer-sml-layout":"","theme-transparent-header-meta":"","adv-header-id-meta":"","stick-header-meta":"","header-above-stick-meta":"","header-main-stick-meta":"","header-below-stick-meta":"","astra-migrate-meta-layouts":"default","ast-page-background-enabled":"default","ast-page-background-meta":{"desktop":{"background-color":"var(--ast-global-color-4)","background-image":"","background-repeat":"repeat","background-position":"center center","background-size":"auto","background-attachment":"scroll","background-type":"","background-media":"","overlay-type":"","overlay-color":"","overlay-opacity":"","overlay-gradient":""},"tablet":{"background-color":"","background-image":"","background-repeat":"repeat","background-position":"center center","background-size":"auto","background-attachment":"scroll","background-type":"","background-media":"","overlay-type":"","overlay-color":"","overlay-opacity":"","overlay-gradient":""},"mobile":{"background-color":"","background-image":"","background-repeat":"repeat","background-position":"center center","background-size":"auto","background-attachment":"scroll","background-type":"","background-media":"","overlay-type":"","overlay-color":"","overlay-opacity":"","overlay-gradient":""}},"ast-content-background-meta":{"desktop":{"background-color":"var(--ast-global-color-5)","background-image":"","background-repeat":"repeat","background-position":"center center","background-size":"auto","background-attachment":"scroll","background-type":"","background-media":"","overlay-type":"","overlay-color":"","overlay-opacity":"","overlay-gradient":""},"tablet":{"background-color":"var(--ast-global-color-5)","background-image":"","background-repeat":"repeat","background-position":"center center","background-size":"auto","background-attachment":"scroll","background-type":"","background-media":"","overlay-type":"","overlay-color":"","overlay-opacity":"","overlay-gradient":""},"mobile":{"background-color":"var(--ast-global-color-5)","background-image":"","background-repeat":"repeat","background-position":"center center","background-size":"auto","background-attachment":"scroll","background-type":"","background-media":"","overlay-type":"","overlay-color":"","overlay-opacity":"","overlay-gradient":""}},"footnotes":""},"categories":[8],"tags":[440,439],"class_list":["post-5533","post","type-post","status-publish","format-standard","has-post-thumbnail","hentry","category-noticias","tag-amlo-cobarde-dice-el-jefe-diego","tag-diego-fernandez-de-ceballos"],"_links":{"self":[{"href":"https:\/\/losperiodistas.com.mx\/portal\/wp-json\/wp\/v2\/posts\/5533","targetHints":{"allow":["GET"]}}],"collection":[{"href":"https:\/\/losperiodistas.com.mx\/portal\/wp-json\/wp\/v2\/posts"}],"about":[{"href":"https:\/\/losperiodistas.com.mx\/portal\/wp-json\/wp\/v2\/types\/post"}],"author":[{"embeddable":true,"href":"https:\/\/losperiodistas.com.mx\/portal\/wp-json\/wp\/v2\/users\/1"}],"replies":[{"embeddable":true,"href":"https:\/\/losperiodistas.com.mx\/portal\/wp-json\/wp\/v2\/comments?post=5533"}],"version-history":[{"count":1,"href":"https:\/\/losperiodistas.com.mx\/portal\/wp-json\/wp\/v2\/posts\/5533\/revisions"}],"predecessor-version":[{"id":5535,"href":"https:\/\/losperiodistas.com.mx\/portal\/wp-json\/wp\/v2\/posts\/5533\/revisions\/5535"}],"wp:featuredmedia":[{"embeddable":true,"href":"https:\/\/losperiodistas.com.mx\/portal\/wp-json\/wp\/v2\/media\/5534"}],"wp:attachment":[{"href":"https:\/\/losperiodistas.com.mx\/portal\/wp-json\/wp\/v2\/media?parent=5533"}],"wp:term":[{"taxonomy":"category","embeddable":true,"href":"https:\/\/losperiodistas.com.mx\/portal\/wp-json\/wp\/v2\/categories?post=5533"},{"taxonomy":"post_tag","embeddable":true,"href":"https:\/\/losperiodistas.com.mx\/portal\/wp-json\/wp\/v2\/tags?post=5533"}],"curies":[{"name":"wp","href":"https:\/\/api.w.org\/{rel}","templated":true}]}}