{"id":5530,"date":"2021-03-12T08:08:51","date_gmt":"2021-03-12T14:08:51","guid":{"rendered":"http:\/\/losperiodistas.com.mx\/portal\/?p=5530"},"modified":"2021-03-12T08:08:53","modified_gmt":"2021-03-12T14:08:53","slug":"no-hay-una-estrategia-ni-un-lider-mexico-arranco-primero-la-vacunacion-pero-ahora-es-el-octavo-lugar-de-america-latina-infobae","status":"publish","type":"post","link":"https:\/\/losperiodistas.com.mx\/portal\/no-hay-una-estrategia-ni-un-lider-mexico-arranco-primero-la-vacunacion-pero-ahora-es-el-octavo-lugar-de-america-latina-infobae\/","title":{"rendered":"\u201cNo hay una estrategia ni un l\u00edder\u201d: M\u00e9xico arranc\u00f3 primero la vacunaci\u00f3n pero ahora es el octavo lugar de Am\u00e9rica Latina | Infobae"},"content":{"rendered":"\n<p style=\"font-size:18px\"><em>Expertos aseguran que la vacunaci\u00f3n en M\u00e9xico va muy lenta, pero unir esfuerzos de la sociedad, la iniciativa privada y el gobierno ayudar\u00eda a vacunar la mayor cantidad de gente en el menor tiempo posible<\/em><\/p>\n\n\n\n<p class=\"has-vivid-cyan-blue-color has-text-color has-medium-font-size\">ELISA RAM\u00cdREZ \/ EL ECONOMISTA<\/p>\n\n\n\n<p>El 24 de diciembre de 2020 se convirti\u00f3 en&nbsp;<strong>un d\u00eda hist\u00f3rico para M\u00e9xico<\/strong>: por fin hab\u00eda iniciado la vacunaci\u00f3n contra el COVID-19 en el pa\u00eds, siendo el&nbsp;<strong>primero en Am\u00e9rica Latina en recibir vacunas<\/strong>&nbsp;y uno de los primeros en el mundo en comenzar la vacunaci\u00f3n.<\/p>\n\n\n\n<p>A partir de ese momento, se puso en marcha el&nbsp;<strong>Plan Nacional de Vacunaci\u00f3n&nbsp;<\/strong>que consta de cinco etapas con las que M\u00e9xico pretende tardar m\u00e1ximo<strong>&nbsp;un a\u00f1o tres meses (diciembre 2020-marzo 2022)&nbsp;<\/strong>en vacunar a toda su poblaci\u00f3n contra el virus SARS-CoV-2.<\/p>\n\n\n\n<p>Sin embargo, expertos ya pronostican que no se cumplir\u00e1 con ese objetivo en el tiempo indicado, pese a los planes y la rapidez con la que M\u00e9xico obtuvo las primeras vacunas, pues actualmente al pa\u00eds&nbsp;<strong>\u201cno le est\u00e1 yendo nada bien\u201d.<\/strong><\/p>\n\n\n\n<p>\u201c<strong>No tenemos una estructura de vacunaci\u00f3n<\/strong>. Todo mundo dice \u2018la estrategia y la estrategia\u2019, pero est\u00e1 mal usada la palabra. No es una estrategia y no tenemos una&nbsp;<strong>porque no hay un l\u00edder.<\/strong>&nbsp;No existe una persona responsable del programa de vacunaci\u00f3n. Lo que ha salido es un programa en el cual tenemos las firmes y muy buenas intenciones de vacunar a mucha gente en poco tiempo, pero que<strong>&nbsp;no ha cuajado por varias cosas<\/strong>\u201d, asegur\u00f3 el analista y asesor de pol\u00edticas de salud, Xavier Tello, en entrevista con<strong>&nbsp;Infobae M\u00e9xico.<\/strong><img fetchpriority=\"high\" decoding=\"async\" alt=\"(Foto: Reuters \/ Carlos Jasso)\" height=\"534\" width=\"800\" src=\"https:\/\/www.infobae.com\/new-resizer\/575gS6Iqhyxmw98YkJxyXLdBNZ8=\/420x280\/filters:format(jpg):quality(85)\/cloudfront-us-east-1.images.arcpublishing.com\/infobae\/BFOK3OEFJPEJHHJTNX6BI5HNUI.jpg\" srcset=\"https:\/\/www.infobae.com\/new-resizer\/575gS6Iqhyxmw98YkJxyXLdBNZ8=\/420x280\/filters:format(jpg):quality(85)\/cloudfront-us-east-1.images.arcpublishing.com\/infobae\/BFOK3OEFJPEJHHJTNX6BI5HNUI.jpg 420w,https:\/\/www.infobae.com\/new-resizer\/vTpKC4FkIEyFooOO3MojnzM8d_Y=\/768x512\/filters:format(jpg):quality(85)\/cloudfront-us-east-1.images.arcpublishing.com\/infobae\/BFOK3OEFJPEJHHJTNX6BI5HNUI.jpg 768w,https:\/\/www.infobae.com\/new-resizer\/yQX62YhbTE3yr7gJg9wpYSYxCqs=\/992x661\/filters:format(jpg):quality(85)\/cloudfront-us-east-1.images.arcpublishing.com\/infobae\/BFOK3OEFJPEJHHJTNX6BI5HNUI.jpg 992w,https:\/\/www.infobae.com\/new-resizer\/2yn7twdENou7gFc9Z-h5EAfvnvA=\/1200x800\/filters:format(jpg):quality(85)\/cloudfront-us-east-1.images.arcpublishing.com\/infobae\/BFOK3OEFJPEJHHJTNX6BI5HNUI.jpg 1200w\">(Foto: Reuters \/ Carlos Jasso)<\/p>\n\n\n\n<p>El m\u00e9dico cirujano por la Universidad Nacional Aut\u00f3noma de M\u00e9xico (<strong>UNAM<\/strong>) consider\u00f3 que aunque est\u00e1 establecido que&nbsp;<strong>Andr\u00e9s Manuel L\u00f3pez Obrador<\/strong>&nbsp;es la cabeza de las brigadas de vacunaci\u00f3n, no puede llevar la responsabilidad de vacunar a toda la poblaci\u00f3n mexicana; tampoco&nbsp;<strong>Hugo L\u00f3pez-Gatell,&nbsp;<\/strong>subsecretario de salud federal, pues \u201cya tiene tres trabajos, incluyendo ser el<strong>&nbsp;zar de la pandemia<\/strong>\u201d; ni Marcelo Ebrard, canciller de Relaciones Exteriores, quien&nbsp;<strong>\u201cest\u00e1 consiguiendo vacunas hasta por debajo de las piedras.&nbsp;<\/strong>Entonces, \u00bfqui\u00e9n es?, no hay\u201d.<\/p>\n\n\n\n<p><strong>M\u00e9xico, del privilegio al rezago<\/strong><\/p>\n\n\n\n<p>M\u00e9xico se ha rezagado a los \u00faltimos lugares en el avance de vacunaci\u00f3n del continente, pues mientras que aplica&nbsp;<strong>2.71 dosis por cada 100 personas, Chile lidera el ranking con 29.93<\/strong>; le siguen en orden descendente: Estados Unidos, que pone 28.62; Canad\u00e1, 6.95; Brasil, 5.53; Rep\u00fablica Dominicana, 5.04; Panam\u00e1, 4.97; Uruguay, 4.25; Costa Rica, 4.02; y Argentina, 3.93, seg\u00fan la actualizaci\u00f3n correspondiente al 10 de marzo de&nbsp;<a href=\"https:\/\/ourworldindata.org\/covid-vaccinations?country=~MEX\" target=\"_blank\" rel=\"noreferrer noopener\">One World in Data.<\/a><\/p>\n\n\n\n<p>Por debajo de M\u00e9xico solo est\u00e1n&nbsp;<strong>Per\u00fa, Bolivia, Colombia, Ecuador y Venezuel<\/strong>a con 1.29, 1.09, 0.71,0.43 y 0.04 aplicaciones por cada 100 personas, respectivamente, de acuerdo con la plataforma de la Universidad de Oxford.<\/p>\n\n\n\n<p>El especialista, afirm\u00f3 que el pa\u00eds se encuentra en tal situaci\u00f3n no porque no haya vacunas, sino porque&nbsp;<strong>llegan paulatinamente y cuando llegan, las aplican muy lento,&nbsp;<\/strong>derivado de que las autoridades nunca planearon c\u00f3mo vacunar y est\u00e1n improvisando, aunque aseguren lo contrario y que&nbsp;<a href=\"https:\/\/www.infobae.com\/america\/mexico\/2021\/03\/11\/vamos-bien-amlo-celebro-historica-cifra-de-adultos-mayores-vacunados-en-un-solo-dia\/\" target=\"_blank\" rel=\"noreferrer noopener\"><strong>\u201cvamos bien\u201d.<\/strong><\/a><img decoding=\"async\" alt=\"(Gr\u00e1fica: ourworldindata.org)\" height=\"2400\" width=\"3400\" src=\"https:\/\/www.infobae.com\/new-resizer\/km7STgH0uIF8QnZQxRexHoNuVdE=\/420x280\/filters:format(jpg):quality(85)\/cloudfront-us-east-1.images.arcpublishing.com\/infobae\/FSFJQ6C7OJHJFCUZXDBRLUY5KY.png\" srcset=\"https:\/\/www.infobae.com\/new-resizer\/km7STgH0uIF8QnZQxRexHoNuVdE=\/420x280\/filters:format(jpg):quality(85)\/cloudfront-us-east-1.images.arcpublishing.com\/infobae\/FSFJQ6C7OJHJFCUZXDBRLUY5KY.png 420w,https:\/\/www.infobae.com\/new-resizer\/ELL4uTpz47_2zlUfwDx5C3JRYS8=\/768x512\/filters:format(jpg):quality(85)\/cloudfront-us-east-1.images.arcpublishing.com\/infobae\/FSFJQ6C7OJHJFCUZXDBRLUY5KY.png 768w,https:\/\/www.infobae.com\/new-resizer\/Uv-z_bRUltVrHe3bBe7HQJEic70=\/992x661\/filters:format(jpg):quality(85)\/cloudfront-us-east-1.images.arcpublishing.com\/infobae\/FSFJQ6C7OJHJFCUZXDBRLUY5KY.png 992w,https:\/\/www.infobae.com\/new-resizer\/QtMQ5q3w2SBlwTKxSxVXbjnrTXE=\/1200x800\/filters:format(jpg):quality(85)\/cloudfront-us-east-1.images.arcpublishing.com\/infobae\/FSFJQ6C7OJHJFCUZXDBRLUY5KY.png 1200w\">(Gr\u00e1fica: ourworldindata.org)<\/p>\n\n\n\n<p><strong>\u201cYa est\u00e1n las vacunas, a ver, p\u00f3nganlas\u201d<\/strong><\/p>\n\n\n\n<p>Por otro lado, el 28 de diciembre, el Grupo T\u00e9cnico Asesor de Vacunaci\u00f3n COVID-19 public\u00f3 el documento&nbsp;<em>Priorizaci\u00f3n inicial y consecutiva para la vacunaci\u00f3n contra SARS-CoV-2 en la poblaci\u00f3n mexicana. Recomendaciones preliminares<\/em>, en el cual se establecen los grupos prioritarios para vacunar, as\u00ed como las primeras recomendaciones sobre los tipos de vacunas a utilizar;&nbsp;<strong>sin embargo no explica c\u00f3mo, por qu\u00e9, ni d\u00f3nde se aplicar\u00e1n.<\/strong><\/p>\n\n\n\n<p>\u201cCuando lo llevas a la t\u00e1ctica final, te enfrentas a los grandes problemas que tenemos ahora. Ya est\u00e1n las vacunas, a ver, p\u00f3nganlas.&nbsp;<strong>Ese es el gran desastre que tuvimos con el arranque,<\/strong>&nbsp;esos famosos centros de vacunaci\u00f3n con largas filas de gente bajo el sol esperando su turno de ser vacunada\u201d, asever\u00f3 el especialista.<\/p>\n\n\n\n<p>El&nbsp;<a href=\"https:\/\/coronavirus.gob.mx\/wp-content\/uploads\/2021\/01\/PolVx_COVID_-11Ene2021.pdf\" target=\"_blank\" rel=\"noreferrer noopener\">plan t\u00e1ctico final para la vacunaci\u00f3n<\/a>&nbsp;qued\u00f3 establecido hasta la cuarta versi\u00f3n de la Pol\u00edtica Nacional de Vacunaci\u00f3n, dada a conocer el pasado 11 de enero. Este documento ya menciona la formaci\u00f3n de&nbsp;<strong>10,000 \u201cBrigadas Correcaminos\u201d,<\/strong>&nbsp;que constan de doce personas, de las cuales solamente dos aplican las vacunas, mientras que cuatro o seis son \u201cServidores de la Naci\u00f3n\u201d.<\/p>\n\n\n\n<p>Adem\u00e1s, el experto en el sistema de salud mexicano cuestion\u00f3 los criterios que el gobierno mexicano estableci\u00f3 como prioritarios para la aplicaci\u00f3n de la vacuna y&nbsp;<strong>compar\u00f3 el camino que sigui\u00f3 Estados Unidos<\/strong>, naci\u00f3n que en este momento se encuentra vacunando a<strong>&nbsp;todos los mayores de 60 a\u00f1os<\/strong>&nbsp;y a quienes padezcan&nbsp;<strong>comorbilidades<\/strong>&nbsp;-independientemente de su edad-, por ser los grupos m\u00e1s vulnerables.<img decoding=\"async\" alt=\"(Foto: Twitter \/@GobCDMX)\" height=\"682\" width=\"1024\" src=\"https:\/\/www.infobae.com\/new-resizer\/udnniD6SgTxdqX879ssaldGOmHk=\/420x280\/filters:format(jpg):quality(85)\/cloudfront-us-east-1.images.arcpublishing.com\/infobae\/CKQBT2NK5FDYLLMXH5T5QP4YVI.jfif\" srcset=\"https:\/\/www.infobae.com\/new-resizer\/udnniD6SgTxdqX879ssaldGOmHk=\/420x280\/filters:format(jpg):quality(85)\/cloudfront-us-east-1.images.arcpublishing.com\/infobae\/CKQBT2NK5FDYLLMXH5T5QP4YVI.jfif 420w,https:\/\/www.infobae.com\/new-resizer\/ir-0izL7o2Ck_hlQjVPX3ab5EBE=\/768x512\/filters:format(jpg):quality(85)\/cloudfront-us-east-1.images.arcpublishing.com\/infobae\/CKQBT2NK5FDYLLMXH5T5QP4YVI.jfif 768w,https:\/\/www.infobae.com\/new-resizer\/9UFfT_JCmKxYXkXmOjWXPb7ojNY=\/992x661\/filters:format(jpg):quality(85)\/cloudfront-us-east-1.images.arcpublishing.com\/infobae\/CKQBT2NK5FDYLLMXH5T5QP4YVI.jfif 992w,https:\/\/www.infobae.com\/new-resizer\/KFHqTAt3QxWk8O83AVkzpg9Tpbo=\/1200x800\/filters:format(jpg):quality(85)\/cloudfront-us-east-1.images.arcpublishing.com\/infobae\/CKQBT2NK5FDYLLMXH5T5QP4YVI.jfif 1200w\">(Foto: Twitter \/@GobCDMX)<\/p>\n\n\n\n<p>En contraste, cabe recordar que el plan mexicano considera que los primeros en recibir la vacuna son los&nbsp;<strong>m\u00e9dicos<\/strong>&nbsp;que se enfrenta al COVID-19; en segundo lugar, las personas&nbsp;<strong>mayores de 60 a\u00f1os;<\/strong>&nbsp;le siguen las personas con&nbsp;<strong>comorbilidades<\/strong>; el&nbsp;<strong>personal docente<\/strong>&nbsp;de las Entidades Federativas en sem\u00e1foro epidemiol\u00f3gico verde y por \u00faltimo, el&nbsp;<strong>resto de la poblaci\u00f3n<\/strong>&nbsp;(mayor a 16 a\u00f1os).<\/p>\n\n\n\n<p>El analista critic\u00f3 que hay personas vulnerables que no se encuentran contempladas en los primeros grupos, como personas con&nbsp;<strong>VIH\/SIDA o con comorbilidades potencialmente peligrosas<\/strong>&nbsp;que \u201cdeber\u00edan ser tan o m\u00e1s importantes que muchos adultos mayores y no est\u00e1n siendo incluidos ahorita\u201d. Inclusive, mencion\u00f3 que se ha ignorado a los grupos de&nbsp;<strong>m\u00e9dicos que trabajan en hospitales y cl\u00ednicas privadas<\/strong>, en ocasiones dando preferencia a profesores y otros colaboradores del gobierno.<\/p>\n\n\n\n<p>\u201cTodo eso no se tom\u00f3 en cuenta. No hubo una estrategia, hubo una recomendaci\u00f3n y&nbsp;<strong>por eso nos estamos quedando atr\u00e1s<\/strong>\u201d, reiter\u00f3 Tello.<\/p>\n\n\n\n<p><strong>Pron\u00f3stico<\/strong><\/p>\n\n\n\n<p>El gobierno de M\u00e9xico tiene contemplado vacunar contra el virus SARS-CoV-2 a sus 126 millones de habitantes, con biol\u00f3gicos que requieren en su mayor\u00eda dos dosis. No obstante, Tello asegur\u00f3 que no habr\u00e1 manera de cumplir con la calendarizaci\u00f3n indicada si no es que se vacunan&nbsp;<strong>d\u00eda con d\u00eda a 250,000 personas<\/strong>, pues \u201csolamente as\u00ed vamos a llegar a los n\u00fameros\u201d.<img loading=\"lazy\" decoding=\"async\" alt=\"(Foto: Elizabeth Ruiz \/ Cuartoscuro)\" height=\"831\" width=\"1280\" src=\"https:\/\/www.infobae.com\/new-resizer\/l611ncelor6G5wYXFgDz119ro3A=\/420x280\/filters:format(jpg):quality(85)\/cloudfront-us-east-1.images.arcpublishing.com\/infobae\/7QZWRBAN6BGN7MBCBBL4MFBTBY.jpeg\" srcset=\"https:\/\/www.infobae.com\/new-resizer\/l611ncelor6G5wYXFgDz119ro3A=\/420x280\/filters:format(jpg):quality(85)\/cloudfront-us-east-1.images.arcpublishing.com\/infobae\/7QZWRBAN6BGN7MBCBBL4MFBTBY.jpeg 420w,https:\/\/www.infobae.com\/new-resizer\/jNlSl4ci4mssEgWdP-O7yoDj-uU=\/768x512\/filters:format(jpg):quality(85)\/cloudfront-us-east-1.images.arcpublishing.com\/infobae\/7QZWRBAN6BGN7MBCBBL4MFBTBY.jpeg 768w,https:\/\/www.infobae.com\/new-resizer\/5-WaqIkCazSifSUsCi6_6-P24BQ=\/992x661\/filters:format(jpg):quality(85)\/cloudfront-us-east-1.images.arcpublishing.com\/infobae\/7QZWRBAN6BGN7MBCBBL4MFBTBY.jpeg 992w,https:\/\/www.infobae.com\/new-resizer\/Qu1Vcixd6KOkIefjvXEXb6UrM2Q=\/1200x800\/filters:format(jpg):quality(85)\/cloudfront-us-east-1.images.arcpublishing.com\/infobae\/7QZWRBAN6BGN7MBCBBL4MFBTBY.jpeg 1200w\">(Foto: Elizabeth Ruiz \/ Cuartoscuro)<\/p>\n\n\n\n<p>El pasado 25 de febrero, el secretario de Hacienda y Cr\u00e9dito P\u00fablico,&nbsp;<strong>Arturo Herrera,&nbsp;<\/strong>estim\u00f3 que para junio de este 2021, al menos&nbsp;<strong>80 millones de mexicanos&nbsp;<\/strong>ser\u00e1n vacunados contra COVID-19, mientras que para abril se habr\u00e1n vacunado alrededor de&nbsp;<strong>34 millones de personas,<\/strong>&nbsp;m\u00e1s de la totalidad de los adultos mayores de 60 a\u00f1os.<\/p>\n\n\n\n<p>\u201cSi lo que quieres es vacunar a todo M\u00e9xico antes de que termine el a\u00f1o, necesitas aplicar&nbsp;<strong>cerca de 520,000 a 550,000 dosis diarias<\/strong>,&nbsp;<strong>hoy eso no se est\u00e1 haciendo.&nbsp;<\/strong>Si todo funcionara bien, creo que tendr\u00edamos que la poblaci\u00f3n mayor de 40 a\u00f1os pudiera estar vacunada al 70% tal vez a finales del&nbsp;<strong>oto\u00f1o<\/strong>, antes no porque no veo que est\u00e9n tomando las providencias para que eso suceda\u201d.<\/p>\n\n\n\n<p>Durante el informe t\u00e9cnico del d\u00eda de ayer, L\u00f3pez-Gatell asever\u00f3 que es factible que se puedan aplicar alrededor de&nbsp;<strong>500,000 vacunas por d\u00eda<\/strong>, conforme incremente el arribo de biol\u00f3gicos. De mantener ese ritmo,&nbsp;<strong>M\u00e9xico elevar\u00eda su curva de vacunaci\u00f3n.<\/strong><\/p>\n\n\n\n<p>El \u00faltimo calendario presentado por la Secretar\u00eda de Salud y la Canciller\u00eda, actualizado el 24 de febrero, dec\u00eda que para finales de este mes, M\u00e9xico deber\u00eda haber acumulado poco menos de&nbsp;<strong>27 millones de dosis recibidas.<\/strong>&nbsp;Al momento, s\u00f3lo han llegado poco menos de&nbsp;<strong>5,500,000.<\/strong><img loading=\"lazy\" decoding=\"async\" alt=\"(Foto: EFE\/S\u00e1shenka Guti\u00e9rrez)\" height=\"2691\" width=\"4036\" src=\"https:\/\/www.infobae.com\/new-resizer\/QNo_K_WtmpypF72y5tsoiu5TZPY=\/420x280\/filters:format(jpg):quality(85)\/cloudfront-us-east-1.images.arcpublishing.com\/infobae\/34MXKVI6TVHR3L2HCDHZYABNLU.jpg\" srcset=\"https:\/\/www.infobae.com\/new-resizer\/QNo_K_WtmpypF72y5tsoiu5TZPY=\/420x280\/filters:format(jpg):quality(85)\/cloudfront-us-east-1.images.arcpublishing.com\/infobae\/34MXKVI6TVHR3L2HCDHZYABNLU.jpg 420w,https:\/\/www.infobae.com\/new-resizer\/MH0WMfwWLqTfGflZA2ExvQemuS0=\/768x512\/filters:format(jpg):quality(85)\/cloudfront-us-east-1.images.arcpublishing.com\/infobae\/34MXKVI6TVHR3L2HCDHZYABNLU.jpg 768w,https:\/\/www.infobae.com\/new-resizer\/GFzBfol-YFUiSjDQEZHqtIU-rW0=\/992x661\/filters:format(jpg):quality(85)\/cloudfront-us-east-1.images.arcpublishing.com\/infobae\/34MXKVI6TVHR3L2HCDHZYABNLU.jpg 992w,https:\/\/www.infobae.com\/new-resizer\/_vYm71sZ5z994lmFlQi6Iztq_rs=\/1200x800\/filters:format(jpg):quality(85)\/cloudfront-us-east-1.images.arcpublishing.com\/infobae\/34MXKVI6TVHR3L2HCDHZYABNLU.jpg 1200w\">(Foto: EFE\/S\u00e1shenka Guti\u00e9rrez)<\/p>\n\n\n\n<p><strong>\u201cAlgo muy extraordinario tiene que ocurrir para que M\u00e9xico comience a acelerar.&nbsp;<\/strong>Estamos administrando 45,000 diarias en promedio, bueno, necesitamos diariamente aplicar m\u00e1s de 250,000 en la primera fase y 520,000 en todos los d\u00edas del a\u00f1o.&nbsp;<strong>No veo c\u00f3mo lo van a hacer\u201d<\/strong>, insisti\u00f3 el m\u00e9dico cirujano.<\/p>\n\n\n\n<p>Hasta el corte del 11 de marzo a las 16:00 horas, M\u00e9xico ha aplicado un acumulado de&nbsp;<strong>3,779,969 dosis de vacuna contra el virus.<\/strong><\/p>\n\n\n\n<p>El especialista en pol\u00edticas de salud, confirm\u00f3 que mientras no se cambie el rumbo del programa actual de vacunaci\u00f3n, esta campa\u00f1a se podr\u00eda convertir en u<strong>no de los fracasos m\u00e1s grandes en materia de salud&nbsp;<\/strong>en la historia del pa\u00eds, por lo que recomend\u00f3 algunas medidas para darle un giro al plan actual:<\/p>\n\n\n\n<p><strong>Primeramente, nombrar a un l\u00edder.&nbsp;<\/strong>El consejo de salubridad general tiene que hacerse cargo y nombrar a un director del programa de vacunaci\u00f3n, quien tenga el poder suficiente para mermar entre varias instituciones p\u00fablicas y negociar con los gobernadores de todas las entidades.<\/p>\n\n\n\n<p>\u201cAdem\u00e1s, esta verdadera estrategia de vacunaci\u00f3n tiene que contemplar la&nbsp;<strong>participaci\u00f3n del estado, del sector privado y de las organizaciones no gubernamentales,&nbsp;<\/strong>para alcanzar a la vacunar a la mayor cantidad de gente en el menor tiempo posible\u201d.<\/p>\n\n\n\n<p>\u201cSe necesita dar un manotazo y hacerle un&nbsp;<em>reboot<\/em>&nbsp;general al programa.<strong>&nbsp;Si no lo hacemos as\u00ed, no habr\u00e1 manera, no se va a poder\u201d<\/strong>.<\/p>\n\n\n\n<p><strong>SEGUIR LEYENDO<\/strong><\/p>\n\n\n\n<p><a href=\"https:\/\/www.infobae.com\/america\/mundo\/2021\/01\/11\/como-hizo-israel-para-vacunar-a-dos-millones-de-personas-en-tres-semanas\/?fbclid=IwAR1RlkAPoM501nkVnyDvKiQOjO8WmuQfQG8AGFjHwQcZBOAF1xyJeS4CTKQ\">C\u00f3mo hizo Israel para vacunar a dos millones de personas en tres semanas<\/a><\/p>\n\n\n\n<p><a href=\"https:\/\/www.infobae.com\/america\/mexico\/2021\/03\/10\/arribaron-a-mexico-200000-dosis-de-la-vacuna-sputnik-ebrard-agradecio-a-putin-por-su-apoyo\/\" target=\"_blank\" rel=\"noreferrer noopener\">Llegaron a M\u00e9xico 200,000 dosis de Sputnik: cu\u00e1ntas vacunas ha recibido el pa\u00eds en total<\/a><\/p>\n\n\n\n<p><a href=\"https:\/\/www.infobae.com\/america\/mexico\/2021\/03\/11\/vamos-bien-amlo-celebro-historica-cifra-de-adultos-mayores-vacunados-en-un-solo-dia\/\" target=\"_blank\" rel=\"noreferrer noopener\">\u201cVamos bien\u201d: AMLO celebr\u00f3 hist\u00f3rica cifra de adultos mayores vacunados contra COVID-19 en un solo d\u00eda<\/a><\/p>\n\n\n\n<p>Fuente: https:\/\/www.infobae.com\/america\/mexico\/2021\/03\/12\/no-hay-una-estrategia-ni-un-lider-mexico-arranco-primero-la-vacunacion-pero-ahora-es-el-octavo-lugar-de-america-latina\/<\/p>\n","protected":false},"excerpt":{"rendered":"<p>Expertos aseguran que la vacunaci\u00f3n en M\u00e9xico va muy lenta, pero unir esfuerzos de la sociedad, la iniciativa privada y [&hellip;]<\/p>\n","protected":false},"author":1,"featured_media":5531,"comment_status":"open","ping_status":"open","sticky":false,"template":"","format":"standard","meta":{"site-sidebar-layout":"default","site-content-layout":"","ast-site-content-layout":"default","site-content-style":"default","site-sidebar-style":"default","ast-global-header-display":"","ast-banner-title-visibility":"","ast-main-header-display":"","ast-hfb-above-header-display":"","ast-hfb-below-header-display":"","ast-hfb-mobile-header-display":"","site-post-title":"","ast-breadcrumbs-content":"","ast-featured-img":"","footer-sml-layout":"","theme-transparent-header-meta":"","adv-header-id-meta":"","stick-header-meta":"","header-above-stick-meta":"","header-main-stick-meta":"","header-below-stick-meta":"","astra-migrate-meta-layouts":"default","ast-page-background-enabled":"default","ast-page-background-meta":{"desktop":{"background-color":"var(--ast-global-color-4)","background-image":"","background-repeat":"repeat","background-position":"center center","background-size":"auto","background-attachment":"scroll","background-type":"","background-media":"","overlay-type":"","overlay-color":"","overlay-opacity":"","overlay-gradient":""},"tablet":{"background-color":"","background-image":"","background-repeat":"repeat","background-position":"center center","background-size":"auto","background-attachment":"scroll","background-type":"","background-media":"","overlay-type":"","overlay-color":"","overlay-opacity":"","overlay-gradient":""},"mobile":{"background-color":"","background-image":"","background-repeat":"repeat","background-position":"center center","background-size":"auto","background-attachment":"scroll","background-type":"","background-media":"","overlay-type":"","overlay-color":"","overlay-opacity":"","overlay-gradient":""}},"ast-content-background-meta":{"desktop":{"background-color":"var(--ast-global-color-5)","background-image":"","background-repeat":"repeat","background-position":"center center","background-size":"auto","background-attachment":"scroll","background-type":"","background-media":"","overlay-type":"","overlay-color":"","overlay-opacity":"","overlay-gradient":""},"tablet":{"background-color":"var(--ast-global-color-5)","background-image":"","background-repeat":"repeat","background-position":"center center","background-size":"auto","background-attachment":"scroll","background-type":"","background-media":"","overlay-type":"","overlay-color":"","overlay-opacity":"","overlay-gradient":""},"mobile":{"background-color":"var(--ast-global-color-5)","background-image":"","background-repeat":"repeat","background-position":"center center","background-size":"auto","background-attachment":"scroll","background-type":"","background-media":"","overlay-type":"","overlay-color":"","overlay-opacity":"","overlay-gradient":""}},"footnotes":""},"categories":[8],"tags":[438],"class_list":["post-5530","post","type-post","status-publish","format-standard","has-post-thumbnail","hentry","category-noticias","tag-vacunas-covid-mexico-problemnas"],"_links":{"self":[{"href":"https:\/\/losperiodistas.com.mx\/portal\/wp-json\/wp\/v2\/posts\/5530","targetHints":{"allow":["GET"]}}],"collection":[{"href":"https:\/\/losperiodistas.com.mx\/portal\/wp-json\/wp\/v2\/posts"}],"about":[{"href":"https:\/\/losperiodistas.com.mx\/portal\/wp-json\/wp\/v2\/types\/post"}],"author":[{"embeddable":true,"href":"https:\/\/losperiodistas.com.mx\/portal\/wp-json\/wp\/v2\/users\/1"}],"replies":[{"embeddable":true,"href":"https:\/\/losperiodistas.com.mx\/portal\/wp-json\/wp\/v2\/comments?post=5530"}],"version-history":[{"count":1,"href":"https:\/\/losperiodistas.com.mx\/portal\/wp-json\/wp\/v2\/posts\/5530\/revisions"}],"predecessor-version":[{"id":5532,"href":"https:\/\/losperiodistas.com.mx\/portal\/wp-json\/wp\/v2\/posts\/5530\/revisions\/5532"}],"wp:featuredmedia":[{"embeddable":true,"href":"https:\/\/losperiodistas.com.mx\/portal\/wp-json\/wp\/v2\/media\/5531"}],"wp:attachment":[{"href":"https:\/\/losperiodistas.com.mx\/portal\/wp-json\/wp\/v2\/media?parent=5530"}],"wp:term":[{"taxonomy":"category","embeddable":true,"href":"https:\/\/losperiodistas.com.mx\/portal\/wp-json\/wp\/v2\/categories?post=5530"},{"taxonomy":"post_tag","embeddable":true,"href":"https:\/\/losperiodistas.com.mx\/portal\/wp-json\/wp\/v2\/tags?post=5530"}],"curies":[{"name":"wp","href":"https:\/\/api.w.org\/{rel}","templated":true}]}}