{"id":5522,"date":"2021-03-12T07:47:35","date_gmt":"2021-03-12T13:47:35","guid":{"rendered":"http:\/\/losperiodistas.com.mx\/portal\/?p=5522"},"modified":"2021-03-12T07:47:37","modified_gmt":"2021-03-12T13:47:37","slug":"mexico-camino-de-ser-el-mayor-mercado-legal-de-marihuana-el-mundo","status":"publish","type":"post","link":"https:\/\/losperiodistas.com.mx\/portal\/mexico-camino-de-ser-el-mayor-mercado-legal-de-marihuana-el-mundo\/","title":{"rendered":"M\u00e9xico, camino de ser el mayor mercado legal de marihuana | El Mundo"},"content":{"rendered":"\n<p style=\"font-size:18px\"><em>La propuesta para legalizar el cannabis ha sido aprobada por el Congreso y debe avalarla el Senado<\/em><\/p>\n\n\n\n<p class=\"has-vivid-cyan-blue-color has-text-color has-medium-font-size\">PABLO S\u00c1NCHEZ OLMOS \/ EL MUNDO<\/p>\n\n\n\n<p>La legalizaci\u00f3n de la marihuana en&nbsp;<a href=\"https:\/\/www.elmundo.es\/internacional\/mexico.html\">M\u00e9xico&nbsp;<\/a>est\u00e1 cerca de convertirse en realidad. M\u00e1s de dos a\u00f1os y medio despu\u00e9s de que la Suprema Corte ordenara al Legislativo garantizar ese derecho, por considerar que su prohibici\u00f3n atentaba contra el desarrollo libre de la personalidad de los usuarios, el Congreso de la Uni\u00f3n aprob\u00f3 ayer la&nbsp;<strong>Ley Federal para la Regulaci\u00f3n del Cannabis<\/strong>&nbsp;con 316 votos a favor, 129 en contra y 23 abstenciones. La nueva normativa, que deber\u00e1 ser respaldada por el Senado antes del&nbsp;30 de abril, va a convertir a M\u00e9xico en el mayor mercado legal de marihuana del mundo y en el tercer pa\u00eds, tras&nbsp;<a href=\"https:\/\/www.elmundo.es\/internacional\/canada.html\">Canad\u00e1<\/a>&nbsp;y&nbsp;<a href=\"https:\/\/www.elmundo.es\/internacional\/uruguay.html\">Uruguay<\/a>, en legalizar el consumo l\u00fadico en todo su territorio.<\/p>\n\n\n\n<p>El debate que precedi\u00f3 a la votaci\u00f3n en el Congreso fue un fiel reflejo de las reticencias que a\u00fan genera esta reforma en buena parte de la sociedad. Desde las organizaciones cann\u00e1bicas se\u00f1alan que la regulaci\u00f3n se queda corta y&nbsp;<strong>favorece la entrada de grandes capitales extranjeros<\/strong>, por delante de los derechos de los consumidores y peque\u00f1os productores, desde la oposici\u00f3n critican que estos cambios van a fomentar las adicciones. La legisladora del PRI, Cynthia Iliana L\u00f3pez Castro, subi\u00f3 a la tribuna con 28 cigarros de or\u00e9gano para ilustrar la cantidad de marihuana que las personas podr\u00e1n portar a partir de ahora: \u00abCon tres mordidas a un panqu\u00e9 (bizcocho) de chocolate con 550 miligramos de marihuana, una persona podr\u00eda estar en&nbsp;<strong>un viaje durante cuatro d\u00edas, \u00bfeso es lo que quieren?\u00bb<\/strong>.<\/p>\n\n\n\n<p>El partido gobernante, Morena, y sus aliados en el Senado no van a tener problemas para aprobar esta regulaci\u00f3n, considerada como una de las m\u00e1s avanzadas del mundo. A partir de entonces, todas las personas mayores de edad podr\u00e1n consumir marihuana con fines recreativos y poseer&nbsp;<strong>hasta 28 gramos<\/strong>&nbsp;sin incurrir en delito. Estar\u00e1 prohibido fumar delante de menores, as\u00ed como en escuelas, puestos de trabajo o restaurantes, lo que en la pr\u00e1ctica supone que solo podr\u00e1 consumirse en asociaciones de cannabis o en el propio domicilio.<\/p>\n\n\n\n<p>La medida establece permisos para que una persona pueda cultivar en su casa hasta seis plantas con fines l\u00fadicos, mismas que se elevar\u00e1n hasta ocho en caso de que convivan dos consumidores. Para ello deber\u00e1n pedir permisos que se renuevan cada a\u00f1o. Finalmente, no se crear\u00e1 el Instituto Mexicano de Regulaci\u00f3n y Control del Cannabis, sino que ser\u00e1 la&nbsp;<strong>Comisi\u00f3n Nacional contra las Adicciones<\/strong>&nbsp;quien regule el mercado y autorice las licencias.<\/p>\n\n\n\n<p>La regularizaci\u00f3n supone una oportunidad de inversi\u00f3n sumamente atractiva para las empresas del sector, ya que el dictamen elimina las pocas restricciones que hab\u00eda para que una misma compa\u00f1\u00eda participe en varias etapas del proceso de producci\u00f3n, distribuci\u00f3n y comercializaci\u00f3n.<\/p>\n\n\n\n<p>Tambi\u00e9n se avala la creaci\u00f3n de asociaciones de consumidores de hasta 20 miembros, ninguno de los cuales podr\u00e1 tener<strong>&nbsp;antecedentes por narcotr\u00e1fico.<\/strong>&nbsp;Estos clubes de fumadores podr\u00e1n tener un m\u00e1ximo de 50 plantas, no podr\u00e1n vender el producto a personas externas, ni a menores de edad, ni por medio de m\u00e1quinas de autoservicio, internet o correo. Todos los productos deber\u00e1n estar sellados a prueba de ni\u00f1os, alertar sobre los efectos nocivos para la salud y tener un etiquetado con la leyenda \u00absolo para la venta en M\u00e9xico\u00bb.<\/p>\n\n\n\n<h2 class=\"wp-block-heading\">M\u00c1S DE 30.000 MUERTOS AL A\u00d1O POR NARCOTR\u00c1FICO<\/h2>\n\n\n\n<p>A pesar de haber logrado su objetivo principal, las organizaciones cann\u00e1bicas han criticado que la nueva ley tiene&nbsp;<strong>un enfoque principalmente comercial<\/strong>&nbsp;y que sigue criminalizando a los consumidores, ya que no despenaliza del todo la posesi\u00f3n. Quien sea sorprendido con m\u00e1s de 28 gramos se enfrenta a multas de 500 euros y quien tenga m\u00e1s de 200 gramos podr\u00eda ser&nbsp;<strong>condenado hasta 15 a\u00f1os de prisi\u00f3n.<\/strong>&nbsp;Seg\u00fan denuncia el polit\u00f3logo mexicano Ra\u00fal Zepeda Gil, \u00absin despenalizaci\u00f3n, ni discusi\u00f3n integral de los campesinos, esta reforma del cannabis&nbsp;<strong>es solo la creaci\u00f3n de un mercado m\u00e1s para las clases medias<\/strong>&nbsp;prove\u00eddo por transnacionales canadienses. Nada que tenga que ver con la pacificaci\u00f3n del pa\u00eds\u00bb.<\/p>\n\n\n\n<p>Hist\u00f3ricamente M\u00e9xico ha sido una tierra f\u00e9rtil para el cultivo de sustancias como el cannabis y la amapola. Hasta 1920 era ampliamente utilizado con fines religiosos y medicinales. Su prohibici\u00f3n supuso la creaci\u00f3n de un mercado clandestino que tuvo en\u00a0<a href=\"https:\/\/www.elmundo.es\/internacional\/estados-unidos.html\">EEUU\u00a0<\/a>a su principal consumidor y que fortaleci\u00f3 la creaci\u00f3n de grandes c\u00e1rteles de la droga. M\u00e9xico tiene uno de los mayores niveles de violencia vinculada al narcotr\u00e1fico, con un promedio anual de m\u00e1s de 30.000 muertos. El Gobierno conf\u00eda en que esta legalizaci\u00f3n ayude a rebajar esta tasa, al mismo tiempo que permitir\u00e1\u00a0<strong>crear puestos de trabajo y aumentar la recaudaci\u00f3n fiscal.<\/strong>\u00a0Seg\u00fan apunta un estudio de Grand View Research, en el a\u00f1o 2027, este mercado legal podr\u00eda tener un valor de 70.000 millones de euros a nivel mundial.<\/p>\n\n\n\n<p>Fuente: <\/p>\n","protected":false},"excerpt":{"rendered":"<p>La propuesta para legalizar el cannabis ha sido aprobada por el Congreso y debe avalarla el Senado PABLO S\u00c1NCHEZ OLMOS [&hellip;]<\/p>\n","protected":false},"author":1,"featured_media":5523,"comment_status":"open","ping_status":"open","sticky":false,"template":"","format":"standard","meta":{"site-sidebar-layout":"default","site-content-layout":"","ast-site-content-layout":"default","site-content-style":"default","site-sidebar-style":"default","ast-global-header-display":"","ast-banner-title-visibility":"","ast-main-header-display":"","ast-hfb-above-header-display":"","ast-hfb-below-header-display":"","ast-hfb-mobile-header-display":"","site-post-title":"","ast-breadcrumbs-content":"","ast-featured-img":"","footer-sml-layout":"","theme-transparent-header-meta":"","adv-header-id-meta":"","stick-header-meta":"","header-above-stick-meta":"","header-main-stick-meta":"","header-below-stick-meta":"","astra-migrate-meta-layouts":"default","ast-page-background-enabled":"default","ast-page-background-meta":{"desktop":{"background-color":"var(--ast-global-color-4)","background-image":"","background-repeat":"repeat","background-position":"center center","background-size":"auto","background-attachment":"scroll","background-type":"","background-media":"","overlay-type":"","overlay-color":"","overlay-opacity":"","overlay-gradient":""},"tablet":{"background-color":"","background-image":"","background-repeat":"repeat","background-position":"center center","background-size":"auto","background-attachment":"scroll","background-type":"","background-media":"","overlay-type":"","overlay-color":"","overlay-opacity":"","overlay-gradient":""},"mobile":{"background-color":"","background-image":"","background-repeat":"repeat","background-position":"center center","background-size":"auto","background-attachment":"scroll","background-type":"","background-media":"","overlay-type":"","overlay-color":"","overlay-opacity":"","overlay-gradient":""}},"ast-content-background-meta":{"desktop":{"background-color":"var(--ast-global-color-5)","background-image":"","background-repeat":"repeat","background-position":"center center","background-size":"auto","background-attachment":"scroll","background-type":"","background-media":"","overlay-type":"","overlay-color":"","overlay-opacity":"","overlay-gradient":""},"tablet":{"background-color":"var(--ast-global-color-5)","background-image":"","background-repeat":"repeat","background-position":"center center","background-size":"auto","background-attachment":"scroll","background-type":"","background-media":"","overlay-type":"","overlay-color":"","overlay-opacity":"","overlay-gradient":""},"mobile":{"background-color":"var(--ast-global-color-5)","background-image":"","background-repeat":"repeat","background-position":"center center","background-size":"auto","background-attachment":"scroll","background-type":"","background-media":"","overlay-type":"","overlay-color":"","overlay-opacity":"","overlay-gradient":""}},"footnotes":""},"categories":[8],"tags":[434],"class_list":["post-5522","post","type-post","status-publish","format-standard","has-post-thumbnail","hentry","category-noticias","tag-marihuana-mexico-legalizacion"],"_links":{"self":[{"href":"https:\/\/losperiodistas.com.mx\/portal\/wp-json\/wp\/v2\/posts\/5522","targetHints":{"allow":["GET"]}}],"collection":[{"href":"https:\/\/losperiodistas.com.mx\/portal\/wp-json\/wp\/v2\/posts"}],"about":[{"href":"https:\/\/losperiodistas.com.mx\/portal\/wp-json\/wp\/v2\/types\/post"}],"author":[{"embeddable":true,"href":"https:\/\/losperiodistas.com.mx\/portal\/wp-json\/wp\/v2\/users\/1"}],"replies":[{"embeddable":true,"href":"https:\/\/losperiodistas.com.mx\/portal\/wp-json\/wp\/v2\/comments?post=5522"}],"version-history":[{"count":1,"href":"https:\/\/losperiodistas.com.mx\/portal\/wp-json\/wp\/v2\/posts\/5522\/revisions"}],"predecessor-version":[{"id":5524,"href":"https:\/\/losperiodistas.com.mx\/portal\/wp-json\/wp\/v2\/posts\/5522\/revisions\/5524"}],"wp:featuredmedia":[{"embeddable":true,"href":"https:\/\/losperiodistas.com.mx\/portal\/wp-json\/wp\/v2\/media\/5523"}],"wp:attachment":[{"href":"https:\/\/losperiodistas.com.mx\/portal\/wp-json\/wp\/v2\/media?parent=5522"}],"wp:term":[{"taxonomy":"category","embeddable":true,"href":"https:\/\/losperiodistas.com.mx\/portal\/wp-json\/wp\/v2\/categories?post=5522"},{"taxonomy":"post_tag","embeddable":true,"href":"https:\/\/losperiodistas.com.mx\/portal\/wp-json\/wp\/v2\/tags?post=5522"}],"curies":[{"name":"wp","href":"https:\/\/api.w.org\/{rel}","templated":true}]}}