{"id":5516,"date":"2021-03-12T06:53:55","date_gmt":"2021-03-12T12:53:55","guid":{"rendered":"http:\/\/losperiodistas.com.mx\/portal\/?p=5516"},"modified":"2021-03-12T06:53:56","modified_gmt":"2021-03-12T12:53:56","slug":"no-solo-es-felix-salgado-pri-pan-pes-y-morena-llevan-a-25-hombres-con-senalamientos-de-violencia-sinembargo","status":"publish","type":"post","link":"https:\/\/losperiodistas.com.mx\/portal\/no-solo-es-felix-salgado-pri-pan-pes-y-morena-llevan-a-25-hombres-con-senalamientos-de-violencia-sinembargo\/","title":{"rendered":"No s\u00f3lo es F\u00e9lix Salgado: PRI, PAN, PES y Morena llevan a 25 hombres con se\u00f1alamientos de violencia | Sinembargo"},"content":{"rendered":"\n<p style=\"font-size:18px\"><em>La jornada electoral de este a\u00f1o tiene un tinte que no hab\u00eda tenido en anteriores ocasiones y es el de la violencia de g\u00e9nero. Aunque el caso de F\u00e9lix Salgado Macedonio, candidato de Morena al Gobierno de Guerrero, es el que m\u00e1s controversia ha causado, no es el \u00fanico aspirante que arrastra estos se\u00f1alamientos.<\/em><\/p>\n\n\n\n<p class=\"has-vivid-cyan-blue-color has-text-color has-medium-font-size\">DANIELA BARRAG\u00c1N \/ SINEMBARGO<\/p>\n\n\n\n<p>Ciudad de M\u00e9xico, 12 de marzo (SinEmbargo).- No s\u00f3lo se trata de&nbsp;<strong>F\u00e9lix Salgado Macedonio<\/strong>. En total, son m\u00e1s de 20 aspirantes los que tienen acusaciones de&nbsp;<strong>violencia, maltrato, abuso y acoso<\/strong>, que buscan participar en la&nbsp;<strong>contienda electoral<\/strong>&nbsp;de este a\u00f1o para obtener un cargo p\u00fablico.<\/p>\n\n\n\n<p>Son hombres y una mujer que est\u00e1n en las listas de futuros gobernadores, congresistas o presidentes municipales por los partidos\u00a0<strong>Morena<\/strong>, Revolucionario Institucional (<strong>PRI<\/strong>), Acci\u00f3n Nacional (<strong>PAN<\/strong>) y Encuentro Social (<strong>PES<\/strong>).<\/p>\n\n\n\n<figure class=\"wp-block-image\"><img decoding=\"async\" src=\"https:\/\/i0.wp.com\/sinembargo.mx\/wp-content\/uploads\/2021\/03\/felix-salgado-macedonio-1-2.jpeg\" alt=\"\"\/><\/figure>\n\n\n\n<h4 class=\"wp-block-heading\"><a href=\"https:\/\/www.sinembargo.mx\/10-03-2021\/3949507\">VER M\u00c1S<\/a><\/h4>\n\n\n\n<h5 class=\"wp-block-heading\"><a href=\"https:\/\/www.sinembargo.mx\/10-03-2021\/3949507\">F\u00e9lix Salgado gana encuesta de Morena otra vez. Ser\u00e1 candidato en Guerrero pese a acusaciones<\/a><\/h5>\n\n\n\n<p>El caso de Morena con F\u00e9lix Salgado Macedonio\u2014acusado por cinco mujeres de abuso sexual\u2014 fue diferente, sobre todo por las protestas que su candidatura al Gobierno de Guerrero despert\u00f3.&nbsp;Sin embargo, luego de un proceso interno para deliberar si era adecuada su postulaci\u00f3n, concluyeron que s\u00ed lo era.<\/p>\n\n\n\n<blockquote class=\"wp-block-quote is-style-large is-layout-flow wp-block-quote-is-layout-flow\"><p>En la lista de contendientes acusados de cometer violencia contra las mujeres en distintos grados est\u00e1 Gabriel Quadri, excandidato presidencial que ahora busca una diputaci\u00f3n por la Alcald\u00eda de Coyoac\u00e1n bajo los colores del PAN. \u00c9l tiene denuncias por acoso sexual a alumnas de la Universidad Iberoamericana.<\/p><\/blockquote>\n\n\n\n<p>Entre los se\u00f1alados tambi\u00e9n figura Sandra Vaca, que se registr\u00f3 como candidata a Diputada federal por el PRI, pese a que est\u00e1 documentada su participaci\u00f3n en una red de prostituci\u00f3n dentro del mismo tricolor y sobre quien ya hay una orden de aprehensi\u00f3n.<img decoding=\"async\" src=\"https:\/\/i0.wp.com\/sinembargo.mx\/wp-content\/uploads\/2021\/03\/amlo-12.jpeg\" alt=\"\"><\/p>\n\n\n\n<h4 class=\"wp-block-heading\"><a href=\"https:\/\/www.sinembargo.mx\/09-03-2021\/3948908\">VER M\u00c1S<\/a><\/h4>\n\n\n\n<h5 class=\"wp-block-heading\"><a href=\"https:\/\/www.sinembargo.mx\/09-03-2021\/3948908\">AMLO sugiere que han \u201cfabricado\u201d v\u00edctimas y delitos en los casos de abuso en contra de F\u00e9lix Salgado<\/a><\/h5>\n\n\n\n<figure class=\"wp-block-embed-youtube wp-block-embed is-type-video is-provider-youtube wp-embed-aspect-16-9 wp-has-aspect-ratio\"><div class=\"wp-block-embed__wrapper\">\n<iframe title=\"No s\u00f3lo es F\u00e9lix Salgado: PRI, PAN, PES y Morena llevan a 25 hombres con se\u00f1alamientos de violencia\" width=\"500\" height=\"281\" src=\"https:\/\/www.youtube.com\/embed\/svX4wXO-2qA?feature=oembed\" frameborder=\"0\" allow=\"accelerometer; autoplay; clipboard-write; encrypted-media; gyroscope; picture-in-picture; web-share\" referrerpolicy=\"strict-origin-when-cross-origin\" allowfullscreen><\/iframe>\n<\/div><\/figure>\n\n\n\n<p><\/p>\n\n\n\n<p>Yndira Sandoval S\u00e1nchez, activista e integrante de Las Constituyentes, organizaci\u00f3n que impuls\u00f3 el requisito de la 3de3 de violencia contra las mujeres, se\u00f1al\u00f3 que se tiene el registro de 25 pol\u00edticos que tienen diversos se\u00f1alamientos como violencia pol\u00edtica, deudores, agresores en el \u00e1mbito familiar y abusadores, y que a\u00fan as\u00ed aspiran a un cargo.<\/p>\n\n\n\n<p>Ante la pregunta de por qu\u00e9 los partidos pol\u00edticos abanderan a estas personas,&nbsp;Sandoval S\u00e1nchez consider\u00f3 que se debe a un tema de impunidad, lo que provoca que esas instituciones, que deber\u00edan ser un filtro para no permitir esos comportamientos, se vuelvan c\u00f3mplices.<\/p>\n\n\n\n<blockquote class=\"wp-block-quote is-style-large is-layout-flow wp-block-quote-is-layout-flow\"><p>\u201cEl 98 por ciento de los delitos cometidos contra mujeres guardan un estatus de impunidad, es decir que s\u00f3lo uno o dos de cada 10 casos de denuncia llegan a judicializarse y muy pocos llegan a sentencia y eso todav\u00eda hay que revisar el debido proceso y la debida diligencia al respecto [\u2026] es un tema de impunidad al que se suman no s\u00f3lo las fiscal\u00edas que no operaron en tiempo y forma, que no generaron carpeta, sino principalmente los partidos pol\u00edticos que le dan la entrada, el soporte, le abren las puertas para que puedan participar pese a que hay denuncias\u201d, coment\u00f3 a&nbsp;<strong>SinEmbargo<\/strong>.<\/p><\/blockquote>\n\n\n\n<p>\u201cSe ha destapado una cloaca a nivel nacional\u201d, dijo por su parte Gabriela Herrera, representante de la asociaci\u00f3n civil Jur\u00eddicas Feministas, que es integrante de la Observatoria&nbsp;Sonora por la Ley 3 de 3. En entrevista, mencion\u00f3 que un factor que influye en estos procesos electorales es que las mujeres ya no est\u00e1n dispuestas a votar por estos personajes.<\/p>\n\n\n\n<blockquote class=\"wp-block-quote is-style-large is-layout-flow wp-block-quote-is-layout-flow\"><p>\u201cSomos m\u00e1s del 50 por ciento de la poblaci\u00f3n y no estamos dispuestas a votar por estos personajes que tienen estos antecedentes [\u2026] hay un grado de corrupci\u00f3n que no permite que haya justicia y verdad para las mujeres. El Estado debe poner en pr\u00e1ctica lo que marca la Constituci\u00f3n: la igualdad entre hombres y mujeres en el Art\u00edculo 4 y adem\u00e1s los tratados internacionales que defienden los derechos pol\u00edticos y civiles de las mujeres. Eso se ha pasado por alto y es lo que vamos a estar vigilando\u201d, agreg\u00f3.<\/p><\/blockquote>\n\n\n\n<p>Al respecto, la organizaci\u00f3n Ipas se\u00f1al\u00f3 que la atenci\u00f3n a las v\u00edctimas est\u00e1 establecida en la Constituci\u00f3n y adem\u00e1s en el tratado de la Convenci\u00f3n de Bel\u00e9m do Par\u00e1 al que M\u00e9xico est\u00e1 adscrito y con el cual el pa\u00eds se compromete a adoptar pol\u00edticas y medidas necesarias para prevenir, sancionar y erradicar estas formas de violencia contra las mujeres.<\/p>\n\n\n\n<p>Para Mar\u00eda Antonieta Alcalde Castro, Directora para Ipas Centroam\u00e9rica y M\u00e9xico, en la cultura pol\u00edtica de M\u00e9xico los casos de acoso y violencia siempre fueron minimizados, eran considerados asuntos de la vida privada y o algo cotidiano.\u201cLos hombres que tienen poder consideran que las mujeres que le rodean est\u00e1n a su servicio para todo, incluyendo los temas sexuales. Hoy lo que vemos no es que haya m\u00e1s candidatos en esta situaci\u00f3n que antes, sino que ya se hace visible gracias a un movimiento feminista que dice que esto es p\u00fablico, que lo privado es p\u00fablico y vamos a evidenciar esta situaci\u00f3n de violencia y a los agresores, y les tiene que costar pol\u00edticamente\u201d, coment\u00f3.<img decoding=\"async\" src=\"https:\/\/i0.wp.com\/sinembargo.mx\/wp-content\/uploads\/2021\/03\/lorenzo-cordova.jpeg\" alt=\"\"><\/p>\n\n\n\n<h4 class=\"wp-block-heading\"><a href=\"https:\/\/www.sinembargo.mx\/10-03-2021\/3949417\">VER M\u00c1S<\/a><\/h4>\n\n\n\n<h5 class=\"wp-block-heading\"><a href=\"https:\/\/www.sinembargo.mx\/10-03-2021\/3949417\">Lorenzo C\u00f3rdova dice que los partidos son responsables de registrar a candidatos \u201chonorables\u201d<\/a><\/h5>\n\n\n\n<p><strong>LA 3DE3 CONTRA LA VIOLENCIA DE G\u00c9NERO<\/strong><\/p>\n\n\n\n<p>En octubre del a\u00f1o pasado, el Consejo General del Instituto Nacional Electoral (INE) emiti\u00f3 los lineamientos para que los partidos pol\u00edticos nacionales prevengan, atiendan, sancionen, reparen y erradiquen la violencia pol\u00edtica contra las mujeres en raz\u00f3n de g\u00e9nero; para comenzar, asentaron que los deudores de pensi\u00f3n alimenticia y condenados por violencia familiar o delitos sexuales no podr\u00e1n ser candidatos en las elecciones de 2021.<\/p>\n\n\n\n<p>Dichos lineamientos incluyen el formato de 3de3 contra la violencia, con la cual los partidos pol\u00edticos quedan obligados a solicitar a los aspirantes a una candidatura \u201cfirmar un formato, de buena fe y bajo protesta de decir verdad, donde se establezca&nbsp;que no hayan sido condenados o sancionados por violencia familiar o dom\u00e9stica; por delitos sexuales, contra la libertad sexual o la intimidad corporal\u201d, se explic\u00f3 en un comunicado de prensa.<\/p>\n\n\n\n<p>Sandoval S\u00e1nchez mencion\u00f3 que la propuesta de la 3de3 es un avance que coloca en el radar p\u00fablico est\u00e1ndares de legitimidad, idoneidad y probidad que buscan responder a la realidad que viven las mujeres mexicanas, pero el hecho de que se base solamente en sentencias dictaminadas, deja un margen amplio a los acusados, ya que por ejemplo, Salgado Macedonio firm\u00f3 la 3de3 porque no hay una sentencia en su contra.<\/p>\n\n\n\n<blockquote class=\"wp-block-quote is-style-large is-layout-flow wp-block-quote-is-layout-flow\"><p>\u201cDesde Las Constituyentes precisamos que la redacci\u00f3n de la 3de3 propusimos que incluyera \u2018no aspirar a cargos de elecci\u00f3n popular una persona que tenga antecedentes de denuncias, investigaci\u00f3n, procesamiento y\/o sentencia\u2019, porque en una democracia medianamente decente, bastar\u00eda un se\u00f1alamiento o una denuncia por un delito grave como lo es la violaci\u00f3n sexual para renunciar al cargo. En comparaci\u00f3n con el feminicidio, basta un antecedente de violencia de g\u00e9nero para que se configure un delito tan grave, \u00bfpor qu\u00e9 en la parte electoral no se consideran los antecedentes de denuncia, de investigaci\u00f3n, de procesamiento y solo se basa en la sentencia?\u201d, se\u00f1al\u00f3.<\/p><\/blockquote>\n\n\n\n<p>Este mi\u00e9rcoles, el presidente del INE,&nbsp;Lorenzo C\u00f3rdova Vianello,&nbsp;deslind\u00f3 a los \u00f3rganos electorales de la designaci\u00f3n de las candidaturas, que es&nbsp;responsabilidad exclusiva de los partidos pol\u00edticos y&nbsp;\u2014en conferencia de prensa digital con medio de guerrero\u2014&nbsp;dijo que \u201cojal\u00e1 y los partidos pol\u00edticos registren a personas honorables, que sean irreprochables, pero esa es responsabilidad de los partidos\u201d, subray\u00f3. Incluso aclar\u00f3 que este no es para un partido en espec\u00edfico, sino para todos los que est\u00e1n en la contienda.<img decoding=\"async\" src=\"https:\/\/i0.wp.com\/sinembargo.mx\/wp-content\/uploads\/2021\/03\/morena-felix.jpg\" alt=\"\"><\/p>\n\n\n\n<h4 class=\"wp-block-heading\"><a href=\"https:\/\/www.sinembargo.mx\/05-03-2021\/3947365\">VER M\u00c1S<\/a><\/h4>\n\n\n\n<h5 class=\"wp-block-heading\"><a href=\"https:\/\/www.sinembargo.mx\/05-03-2021\/3947365\">\u201cTe pedimos, F\u00e9lix Salgado, que renuncies a la candidatura\u201d, dicen mujeres de Morena en VIDEO<\/a><\/h5>\n\n\n\n<p><strong>ALGUNOS CANDIDATOS SE\u00d1ALADOS<\/strong><\/p>\n\n\n\n<p>La organizaci\u00f3n Las Constituyentes tiene identificados a trav\u00e9s de la 3de3 a 25 aspirantes que han incurrido en agresiones contra mujeres, una lista que espera a dar a conocer en su totalidad en los d\u00edas pr\u00f3ximos. De este grupo, algunos perfiles han sido identificados por la prensa o denunciados por las v\u00edctimas de estos pol\u00edticos.Aunque algunos se\u00f1alados a\u00fan est\u00e1n en calidad de precandidatos, Alcalde Castro, de Ipas, consider\u00f3 que cuando ya est\u00e9n en las competencia, desde el periodo de campa\u00f1a se les tiene dar seguimiento; si alguno de ellos logra hacerse del puesto, deber\u00e1 haber una vigilancia de sus pr\u00e1cticas cotidianas en cuanto los derechos de las mujeres y deber\u00e1n comprometerse con la agenda de las mujeres y poner en orden los se\u00f1alamientos de omisiones y de actos.<\/p>\n\n\n\n<p><strong>-F\u00e9lix Salgado Macedonio<\/strong><\/p>\n\n\n\n<p>Dos mujeres denunciaron formalmente a Salgado Macedonio, candidato de Morena para la gubernatura de Guerrero, de haber cometido agresiones sexuales. Una de ellas dijo que el Senador con licencia la viol\u00f3 cuando ella ten\u00eda 17 a\u00f1os y le pidi\u00f3 100 pesos para regresarse a su casa. El caso fue desestimado por la Fiscal\u00eda de Guerrero porque el delito ya hab\u00eda prescrito. En el segundo caso, la denunciante entreg\u00f3 a las autoridades fotograf\u00edas, conversaciones y testimonios y como resultado la enviaron a terapia psicol\u00f3gica. Tanto el Presidente Andr\u00e9s Manuel L\u00f3pez Obrador como Mario Delgado, dirigente nacional de Morena, han dicho que los se\u00f1alamientos contra Salgado son por asuntos pol\u00edticos.<\/p>\n\n\n\n<p>En esos a\u00f1os, \u00e9l lleg\u00f3 a ser parte del Consejo Consultivo del Fondo de las Naciones Unidas para la Infancia (Unicef), actu\u00f3 en una pel\u00edcula y recibi\u00f3 el Premio al Mejor Alcalde del A\u00f1o, otorgado por la Asociaci\u00f3n de Autoridades Locales de M\u00e9xico. En 2018 logr\u00f3 obtener un puesto en el Senado por Morena.<\/p>\n\n\n\n<blockquote class=\"wp-block-quote is-style-large is-layout-flow wp-block-quote-is-layout-flow\"><p>Aunque el partido hace dos semanas reabri\u00f3 el proceso para elegir al candidato para Guerrero, no le impidi\u00f3 al guerrerense competir. En la nueva encuesta result\u00f3 ser el elegido. Incluso gan\u00f3 en el rubro de respeto a las mujeres.<\/p><\/blockquote>\n\n\n\n<p><a href=\"https:\/\/i0.wp.com\/sinembargo.mx\/wp-content\/uploads\/2021\/03\/cuartoscuro_742692_digital.jpeg\"><\/a><\/p>\n\n\n\n<p>Pese a que Salgado Macedonio cuenta con acusaciones de agresiones sexuales, fue ratificado como candidato de Morena al Gobierno de Guerrero. Foto: Victoria Valtierra.<\/p>\n\n\n\n<p><strong>-Gabriel Quadri<\/strong><\/p>\n\n\n\n<p>En 2012 fue candidato presidencial por el Partido Nueva Alianza (Panal), hoy extinto. En marzo del a\u00f1o 2020, en la Universidad Iberoamericana se coloc\u00f3 un tendedero de denuncias contra profesores de la instituci\u00f3n y ah\u00ed apareci\u00f3 su nombre. \u00c9l respondi\u00f3 que eran \u201cmotivaciones pol\u00edticas\u201d y difamaci\u00f3n. Pese a ello,&nbsp;es uno de los candidatos del PAN, instituto que no se ha manifestado al respecto.<a href=\"https:\/\/i0.wp.com\/sinembargo.mx\/wp-content\/uploads\/2021\/03\/cuartoscuro_614870_digital-1.jpeg\"><\/a><\/p>\n\n\n\n<p>Gabriel Quadri fue candidato presidencial en 2012 por el Panal y ahora busca una diputaci\u00f3n por el PAN. Foto: Martha Esquivel.<\/p>\n\n\n\n<p><strong>-Sandra Vaca<\/strong><\/p>\n\n\n\n<p>Militante del PRI, Sandra Esther Vaca Cort\u00e9s fue acusada de participar en la red de prostituci\u00f3n de Cuauht\u00e9moc Guti\u00e9rrez de la Torre cuando \u00e9l era l\u00edder del PRI en la Ciudad de M\u00e9xico. Ahora ella aspira a una diputaci\u00f3n por la alianza de Va por M\u00e9xico.<\/p>\n\n\n\n<p>En d\u00edas pasados, una Juez de la capital gir\u00f3 una orden de aprehensi\u00f3n en su contra y de otras tres personas por los delitos de trata de personas y asociaci\u00f3n delictuosa, al considerarlos probables responsables de los delitos de explotaci\u00f3n sexual agravada y publicidad enga\u00f1osa.<\/p>\n\n\n\n<p>El PRI no se quiso posicionar al respecto de este hecho.<a href=\"https:\/\/i0.wp.com\/sinembargo.mx\/wp-content\/uploads\/2021\/03\/cuartoscuro_669797_digital.jpeg\"><\/a><\/p>\n\n\n\n<p>Sandra Vaca fue acusada de participar en la red de prostituci\u00f3n de Cuauht\u00e9moc Guti\u00e9rrez de la Torre. Foto: Diego Sim\u00f3n S\u00e1nchez, Cuartoscuro.<\/p>\n\n\n\n<p><strong>-Hugo Rodr\u00edguez Murray<\/strong><\/p>\n\n\n\n<p>Este pol\u00edtico se registr\u00f3 como aspirante a una diputaci\u00f3n federal por Nayarit con el partido Morena. Sin embargo, de acuerdo con lo que relat\u00f3 su exesposa al medio&nbsp;<em>NTV Noticias<\/em>, ella y sus hijos han sufrido violencia por 11 a\u00f1os. Hay en su contra dos denuncias en la Fiscal\u00eda General de Nayarit por violencia familiar y abandono, por lo que tiene tres carpetas de investigaci\u00f3n activas.<\/p>\n\n\n\n<p><strong>-Alfonso V\u00e1zquez<\/strong><\/p>\n\n\n\n<p>Tambi\u00e9n abanderado por Morena, Alfonso V\u00e1zquez se registr\u00f3 para una diputaci\u00f3n en la Ciudad de M\u00e9xico. Sobre \u00e9l hay denuncias por delitos sexuales dentro de la Universidad Nacional Aut\u00f3noma de M\u00e9xico (UNAM) donde \u00e9l fue profesor. Las denuncias de las estudiantes se\u00f1alan que sufrieron acoso, comentarios \u201clascivos\u201d y violaci\u00f3n sexual a dos mujeres.<\/p>\n\n\n\n<p><strong>-Rub\u00e9n Barroso<\/strong><\/p>\n\n\n\n<p>El profesor de la Universidad de Guanajuato se registr\u00f3 para una diputaci\u00f3n federal por Morena, pero la Red Feminista de Le\u00f3n denunci\u00f3 que ha sido se\u00f1alado como acosador de sus alumnas.<\/p>\n\n\n\n<p><strong>-Guillermo Villase\u00f1or<\/strong><\/p>\n\n\n\n<p>En el mismo estado y tambi\u00e9n por Morena, este pol\u00edtico aspira a una diputaci\u00f3n federal y tiene denuncias de acoso sexual.<\/p>\n\n\n\n<p><strong>-Paul Vel\u00e1zquez<\/strong><\/p>\n\n\n\n<p>Este hombre tuvo proyecci\u00f3n gracias a su asistencia a la conferencia matutina del Presidente L\u00f3pez Obrador y por su canal en Youtube. Justo en la \u201cma\u00f1anera\u201d agredi\u00f3 a varias reporteras; una de ellas lo llam\u00f3 \u201cfalso pirata\u201d porque se hizo pasar por tuerto luego de una agresi\u00f3n que sufri\u00f3.<\/p>\n\n\n\n<p>\u00c9l respondi\u00f3 que deseaba que esa reportera tambi\u00e9n recibiera un balazo, \u201cse lo deseo y si queda viva, platicamos el tema del parche\u201d, dijo en el programa Sin Censura. Ahora busca una diputaci\u00f3n, tambi\u00e9n por Morena.<\/p>\n\n\n\n<p>Fuente: https:\/\/www.sinembargo.mx\/12-03-2021\/3949857<\/p>\n","protected":false},"excerpt":{"rendered":"<p>La jornada electoral de este a\u00f1o tiene un tinte que no hab\u00eda tenido en anteriores ocasiones y es el de [&hellip;]<\/p>\n","protected":false},"author":1,"featured_media":5517,"comment_status":"open","ping_status":"open","sticky":false,"template":"","format":"standard","meta":{"site-sidebar-layout":"default","site-content-layout":"","ast-site-content-layout":"default","site-content-style":"default","site-sidebar-style":"default","ast-global-header-display":"","ast-banner-title-visibility":"","ast-main-header-display":"","ast-hfb-above-header-display":"","ast-hfb-below-header-display":"","ast-hfb-mobile-header-display":"","site-post-title":"","ast-breadcrumbs-content":"","ast-featured-img":"","footer-sml-layout":"","theme-transparent-header-meta":"","adv-header-id-meta":"","stick-header-meta":"","header-above-stick-meta":"","header-main-stick-meta":"","header-below-stick-meta":"","astra-migrate-meta-layouts":"default","ast-page-background-enabled":"default","ast-page-background-meta":{"desktop":{"background-color":"var(--ast-global-color-4)","background-image":"","background-repeat":"repeat","background-position":"center center","background-size":"auto","background-attachment":"scroll","background-type":"","background-media":"","overlay-type":"","overlay-color":"","overlay-opacity":"","overlay-gradient":""},"tablet":{"background-color":"","background-image":"","background-repeat":"repeat","background-position":"center center","background-size":"auto","background-attachment":"scroll","background-type":"","background-media":"","overlay-type":"","overlay-color":"","overlay-opacity":"","overlay-gradient":""},"mobile":{"background-color":"","background-image":"","background-repeat":"repeat","background-position":"center center","background-size":"auto","background-attachment":"scroll","background-type":"","background-media":"","overlay-type":"","overlay-color":"","overlay-opacity":"","overlay-gradient":""}},"ast-content-background-meta":{"desktop":{"background-color":"var(--ast-global-color-5)","background-image":"","background-repeat":"repeat","background-position":"center center","background-size":"auto","background-attachment":"scroll","background-type":"","background-media":"","overlay-type":"","overlay-color":"","overlay-opacity":"","overlay-gradient":""},"tablet":{"background-color":"var(--ast-global-color-5)","background-image":"","background-repeat":"repeat","background-position":"center center","background-size":"auto","background-attachment":"scroll","background-type":"","background-media":"","overlay-type":"","overlay-color":"","overlay-opacity":"","overlay-gradient":""},"mobile":{"background-color":"var(--ast-global-color-5)","background-image":"","background-repeat":"repeat","background-position":"center center","background-size":"auto","background-attachment":"scroll","background-type":"","background-media":"","overlay-type":"","overlay-color":"","overlay-opacity":"","overlay-gradient":""}},"footnotes":""},"categories":[8],"tags":[427,197,424,429,426,430,432,428,425,431],"class_list":["post-5516","post","type-post","status-publish","format-standard","has-post-thumbnail","hentry","category-noticias","tag-alfonso-vazquez","tag-felix-salgado-macedonio","tag-gabriel-quadri","tag-guillermo-villasenor","tag-hugo-rodriguez-murray","tag-paul-velazquez","tag-politicos-mexicanos-acusados-de-violencia-contra-la-mujer","tag-ruben-barroso","tag-sandra-vaca","tag-violencia-mujeres"],"_links":{"self":[{"href":"https:\/\/losperiodistas.com.mx\/portal\/wp-json\/wp\/v2\/posts\/5516","targetHints":{"allow":["GET"]}}],"collection":[{"href":"https:\/\/losperiodistas.com.mx\/portal\/wp-json\/wp\/v2\/posts"}],"about":[{"href":"https:\/\/losperiodistas.com.mx\/portal\/wp-json\/wp\/v2\/types\/post"}],"author":[{"embeddable":true,"href":"https:\/\/losperiodistas.com.mx\/portal\/wp-json\/wp\/v2\/users\/1"}],"replies":[{"embeddable":true,"href":"https:\/\/losperiodistas.com.mx\/portal\/wp-json\/wp\/v2\/comments?post=5516"}],"version-history":[{"count":1,"href":"https:\/\/losperiodistas.com.mx\/portal\/wp-json\/wp\/v2\/posts\/5516\/revisions"}],"predecessor-version":[{"id":5518,"href":"https:\/\/losperiodistas.com.mx\/portal\/wp-json\/wp\/v2\/posts\/5516\/revisions\/5518"}],"wp:featuredmedia":[{"embeddable":true,"href":"https:\/\/losperiodistas.com.mx\/portal\/wp-json\/wp\/v2\/media\/5517"}],"wp:attachment":[{"href":"https:\/\/losperiodistas.com.mx\/portal\/wp-json\/wp\/v2\/media?parent=5516"}],"wp:term":[{"taxonomy":"category","embeddable":true,"href":"https:\/\/losperiodistas.com.mx\/portal\/wp-json\/wp\/v2\/categories?post=5516"},{"taxonomy":"post_tag","embeddable":true,"href":"https:\/\/losperiodistas.com.mx\/portal\/wp-json\/wp\/v2\/tags?post=5516"}],"curies":[{"name":"wp","href":"https:\/\/api.w.org\/{rel}","templated":true}]}}