{"id":55115,"date":"2023-07-21T08:47:25","date_gmt":"2023-07-21T13:47:25","guid":{"rendered":"http:\/\/losperiodistas.com.mx\/portal\/?p=55115"},"modified":"2023-07-21T08:47:27","modified_gmt":"2023-07-21T13:47:27","slug":"el-reto-de-la-atencion-a-la-poblacion-adulta-mayor","status":"publish","type":"post","link":"https:\/\/losperiodistas.com.mx\/portal\/el-reto-de-la-atencion-a-la-poblacion-adulta-mayor\/","title":{"rendered":"<strong>El reto de la atenci\u00f3n a la poblaci\u00f3n adulta mayor<\/strong>"},"content":{"rendered":"\n<p><\/p>\n\n\n\n<p class=\"has-vivid-red-color has-text-color\" style=\"font-size:26px\"><strong><em>Por Fernando Manzanilla Prieto<\/em><\/strong><\/p>\n\n\n\n<p>En M\u00e9xico, al igual que en muchos pa\u00edses del mundo, la poblaci\u00f3n est\u00e1 envejeciendo r\u00e1pidamente debido a los avances en la atenci\u00f3n m\u00e9dica y al aumento de la esperanza de vida.<\/p>\n\n\n\n<p>En 2021, 761 millones de personas en todo el mundo ten\u00edan 65 a\u00f1os o m\u00e1s, cifra que de acuerdo con el Departamento de Asuntos Econ\u00f3micos y Sociales de la ONU (DESA) aumentar\u00e1 a 1600 millones en 2050 e incluso este mismo organismo define al envejecimiento de la poblaci\u00f3n como \u201cuna tendencia mundial definitoria de nuestro tiempo\u201d.<\/p>\n\n\n\n<p>En M\u00e9xico, la estructura por edad ha mostrado desde hace varios a\u00f1os una base piramidal m\u00e1s angosta debido a la reducci\u00f3n relativa de ni\u00f1as, ni\u00f1os y j\u00f3venes. Entre 1970 y 2020, el \u00edndice de envejecimiento pas\u00f3 de 12 a 48 personas de 60 a\u00f1os y m\u00e1s por cada 100 ni\u00f1as y ni\u00f1os con menos de 15 a\u00f1os, de acuerdo con el Censo de Poblaci\u00f3n y Vivienda (Censo 2020).<\/p>\n\n\n\n<p>El incremento de los adultos mayores evidencia un proceso de envejecimiento demogr\u00e1fico. Se estima que para 2050, el porcentaje de adultos mayores ser\u00e1 de 22 por ciento, de acuerdo con las proyecciones de poblaci\u00f3n que publica el Consejo Nacional de Poblaci\u00f3n (CONAPO).<\/p>\n\n\n\n<p>Este fen\u00f3meno presenta desaf\u00edos significativos para el pa\u00eds, especialmente en lo que respecta al cuidado y bienestar de los adultos mayores. A medida que esta poblaci\u00f3n crece, es crucial identificar los retos pendientes y trabajar en soluciones efectivas para garantizar una vejez digna y de calidad para todos los adultos mayores mexicanos y poblanos.<\/p>\n\n\n\n<p>Uno de los principales retos para los adultos mayores en M\u00e9xico es el acceso a servicios de atenci\u00f3n m\u00e9dica de calidad. A menudo, enfrentan barreras econ\u00f3micas, geogr\u00e1ficas y culturales que dificultan su acceso a servicios de salud adecuados.<\/p>\n\n\n\n<p>Asimismo, el muchos de ellos requieren cuidados especializados debido a enfermedades cr\u00f3nicas o discapacidades relacionadas con la edad. Sin embargo, existe una falta de servicios de cuidado asequibles y de calidad, as\u00ed como una escasez de profesionales capacitados en el cuidado geri\u00e1trico. Es necesario fortalecer los sistemas de atenci\u00f3n a largo plazo y promover la formaci\u00f3n de personal especializado en el cuidado de los adultos mayores.<\/p>\n\n\n\n<p>Seg\u00fan el Consejo Mexicano de Geriatr\u00eda en M\u00e9xico hay 15.1 millones de adultos mayores, pero s\u00f3lo 841 m\u00e9dicos certificados, es decir que, divididos entre el n\u00famero de personas mayores de 60 a\u00f1os, a cada geriatra le corresponder\u00eda atender a m\u00e1s de 17 mil pacientes; sin embargo, la mayor concentraci\u00f3n de especialistas est\u00e1 en la Ciudad de M\u00e9xico y el \u00e1rea metropolitana, as\u00ed como en los estados de Jalisco y Nuevo Le\u00f3n.<\/p>\n\n\n\n<p>Para investigadores de la Universidad Iberoamericana de la Ciudad de M\u00e9xico, la insuficiencia de geriatras ya es un problema de salud p\u00fablica que crecer\u00e1 en las pr\u00f3ximas d\u00e9cadas.<\/p>\n\n\n\n<p>Asimismo, muchos adultos mayores en M\u00e9xico enfrentan condiciones econ\u00f3micas precarias y falta de seguridad social. La falta de empleo digno, pensiones insuficientes y la ausencia de sistemas de seguridad social efectivos son algunos de los desaf\u00edos que deben abordarse.<\/p>\n\n\n\n<p>En este sentido es que se vuelven prioritarias pol\u00edticas p\u00fablicas que promuevan la inclusi\u00f3n econ\u00f3mica y la protecci\u00f3n social de los adultos mayores, ya que en el pa\u00eds solo un tercio de la poblaci\u00f3n de 65 a\u00f1os y m\u00e1s ten\u00eda acceso a pensi\u00f3n por jubilaci\u00f3n en 2020.<\/p>\n\n\n\n<p>Precisamente por ello es que la Pensi\u00f3n del Bienestar para Adultos Mayores se ha convertido en uno de los mayores logros del presidente Andr\u00e9s Manuel L\u00f3pez Obrador y del gobierno morenista, ya que resulta de gran ayuda en muchos hogares; a julio de 2023 es recibido por 11 millones 408,304 personas. El programa permite que cada adulto mayor del pa\u00eds inscrito reciba bimestralmente 4,800 pesos.<\/p>\n\n\n\n<p>Aunado a este reto al que el gobierno federal est\u00e1 haciendo frente, tenemos otros vinculados a la discriminaci\u00f3n y estigmatizaci\u00f3n que sufren los adultos mayores, ya que el \u201cedadismo\u201d, que es la discriminaci\u00f3n basada en la edad, puede limitar su participaci\u00f3n en la vida social, laboral y pol\u00edtica. Por lo que es esencial promover una cultura de respeto y valoraci\u00f3n, fomentando su participaci\u00f3n activa en la sociedad y combatiendo los prejuicios asociados con el envejecimiento.<\/p>\n\n\n\n<p>Sin duda el cuidado de los adultos mayores en el pa\u00eds y el estado presenta retos importantes que requieren atenci\u00f3n inmediata. Por ello considero fundamental que el gobierno, la sociedad y las instituciones trabajen de manera conjunta para abordar estos desaf\u00edos y garantizar una vejez digna y de calidad para toda esta poblaci\u00f3n. Estoy convencido que invertir en el bienestar de los adultos mayores, M\u00e9xico permitir\u00e1 construir una sociedad m\u00e1s inclusiva y justa para todas las generaciones.<\/p>\n","protected":false},"excerpt":{"rendered":"<p>Por Fernando Manzanilla Prieto En M\u00e9xico, al igual que en muchos pa\u00edses del mundo, la poblaci\u00f3n est\u00e1 envejeciendo r\u00e1pidamente debido [&hellip;]<\/p>\n","protected":false},"author":1,"featured_media":55116,"comment_status":"open","ping_status":"open","sticky":false,"template":"","format":"standard","meta":{"site-sidebar-layout":"default","site-content-layout":"","ast-site-content-layout":"default","site-content-style":"default","site-sidebar-style":"default","ast-global-header-display":"","ast-banner-title-visibility":"","ast-main-header-display":"","ast-hfb-above-header-display":"","ast-hfb-below-header-display":"","ast-hfb-mobile-header-display":"","site-post-title":"","ast-breadcrumbs-content":"","ast-featured-img":"","footer-sml-layout":"","theme-transparent-header-meta":"","adv-header-id-meta":"","stick-header-meta":"","header-above-stick-meta":"","header-main-stick-meta":"","header-below-stick-meta":"","astra-migrate-meta-layouts":"default","ast-page-background-enabled":"default","ast-page-background-meta":{"desktop":{"background-color":"var(--ast-global-color-4)","background-image":"","background-repeat":"repeat","background-position":"center center","background-size":"auto","background-attachment":"scroll","background-type":"","background-media":"","overlay-type":"","overlay-color":"","overlay-opacity":"","overlay-gradient":""},"tablet":{"background-color":"","background-image":"","background-repeat":"repeat","background-position":"center center","background-size":"auto","background-attachment":"scroll","background-type":"","background-media":"","overlay-type":"","overlay-color":"","overlay-opacity":"","overlay-gradient":""},"mobile":{"background-color":"","background-image":"","background-repeat":"repeat","background-position":"center center","background-size":"auto","background-attachment":"scroll","background-type":"","background-media":"","overlay-type":"","overlay-color":"","overlay-opacity":"","overlay-gradient":""}},"ast-content-background-meta":{"desktop":{"background-color":"var(--ast-global-color-5)","background-image":"","background-repeat":"repeat","background-position":"center center","background-size":"auto","background-attachment":"scroll","background-type":"","background-media":"","overlay-type":"","overlay-color":"","overlay-opacity":"","overlay-gradient":""},"tablet":{"background-color":"var(--ast-global-color-5)","background-image":"","background-repeat":"repeat","background-position":"center center","background-size":"auto","background-attachment":"scroll","background-type":"","background-media":"","overlay-type":"","overlay-color":"","overlay-opacity":"","overlay-gradient":""},"mobile":{"background-color":"var(--ast-global-color-5)","background-image":"","background-repeat":"repeat","background-position":"center center","background-size":"auto","background-attachment":"scroll","background-type":"","background-media":"","overlay-type":"","overlay-color":"","overlay-opacity":"","overlay-gradient":""}},"footnotes":""},"categories":[24,8],"tags":[12455,17510],"class_list":["post-55115","post","type-post","status-publish","format-standard","has-post-thumbnail","hentry","category-fernando-manzanilla","category-noticias","tag-adultos-mayores","tag-conapo"],"_links":{"self":[{"href":"https:\/\/losperiodistas.com.mx\/portal\/wp-json\/wp\/v2\/posts\/55115","targetHints":{"allow":["GET"]}}],"collection":[{"href":"https:\/\/losperiodistas.com.mx\/portal\/wp-json\/wp\/v2\/posts"}],"about":[{"href":"https:\/\/losperiodistas.com.mx\/portal\/wp-json\/wp\/v2\/types\/post"}],"author":[{"embeddable":true,"href":"https:\/\/losperiodistas.com.mx\/portal\/wp-json\/wp\/v2\/users\/1"}],"replies":[{"embeddable":true,"href":"https:\/\/losperiodistas.com.mx\/portal\/wp-json\/wp\/v2\/comments?post=55115"}],"version-history":[{"count":1,"href":"https:\/\/losperiodistas.com.mx\/portal\/wp-json\/wp\/v2\/posts\/55115\/revisions"}],"predecessor-version":[{"id":55117,"href":"https:\/\/losperiodistas.com.mx\/portal\/wp-json\/wp\/v2\/posts\/55115\/revisions\/55117"}],"wp:featuredmedia":[{"embeddable":true,"href":"https:\/\/losperiodistas.com.mx\/portal\/wp-json\/wp\/v2\/media\/55116"}],"wp:attachment":[{"href":"https:\/\/losperiodistas.com.mx\/portal\/wp-json\/wp\/v2\/media?parent=55115"}],"wp:term":[{"taxonomy":"category","embeddable":true,"href":"https:\/\/losperiodistas.com.mx\/portal\/wp-json\/wp\/v2\/categories?post=55115"},{"taxonomy":"post_tag","embeddable":true,"href":"https:\/\/losperiodistas.com.mx\/portal\/wp-json\/wp\/v2\/tags?post=55115"}],"curies":[{"name":"wp","href":"https:\/\/api.w.org\/{rel}","templated":true}]}}