{"id":55111,"date":"2023-07-21T08:24:07","date_gmt":"2023-07-21T13:24:07","guid":{"rendered":"http:\/\/losperiodistas.com.mx\/portal\/?p=55111"},"modified":"2023-07-21T08:25:09","modified_gmt":"2023-07-21T13:25:09","slug":"muere-a-los-96-anos-tony-bennett-el-crooner-con-una-carrera-de-siete-decadas-afectado-por-el-alzheimer-nius","status":"publish","type":"post","link":"https:\/\/losperiodistas.com.mx\/portal\/muere-a-los-96-anos-tony-bennett-el-crooner-con-una-carrera-de-siete-decadas-afectado-por-el-alzheimer-nius\/","title":{"rendered":"Muere a los 96 a\u00f1os Tony Bennett, el &#8216;crooner&#8217; con una carrera de siete d\u00e9cadas afectado por el alzh\u00e9imer\u00a0| NIUS"},"content":{"rendered":"\n<ul class=\"has-background has-medium-font-size wp-block-list\" style=\"background-color:#f77171\"><li>Bennett fue fiel a su gusto por los cl\u00e1sicos de la cultura popular estadounidense y llev\u00f3 al siglo XXI el legado de Armstrong o Sinatra<\/li><li>Su \u00faltima aparici\u00f3n fue en agosto con Lady Gaga, en el espect\u00e1culo que llamaron \u00abOne Last Time\u00bb<\/li><li>Gan\u00f3 su primer Grammy en 1963 y el \u00faltimo en 2022<\/li><\/ul>\n\n\n\n<p><\/p>\n\n\n\n<figure class=\"wp-block-image size-large is-style-default\"><img fetchpriority=\"high\" decoding=\"async\" width=\"1024\" height=\"575\" src=\"https:\/\/losperiodistas.com.mx\/portal\/wp-content\/uploads\/2023\/07\/Captura-de-Pantalla-2023-07-21-a-las-7.19.12-1024x575.jpg\" alt=\"\" class=\"wp-image-55112\" srcset=\"https:\/\/losperiodistas.com.mx\/portal\/wp-content\/uploads\/2023\/07\/Captura-de-Pantalla-2023-07-21-a-las-7.19.12-1024x575.jpg 1024w, https:\/\/losperiodistas.com.mx\/portal\/wp-content\/uploads\/2023\/07\/Captura-de-Pantalla-2023-07-21-a-las-7.19.12-300x168.jpg 300w, https:\/\/losperiodistas.com.mx\/portal\/wp-content\/uploads\/2023\/07\/Captura-de-Pantalla-2023-07-21-a-las-7.19.12-768x431.jpg 768w, https:\/\/losperiodistas.com.mx\/portal\/wp-content\/uploads\/2023\/07\/Captura-de-Pantalla-2023-07-21-a-las-7.19.12-1536x862.jpg 1536w, https:\/\/losperiodistas.com.mx\/portal\/wp-content\/uploads\/2023\/07\/Captura-de-Pantalla-2023-07-21-a-las-7.19.12.jpg 1970w\" sizes=\"(max-width: 1024px) 100vw, 1024px\" \/><figcaption>Tony Bennett junto a Lady Gaga. GETTY<\/figcaption><\/figure>\n\n\n\n<p class=\"has-vivid-red-color has-text-color has-medium-font-size\"><strong>REDACCI\u00d3N NIUS<\/strong><\/p>\n\n\n\n<p>En Febrero de 2021, su mujer comunic\u00f3 que\u00a0<strong>le hab\u00edan diagnosticado alzh\u00e9imer en 2016<\/strong>. Despu\u00e9s de conocer que ten\u00eda la enfermedad sigui\u00f3 trabajando y haciendo grabaciones.<\/p>\n\n\n\n<p>Su \u00faltima aparici\u00f3n fue en agosto,&nbsp;<strong>con Lady Gaga, en el espect\u00e1culo que llamaron \u00abOne Last Time\u00bb<\/strong>&nbsp;(\u00abUna \u00faltima vez\u00bb). Con ella particip\u00f3 en dos grabaciones en 2014 y 2021 y realiz\u00f3 una gira en 2015.<\/p>\n\n\n\n<p>Bennett realiz\u00f3 a lo largo de su carrera m\u00e1s de 150 grabaciones. Gan\u00f3 su primer Grammy en 1963 y el \u00faltimo en 2022.<\/p>\n\n\n\n<p>Su estilo, siempre cercano al jazz, y su carisma simp\u00e1tico, lo terminaron convirtiendo en un icono con el paso de los a\u00f1os, un superviviente al rock que mantuvo vivos en su voz muchos temas cl\u00e1sicos de la m\u00fasica estadounidense.&nbsp;<strong>La elegancia y la nostalgia sobre el escenario.&nbsp;<\/strong>Cuando empez\u00f3 el siglo XXI era el mayor exponente vivo y en activo de un estilo con figuras como Louis Armstrong o Frank Sinatra.<\/p>\n\n\n\n<p>\u00abYo quer\u00eda cantar las grandes canciones, las canciones que sent\u00eda que de verdad importaban a la gente\u00bb, explic\u00f3 en su autobiograf\u00eda.&nbsp;<strong>Fue fiel a su gusto musical y aunque durante algunos a\u00f1os lo pag\u00f3 en popularidad<\/strong>, la industria musical termin\u00f3 reconociendo su valor art\u00edstico. Su voz no era tan potente ni amplia como la de otros mitos, pero ten\u00eda el atractivo de quien sabe contar bien una historia. Sinatra lleg\u00f3 a decir de \u00e9l que era \u00abel mejor cantante en este negocio. Me emociona. Es un cantante de comunica con claridad lo que el compositor tiene en mente y quiz\u00e1 algo m\u00e1s\u00bb.PUBLICIDAD<\/p>\n\n\n\n<p>Bennett termin\u00f3 siendo un<strong>\u00a0icono de la cultura popular estadounidense,<\/strong>\u00a0con apariciones en cine y televisi\u00f3n. Desde \u00abLos Simpson\u00bb hasta \u00abUna terapia peligrosa\u00bb, con Rober De Niro y Billy Crystal. Cant\u00f3 con varias de las voces m\u00e1s importantes del \u00faltimo siglo, particip\u00f3 en numerosas marchas en favor de los derechos civiles, actu\u00f3 en ceremonioas ante numerosos l\u00edderes como John Kennedy o la reina Isabel II de Inglaterra.<\/p>\n\n\n\n<p>Fuente: <a href=\"https:\/\/www.niusdiario.es\/cultura\/artes\/20230721\/muere-tony-bennet-afectado-alzheimer_18_010099804.html\">https:\/\/www.niusdiario.es\/cultura\/artes\/20230721\/muere-tony-bennet-afectado-alzheimer_18_010099804.html<\/a><\/p>\n","protected":false},"excerpt":{"rendered":"<p>Bennett fue fiel a su gusto por los cl\u00e1sicos de la cultura popular estadounidense y llev\u00f3 al siglo XXI el [&hellip;]<\/p>\n","protected":false},"author":1,"featured_media":55112,"comment_status":"open","ping_status":"open","sticky":false,"template":"","format":"standard","meta":{"site-sidebar-layout":"default","site-content-layout":"","ast-site-content-layout":"default","site-content-style":"default","site-sidebar-style":"default","ast-global-header-display":"","ast-banner-title-visibility":"","ast-main-header-display":"","ast-hfb-above-header-display":"","ast-hfb-below-header-display":"","ast-hfb-mobile-header-display":"","site-post-title":"","ast-breadcrumbs-content":"","ast-featured-img":"","footer-sml-layout":"","theme-transparent-header-meta":"","adv-header-id-meta":"","stick-header-meta":"","header-above-stick-meta":"","header-main-stick-meta":"","header-below-stick-meta":"","astra-migrate-meta-layouts":"default","ast-page-background-enabled":"default","ast-page-background-meta":{"desktop":{"background-color":"var(--ast-global-color-4)","background-image":"","background-repeat":"repeat","background-position":"center center","background-size":"auto","background-attachment":"scroll","background-type":"","background-media":"","overlay-type":"","overlay-color":"","overlay-opacity":"","overlay-gradient":""},"tablet":{"background-color":"","background-image":"","background-repeat":"repeat","background-position":"center center","background-size":"auto","background-attachment":"scroll","background-type":"","background-media":"","overlay-type":"","overlay-color":"","overlay-opacity":"","overlay-gradient":""},"mobile":{"background-color":"","background-image":"","background-repeat":"repeat","background-position":"center center","background-size":"auto","background-attachment":"scroll","background-type":"","background-media":"","overlay-type":"","overlay-color":"","overlay-opacity":"","overlay-gradient":""}},"ast-content-background-meta":{"desktop":{"background-color":"var(--ast-global-color-5)","background-image":"","background-repeat":"repeat","background-position":"center center","background-size":"auto","background-attachment":"scroll","background-type":"","background-media":"","overlay-type":"","overlay-color":"","overlay-opacity":"","overlay-gradient":""},"tablet":{"background-color":"var(--ast-global-color-5)","background-image":"","background-repeat":"repeat","background-position":"center center","background-size":"auto","background-attachment":"scroll","background-type":"","background-media":"","overlay-type":"","overlay-color":"","overlay-opacity":"","overlay-gradient":""},"mobile":{"background-color":"var(--ast-global-color-5)","background-image":"","background-repeat":"repeat","background-position":"center center","background-size":"auto","background-attachment":"scroll","background-type":"","background-media":"","overlay-type":"","overlay-color":"","overlay-opacity":"","overlay-gradient":""}},"footnotes":""},"categories":[8],"tags":[17509,3183,4900],"class_list":["post-55111","post","type-post","status-publish","format-standard","has-post-thumbnail","hentry","category-noticias","tag-crooner","tag-lady-gaga","tag-tony-bennett"],"_links":{"self":[{"href":"https:\/\/losperiodistas.com.mx\/portal\/wp-json\/wp\/v2\/posts\/55111","targetHints":{"allow":["GET"]}}],"collection":[{"href":"https:\/\/losperiodistas.com.mx\/portal\/wp-json\/wp\/v2\/posts"}],"about":[{"href":"https:\/\/losperiodistas.com.mx\/portal\/wp-json\/wp\/v2\/types\/post"}],"author":[{"embeddable":true,"href":"https:\/\/losperiodistas.com.mx\/portal\/wp-json\/wp\/v2\/users\/1"}],"replies":[{"embeddable":true,"href":"https:\/\/losperiodistas.com.mx\/portal\/wp-json\/wp\/v2\/comments?post=55111"}],"version-history":[{"count":2,"href":"https:\/\/losperiodistas.com.mx\/portal\/wp-json\/wp\/v2\/posts\/55111\/revisions"}],"predecessor-version":[{"id":55114,"href":"https:\/\/losperiodistas.com.mx\/portal\/wp-json\/wp\/v2\/posts\/55111\/revisions\/55114"}],"wp:featuredmedia":[{"embeddable":true,"href":"https:\/\/losperiodistas.com.mx\/portal\/wp-json\/wp\/v2\/media\/55112"}],"wp:attachment":[{"href":"https:\/\/losperiodistas.com.mx\/portal\/wp-json\/wp\/v2\/media?parent=55111"}],"wp:term":[{"taxonomy":"category","embeddable":true,"href":"https:\/\/losperiodistas.com.mx\/portal\/wp-json\/wp\/v2\/categories?post=55111"},{"taxonomy":"post_tag","embeddable":true,"href":"https:\/\/losperiodistas.com.mx\/portal\/wp-json\/wp\/v2\/tags?post=55111"}],"curies":[{"name":"wp","href":"https:\/\/api.w.org\/{rel}","templated":true}]}}