{"id":5500,"date":"2021-03-11T08:04:47","date_gmt":"2021-03-11T14:04:47","guid":{"rendered":"http:\/\/losperiodistas.com.mx\/portal\/?p=5500"},"modified":"2021-03-11T08:04:49","modified_gmt":"2021-03-11T14:04:49","slug":"en-encuentro-virtual-contraloria-municipal-visibilizara-la-importancia-de-la-rendicion-de-cuentas","status":"publish","type":"post","link":"https:\/\/losperiodistas.com.mx\/portal\/en-encuentro-virtual-contraloria-municipal-visibilizara-la-importancia-de-la-rendicion-de-cuentas\/","title":{"rendered":"En encuentro virtual, Contralor\u00eda Municipal visibilizar\u00e1 la importancia de la Rendici\u00f3n de Cuentas"},"content":{"rendered":"\n<p style=\"font-size:18px\"><em>Durante tres sesiones, del 23 al 25 de marzo, a las 17:00 horas, se impartir\u00e1 la charla \u201cDi\u00e1logos por la Gesti\u00f3n P\u00fablica\u201d\u00a0<\/em><\/p>\n\n\n\n<p class=\"has-vivid-cyan-blue-color has-text-color has-medium-font-size\">REDACCI\u00d3N<\/p>\n\n\n\n<p>Con el objetivo de visibilizar la importancia que tiene que las y los servidores p\u00fablicos justifiquen, informen, eval\u00faen y rindan cuentas sobre los resultados de su gesti\u00f3n, el logro de metas asignadas y el uso correcto de los recursos, el Ayuntamiento de Puebla invita a la ciudadan\u00eda al Cap\u00edtulo III de la Contralor\u00eda Municipal en L\u00ednea, denominado Di\u00e1logos por la Gesti\u00f3n P\u00fablica.&nbsp;<\/p>\n\n\n\n<p>Para participar en las tres sesiones, las y los interesados podr\u00e1n inscribirse en la plataforma electr\u00f3nica&nbsp;<a href=\"http:\/\/contraloriaenlinea.com\/\" target=\"_blank\" rel=\"noreferrer noopener\">contraloriaenlinea.com\/<\/a>, este ejercicio va dirigida a funcionarios y p\u00fablico en general que deseen conocer o ampliar sus conocimientos sobre los instrumentos que promueven la rendici\u00f3n de cuentas en la gesti\u00f3n p\u00fablica y c\u00f3mo favorece en la evaluaci\u00f3n del actuar gubernamental.&nbsp;<\/p>\n\n\n\n<p>Del 23 al 25 de marzo, a las 17:00 horas, ponentes reconocidos en la materia compartir\u00e1n durante 90 minutos con las y los espectadores sus experiencias y conocimientos, asimismo, se permitir\u00e1 la interacci\u00f3n en vivo (ponente &#8211; espectadores), para que quien lo desee externe dudas, comentarios, cuestionamientos y queden resueltos durante el conversatorio.&nbsp;<\/p>\n\n\n\n<p>Ponentes y Temario&nbsp;&nbsp;<\/p>\n\n\n\n<ul class=\"wp-block-list\"><li>Dr. Eduardo Villareal Cant\u00fa I. Gesti\u00f3n P\u00fablica: Evoluci\u00f3n y Tendencias&nbsp;&nbsp;<\/li><li>Dr. Rafael Guzm\u00e1n Torres II. Hacia Una Pol\u00edtica de Rendici\u00f3n de Cuentas&nbsp;&nbsp;<\/li><li>Dra. Brenda Gisela Couti\u00f1o V\u00e1zquez III. Responsabilidad Gubernamental y el Impacto Social de los Resultados Obtenidos&nbsp;&nbsp;<\/li><\/ul>\n\n\n\n<p>Temas y subtemas&nbsp;<\/p>\n\n\n\n<p>\u00c9tica P\u00fablica, Gesti\u00f3n por resultados, responsabilidad p\u00fablica, gobierno abierto, rendici\u00f3n de cuentas, gobernanza participativa y profesionalizaci\u00f3n, Gobernanza Participativa y Profesionalizaci\u00f3n, Retos de la Rendici\u00f3n de Cuentas, Responsabilidad P\u00fablica, Evaluaci\u00f3n del Desempe\u00f1o.&nbsp;<\/p>\n\n\n\n<p>Las dos ediciones anteriores de la Contralor\u00eda Municipal en L\u00ednea, han roto paradigmas ya que, lo que se previ\u00f3 como una experiencia regional, se convirti\u00f3 en una experiencia internacional con la visualizaci\u00f3n en 11 pa\u00edses de Am\u00e9rica y Europa y 28 estados de la Rep\u00fablica Mexicana.&nbsp;<\/p>\n\n\n\n<p>Fuente:<strong>\u00a0<\/strong><a href=\"http:\/\/bit.ly\/3clGVUg\" target=\"_blank\" rel=\"noreferrer noopener\">http:\/\/bit.ly\/3clGVUg<\/a>\u00a0<\/p>\n\n\n\n<p><\/p>\n","protected":false},"excerpt":{"rendered":"<p>Durante tres sesiones, del 23 al 25 de marzo, a las 17:00 horas, se impartir\u00e1 la charla \u201cDi\u00e1logos por la [&hellip;]<\/p>\n","protected":false},"author":1,"featured_media":5501,"comment_status":"open","ping_status":"open","sticky":false,"template":"","format":"standard","meta":{"site-sidebar-layout":"default","site-content-layout":"","ast-site-content-layout":"default","site-content-style":"default","site-sidebar-style":"default","ast-global-header-display":"","ast-banner-title-visibility":"","ast-main-header-display":"","ast-hfb-above-header-display":"","ast-hfb-below-header-display":"","ast-hfb-mobile-header-display":"","site-post-title":"","ast-breadcrumbs-content":"","ast-featured-img":"","footer-sml-layout":"","theme-transparent-header-meta":"","adv-header-id-meta":"","stick-header-meta":"","header-above-stick-meta":"","header-main-stick-meta":"","header-below-stick-meta":"","astra-migrate-meta-layouts":"default","ast-page-background-enabled":"default","ast-page-background-meta":{"desktop":{"background-color":"var(--ast-global-color-4)","background-image":"","background-repeat":"repeat","background-position":"center center","background-size":"auto","background-attachment":"scroll","background-type":"","background-media":"","overlay-type":"","overlay-color":"","overlay-opacity":"","overlay-gradient":""},"tablet":{"background-color":"","background-image":"","background-repeat":"repeat","background-position":"center center","background-size":"auto","background-attachment":"scroll","background-type":"","background-media":"","overlay-type":"","overlay-color":"","overlay-opacity":"","overlay-gradient":""},"mobile":{"background-color":"","background-image":"","background-repeat":"repeat","background-position":"center center","background-size":"auto","background-attachment":"scroll","background-type":"","background-media":"","overlay-type":"","overlay-color":"","overlay-opacity":"","overlay-gradient":""}},"ast-content-background-meta":{"desktop":{"background-color":"var(--ast-global-color-5)","background-image":"","background-repeat":"repeat","background-position":"center center","background-size":"auto","background-attachment":"scroll","background-type":"","background-media":"","overlay-type":"","overlay-color":"","overlay-opacity":"","overlay-gradient":""},"tablet":{"background-color":"var(--ast-global-color-5)","background-image":"","background-repeat":"repeat","background-position":"center center","background-size":"auto","background-attachment":"scroll","background-type":"","background-media":"","overlay-type":"","overlay-color":"","overlay-opacity":"","overlay-gradient":""},"mobile":{"background-color":"var(--ast-global-color-5)","background-image":"","background-repeat":"repeat","background-position":"center center","background-size":"auto","background-attachment":"scroll","background-type":"","background-media":"","overlay-type":"","overlay-color":"","overlay-opacity":"","overlay-gradient":""}},"footnotes":""},"categories":[8],"tags":[419],"class_list":["post-5500","post","type-post","status-publish","format-standard","has-post-thumbnail","hentry","category-noticias","tag-contaloria-municipal"],"_links":{"self":[{"href":"https:\/\/losperiodistas.com.mx\/portal\/wp-json\/wp\/v2\/posts\/5500","targetHints":{"allow":["GET"]}}],"collection":[{"href":"https:\/\/losperiodistas.com.mx\/portal\/wp-json\/wp\/v2\/posts"}],"about":[{"href":"https:\/\/losperiodistas.com.mx\/portal\/wp-json\/wp\/v2\/types\/post"}],"author":[{"embeddable":true,"href":"https:\/\/losperiodistas.com.mx\/portal\/wp-json\/wp\/v2\/users\/1"}],"replies":[{"embeddable":true,"href":"https:\/\/losperiodistas.com.mx\/portal\/wp-json\/wp\/v2\/comments?post=5500"}],"version-history":[{"count":1,"href":"https:\/\/losperiodistas.com.mx\/portal\/wp-json\/wp\/v2\/posts\/5500\/revisions"}],"predecessor-version":[{"id":5502,"href":"https:\/\/losperiodistas.com.mx\/portal\/wp-json\/wp\/v2\/posts\/5500\/revisions\/5502"}],"wp:featuredmedia":[{"embeddable":true,"href":"https:\/\/losperiodistas.com.mx\/portal\/wp-json\/wp\/v2\/media\/5501"}],"wp:attachment":[{"href":"https:\/\/losperiodistas.com.mx\/portal\/wp-json\/wp\/v2\/media?parent=5500"}],"wp:term":[{"taxonomy":"category","embeddable":true,"href":"https:\/\/losperiodistas.com.mx\/portal\/wp-json\/wp\/v2\/categories?post=5500"},{"taxonomy":"post_tag","embeddable":true,"href":"https:\/\/losperiodistas.com.mx\/portal\/wp-json\/wp\/v2\/tags?post=5500"}],"curies":[{"name":"wp","href":"https:\/\/api.w.org\/{rel}","templated":true}]}}