{"id":5494,"date":"2021-03-11T07:41:44","date_gmt":"2021-03-11T13:41:44","guid":{"rendered":"http:\/\/losperiodistas.com.mx\/portal\/?p=5494"},"modified":"2021-03-11T07:41:46","modified_gmt":"2021-03-11T13:41:46","slug":"texas-reabre-con-el-100-de-aforos-y-sin-mascarillas-la-razon","status":"publish","type":"post","link":"https:\/\/losperiodistas.com.mx\/portal\/texas-reabre-con-el-100-de-aforos-y-sin-mascarillas-la-razon\/","title":{"rendered":"Texas reabre con el 100% de aforos y sin mascarillas | La Raz\u00f3n"},"content":{"rendered":"\n<p style=\"font-size:18px\"><em>La comunidad cient\u00edfica advierte de los riesgos de una apertura precipitada por las nuevas cepas de coronavirus. S\u00f3lo el 7% de los texanos est\u00e1n vacunados<\/em><\/p>\n\n\n\n<p class=\"has-vivid-cyan-blue-color has-text-color has-medium-font-size\">JULIO VALDE\u00d3N \/ Nueva York \/ LA RAZ\u00d3N<\/p>\n\n\n\n<p>Ya es oficial. En\u00a0<a href=\"https:\/\/www.larazon.es\/internacional\/20210218\/qbeffkpvqjdc5m2rndijm4pdnu.html\" target=\"_blank\" rel=\"noreferrer noopener\">Texas<\/a>\u00a0no ser\u00e1 obligatorio llevar mascarilla en p\u00fablico. Lo hab\u00eda adelantado la semana pasada el gobernador del Estado,\u00a0<strong>Greg Abbott<\/strong>, que considera que el notable descenso de contagios, hospitalizaciones y muertes justifica el final de las medidas extraordinarias. Est\u00e1 en juego, entiende Abbott, la econom\u00eda del Estado.<\/p>\n\n\n\n<figure class=\"wp-block-embed-twitter wp-block-embed is-type-rich is-provider-twitter\"><div class=\"wp-block-embed__wrapper\">\n<blockquote class=\"twitter-tweet\" data-width=\"500\" data-dnt=\"true\"><p lang=\"en\" dir=\"ltr\">Covid hospitalizations declined again today<br><br>The positivity rate is the lowest since late September &amp; has been on a downward trajectory for months.<br><br>The number of reported fatalities is the lowest in more than 2 months.<br><br>COVID has not gone away, but we can continue to crush it.<\/p>&mdash; Greg Abbott (@GregAbbott_TX) <a href=\"https:\/\/twitter.com\/GregAbbott_TX\/status\/1369067681220075527?ref_src=twsrc%5Etfw\">March 8, 2021<\/a><\/blockquote><script async src=\"https:\/\/platform.twitter.com\/widgets.js\" charset=\"utf-8\"><\/script>\n<\/div><\/figure>\n\n\n\n<p>\u00abDemasiados tejanos han sido marginados para conseguir empleo\u00bb, dijo, \u00abes el momento de abrir\u00a0<a href=\"https:\/\/www.larazon.es\/tags\/texas\/\" target=\"_blank\" rel=\"noreferrer noopener\">Texas<\/a>\u00a0al 100%\u00bb. Sus palabras provocaron una reacci\u00f3n airada del presidente,\u00a0<a href=\"https:\/\/www.larazon.es\/internacional\/20210304\/hbq4pnst65hupkpqqn4m5z2ntu.html\" target=\"_blank\" rel=\"noreferrer noopener\"><strong>Joe Biden<\/strong>, que calific\u00f3 el razonamiento como propio de Neardentales<\/a>. Desde el frente cient\u00edfico se argument\u00f3 que si bien la curva epid\u00e9mica muestra una\u00a0<strong>notable reducci\u00f3n, con la \u00faltima hora en franca remisi\u00f3n, no deja de ser cierto que apenas el 7% de los texanos ha sido vacunado<\/strong>. Sin olvidar de que las\u00a0<strong>nuevas variantes del virus, con cepas m\u00e1s contagiosas y letales, siguen disparadas<\/strong>, con lo que muchos temen un repunte de los contagios y las muertes en un futuro no muy lejano.<\/p>\n\n\n\n<figure class=\"wp-block-image\"><img decoding=\"async\" src=\"https:\/\/www.larazon.es\/resizer\/vuTKUswpGzZgsFXZuo9YLb7nHz8=\/840x0\/smart\/filters:format(jpg)\/cloudfront-eu-central-1.images.arcpublishing.com\/larazon\/LJBJMWP7VBAN5PE76KHJRX6SNY.JPG\" alt=\"El restaurante Picos Mexican contin\u00faa con su capacidad reducida y pide a sus comensales que lleven mascarilla a pesar del fin de la legislaci\u00f3n \"\/><figcaption>El restaurante Picos Mexican contin\u00faa con su capacidad reducida y pide a sus comensales que lleven mascarilla a pesar del fin de la legislaci\u00f3n&nbsp;DAVID J. PHILLIP<\/figcaption><\/figure>\n\n\n\n<p>Y la guerra de Abott no acaba en Washington.&nbsp;<strong>Ciudades como Austin ya anuncian que mantendr\u00e1n las medidas profil\u00e1cticas<\/strong>, acogi\u00e9ndose entre otras cosas a las leyes del Estado, que conceden grandes atribuciones en materia sanitaria a los ayuntamientos locales.<\/p>\n\n\n\n<p>De momento, Austin planea que la m\u00e1scara seguir\u00e1 siendo obligatoria hasta el 15 de abril. Por otro lado los modelos matem\u00e1ticos estiman que el uso de<strong>&nbsp;la mascarilla reduce en no menos de un tercio el n\u00famero de contagios.<\/strong><\/p>\n\n\n\n<p>La senadora estatal,\u00a0<strong>Ann Johnson<\/strong>, ha acusado al gobernador de \u00abotorgar una licencia a los individuos irresponsables para que pongan en riesgo nuestra salud p\u00fablica\u00bb. Entre otras cosas se refer\u00eda a las fiestas sin mascarillas, planeadas en distintos bares. \u00abPedimos a todos los habitantes de Houston\u00bb, a\u00f1adi\u00f3, \u00abque sigan tomando medidas saludables de distanciamiento social, vacun\u00e1ndose y haciendo cosas para proteger nuestra seguridad\u00bb. El alcalde de Houston,\u00a0<strong>Sylvester Turner<\/strong>, ha dicho que \u00abLa gente todav\u00eda se est\u00e1 infectando y las personas siguen muriendo a causa del virus\u00bb.<\/p>\n\n\n\n<p>El gobernador Abbott responde que los texanos deben \u00abcontinuar con las pr\u00e1cticas seguras\u00bb para asegurar que \u00abtodos&nbsp;<strong>vuelvan a trabajar en&nbsp;<\/strong><a href=\"https:\/\/www.larazon.es\/internacional\/20201029\/bzu2wc5uhngbnbjtckgk3ddzmm.html\" target=\"_blank\" rel=\"noreferrer noopener\"><strong>Texas<\/strong><\/a><strong>&nbsp;y continuar liderando a los Estados Unidos de Am\u00e9rica en el crecimiento econ\u00f3mico y creaci\u00f3n de empleo<\/strong>\u00bb.<\/p>\n\n\n\n<p>Hace apenas una semana tambi\u00e9n dijo que \u00abla\u00a0<a href=\"https:\/\/www.larazon.es\/internacional\/20200519\/4ba6dei3mjcqxocxeat5ufsrwy.html\" target=\"_blank\" rel=\"noreferrer noopener\">covid-19<\/a>\u00a0no ha desaparecido, pero est\u00e1 claro a partir de las recuperaciones, las vacunas, la reducci\u00f3n de las hospitalizaciones y las pr\u00e1cticas seguras que utilizan los tejanos que los mandatos estatales ya no son necesarios\u00bb.<\/p>\n\n\n\n<p>Fuente: https:\/\/www.larazon.es\/internacional\/20210310\/2h57bqxj3fhqxoz6g4gfmy6xkq.html<\/p>\n","protected":false},"excerpt":{"rendered":"<p>La comunidad cient\u00edfica advierte de los riesgos de una apertura precipitada por las nuevas cepas de coronavirus. S\u00f3lo el 7% [&hellip;]<\/p>\n","protected":false},"author":1,"featured_media":5495,"comment_status":"open","ping_status":"open","sticky":false,"template":"","format":"standard","meta":{"site-sidebar-layout":"default","site-content-layout":"","ast-site-content-layout":"default","site-content-style":"default","site-sidebar-style":"default","ast-global-header-display":"","ast-banner-title-visibility":"","ast-main-header-display":"","ast-hfb-above-header-display":"","ast-hfb-below-header-display":"","ast-hfb-mobile-header-display":"","site-post-title":"","ast-breadcrumbs-content":"","ast-featured-img":"","footer-sml-layout":"","theme-transparent-header-meta":"","adv-header-id-meta":"","stick-header-meta":"","header-above-stick-meta":"","header-main-stick-meta":"","header-below-stick-meta":"","astra-migrate-meta-layouts":"default","ast-page-background-enabled":"default","ast-page-background-meta":{"desktop":{"background-color":"var(--ast-global-color-4)","background-image":"","background-repeat":"repeat","background-position":"center center","background-size":"auto","background-attachment":"scroll","background-type":"","background-media":"","overlay-type":"","overlay-color":"","overlay-opacity":"","overlay-gradient":""},"tablet":{"background-color":"","background-image":"","background-repeat":"repeat","background-position":"center center","background-size":"auto","background-attachment":"scroll","background-type":"","background-media":"","overlay-type":"","overlay-color":"","overlay-opacity":"","overlay-gradient":""},"mobile":{"background-color":"","background-image":"","background-repeat":"repeat","background-position":"center center","background-size":"auto","background-attachment":"scroll","background-type":"","background-media":"","overlay-type":"","overlay-color":"","overlay-opacity":"","overlay-gradient":""}},"ast-content-background-meta":{"desktop":{"background-color":"var(--ast-global-color-5)","background-image":"","background-repeat":"repeat","background-position":"center center","background-size":"auto","background-attachment":"scroll","background-type":"","background-media":"","overlay-type":"","overlay-color":"","overlay-opacity":"","overlay-gradient":""},"tablet":{"background-color":"var(--ast-global-color-5)","background-image":"","background-repeat":"repeat","background-position":"center center","background-size":"auto","background-attachment":"scroll","background-type":"","background-media":"","overlay-type":"","overlay-color":"","overlay-opacity":"","overlay-gradient":""},"mobile":{"background-color":"var(--ast-global-color-5)","background-image":"","background-repeat":"repeat","background-position":"center center","background-size":"auto","background-attachment":"scroll","background-type":"","background-media":"","overlay-type":"","overlay-color":"","overlay-opacity":"","overlay-gradient":""}},"footnotes":""},"categories":[8],"tags":[417,416],"class_list":["post-5494","post","type-post","status-publish","format-standard","has-post-thumbnail","hentry","category-noticias","tag-cubrebocas-texas","tag-texas-reabre-en-pandemia"],"_links":{"self":[{"href":"https:\/\/losperiodistas.com.mx\/portal\/wp-json\/wp\/v2\/posts\/5494","targetHints":{"allow":["GET"]}}],"collection":[{"href":"https:\/\/losperiodistas.com.mx\/portal\/wp-json\/wp\/v2\/posts"}],"about":[{"href":"https:\/\/losperiodistas.com.mx\/portal\/wp-json\/wp\/v2\/types\/post"}],"author":[{"embeddable":true,"href":"https:\/\/losperiodistas.com.mx\/portal\/wp-json\/wp\/v2\/users\/1"}],"replies":[{"embeddable":true,"href":"https:\/\/losperiodistas.com.mx\/portal\/wp-json\/wp\/v2\/comments?post=5494"}],"version-history":[{"count":1,"href":"https:\/\/losperiodistas.com.mx\/portal\/wp-json\/wp\/v2\/posts\/5494\/revisions"}],"predecessor-version":[{"id":5496,"href":"https:\/\/losperiodistas.com.mx\/portal\/wp-json\/wp\/v2\/posts\/5494\/revisions\/5496"}],"wp:featuredmedia":[{"embeddable":true,"href":"https:\/\/losperiodistas.com.mx\/portal\/wp-json\/wp\/v2\/media\/5495"}],"wp:attachment":[{"href":"https:\/\/losperiodistas.com.mx\/portal\/wp-json\/wp\/v2\/media?parent=5494"}],"wp:term":[{"taxonomy":"category","embeddable":true,"href":"https:\/\/losperiodistas.com.mx\/portal\/wp-json\/wp\/v2\/categories?post=5494"},{"taxonomy":"post_tag","embeddable":true,"href":"https:\/\/losperiodistas.com.mx\/portal\/wp-json\/wp\/v2\/tags?post=5494"}],"curies":[{"name":"wp","href":"https:\/\/api.w.org\/{rel}","templated":true}]}}