{"id":54851,"date":"2023-07-17T07:07:11","date_gmt":"2023-07-17T12:07:11","guid":{"rendered":"http:\/\/losperiodistas.com.mx\/portal\/?p=54851"},"modified":"2023-07-17T07:07:13","modified_gmt":"2023-07-17T12:07:13","slug":"rusia-suspende-el-acuerdo-del-grano-con-kiev-poniendo-en-jaque-la-seguridad-alimentaria-mundial-euronews","status":"publish","type":"post","link":"https:\/\/losperiodistas.com.mx\/portal\/rusia-suspende-el-acuerdo-del-grano-con-kiev-poniendo-en-jaque-la-seguridad-alimentaria-mundial-euronews\/","title":{"rendered":"Rusia suspende el acuerdo del grano con Kiev, poniendo en jaque la seguridad alimentaria mundial\u00a0| Euronews"},"content":{"rendered":"\n<p class=\"has-vivid-red-background-color has-background has-medium-font-size\"><strong>Lo ha anunciado el portavoz del Kremlin, se\u00f1alando que Mosc\u00fa volver\u00e1 al acuerdo cuando se cumplan sus demandas.<\/strong><\/p>\n\n\n\n<figure class=\"wp-block-image size-large is-style-default\"><img fetchpriority=\"high\" decoding=\"async\" width=\"1024\" height=\"574\" src=\"https:\/\/losperiodistas.com.mx\/portal\/wp-content\/uploads\/2023\/07\/Captura-de-Pantalla-2023-07-17-a-las-6.00.26-1024x574.jpg\" alt=\"\" class=\"wp-image-54852\" srcset=\"https:\/\/losperiodistas.com.mx\/portal\/wp-content\/uploads\/2023\/07\/Captura-de-Pantalla-2023-07-17-a-las-6.00.26-1024x574.jpg 1024w, https:\/\/losperiodistas.com.mx\/portal\/wp-content\/uploads\/2023\/07\/Captura-de-Pantalla-2023-07-17-a-las-6.00.26-300x168.jpg 300w, https:\/\/losperiodistas.com.mx\/portal\/wp-content\/uploads\/2023\/07\/Captura-de-Pantalla-2023-07-17-a-las-6.00.26-768x431.jpg 768w, https:\/\/losperiodistas.com.mx\/portal\/wp-content\/uploads\/2023\/07\/Captura-de-Pantalla-2023-07-17-a-las-6.00.26-1536x862.jpg 1536w, https:\/\/losperiodistas.com.mx\/portal\/wp-content\/uploads\/2023\/07\/Captura-de-Pantalla-2023-07-17-a-las-6.00.26.jpg 1704w\" sizes=\"(max-width: 1024px) 100vw, 1024px\" \/><\/figure>\n\n\n\n<p><a href=\"https:\/\/s2.dmcdn.net\/v\/V5xRb1ajIWyvuud9P\/x240\">https:\/\/s2.dmcdn.net\/v\/V5xRb1ajIWyvuud9P\/x240<\/a><\/p>\n\n\n\n<p><\/p>\n\n\n\n<p class=\"has-vivid-red-color has-text-color has-medium-font-size\"><strong>ANA BUIL DEMUR \/ AP \/ EFE \/ EURONEWS<\/strong><\/p>\n\n\n\n<p>Rusia suspende el acuerdo de exportaci\u00f3n de cereales desde puertos ucranianos a trav\u00e9s del Mar Negro, poniendo en jaque la seguridad alimentaria mundial. Su salida del acuerdo se produce&nbsp;tras constatar que no se han cumplido los compromisos con la parte rusa.<\/p>\n\n\n\n<p>Lo ha anunciado el portavoz del Kremlin, Dmitri Peskov:&nbsp;<em>\u00abCuando se implemente la parte del acuerdo del Mar Negro relacionada con Rusia, Rusia volver\u00e1 inmediatamente a la implementaci\u00f3n del acuerdo\u00bb.<\/em><\/p>\n\n\n\n<p>Peskov se refer\u00eda a la reconexi\u00f3n del banco agr\u00edcola ruso, Rosseljozbank, al SWIFT, el levantamiento de sanciones a repuestos para la maquinaria agr\u00edcola, el desbloqueo de la log\u00edstica y seguros de transporte, el descongelamiento de activos y la reanudaci\u00f3n de la tuber\u00eda de amon\u00edaco Togliatti-Odesa, que explot\u00f3 el 5 de junio.<\/p>\n\n\n\n<p>Esta aspiraciones rusas est\u00e1n contenidas en un memor\u00e1ndum firmado entre Rusia y la ONU, que Mosc\u00fa considera de cumplimiento obligatorio para la implementaci\u00f3n del acuerdo del grano.<\/p>\n\n\n\n<p>Peskov neg\u00f3 que la suspensi\u00f3n del pacto para la exportaci\u00f3n de grano a trav\u00e9s del mar Negro tenga relaci\u00f3n con&nbsp;<a href=\"https:\/\/es.euronews.com\/2023\/07\/17\/ucrania-alerta-en-el-puente-de-kerch-cerrado-tras-registrarse-explosiones\"><strong>el ataque perpetrado esta madrugada contra el puente de Crimea<\/strong><\/a>, que une la ocupada pen\u00ednsula ucraniana con Rusia.javascript:falsejavascript:falsejavascript:falsejavascript:falseabout:blank<\/p>\n\n\n\n<p><em>\u00abNo, son acontecimientos que no est\u00e1n vinculados de ninguna manera\u00bb<\/em>, dijo.<\/p>\n\n\n\n<p>La portavoz del Ministerio de Asuntos Exteriores ruso, Mar\u00eda Zaj\u00e1rova, inform\u00f3 a su vez de que\u00a0<em>\u00abRusia comunic\u00f3 oficialmente a las partes turca y ucraniana, as\u00ed como al Secretariado de la ONU, de que se opone a la prolongaci\u00f3n del acuerdo\u00bb<\/em>\u00a0del grano.<\/p>\n\n\n\n<p>Fuente: <a href=\"https:\/\/es.euronews.com\/2023\/07\/17\/rusia-suspende-el-acuerdo-del-grano-con-kiev-poniendo-en-jaque-la-seguridad-alimentaria-mu\">https:\/\/es.euronews.com\/2023\/07\/17\/rusia-suspende-el-acuerdo-del-grano-con-kiev-poniendo-en-jaque-la-seguridad-alimentaria-mu<\/a><\/p>\n","protected":false},"excerpt":{"rendered":"<p>Lo ha anunciado el portavoz del Kremlin, se\u00f1alando que Mosc\u00fa volver\u00e1 al acuerdo cuando se cumplan sus demandas. https:\/\/s2.dmcdn.net\/v\/V5xRb1ajIWyvuud9P\/x240 ANA [&hellip;]<\/p>\n","protected":false},"author":1,"featured_media":54852,"comment_status":"open","ping_status":"open","sticky":false,"template":"","format":"standard","meta":{"site-sidebar-layout":"default","site-content-layout":"","ast-site-content-layout":"default","site-content-style":"default","site-sidebar-style":"default","ast-global-header-display":"","ast-banner-title-visibility":"","ast-main-header-display":"","ast-hfb-above-header-display":"","ast-hfb-below-header-display":"","ast-hfb-mobile-header-display":"","site-post-title":"","ast-breadcrumbs-content":"","ast-featured-img":"","footer-sml-layout":"","theme-transparent-header-meta":"","adv-header-id-meta":"","stick-header-meta":"","header-above-stick-meta":"","header-main-stick-meta":"","header-below-stick-meta":"","astra-migrate-meta-layouts":"default","ast-page-background-enabled":"default","ast-page-background-meta":{"desktop":{"background-color":"var(--ast-global-color-4)","background-image":"","background-repeat":"repeat","background-position":"center center","background-size":"auto","background-attachment":"scroll","background-type":"","background-media":"","overlay-type":"","overlay-color":"","overlay-opacity":"","overlay-gradient":""},"tablet":{"background-color":"","background-image":"","background-repeat":"repeat","background-position":"center center","background-size":"auto","background-attachment":"scroll","background-type":"","background-media":"","overlay-type":"","overlay-color":"","overlay-opacity":"","overlay-gradient":""},"mobile":{"background-color":"","background-image":"","background-repeat":"repeat","background-position":"center center","background-size":"auto","background-attachment":"scroll","background-type":"","background-media":"","overlay-type":"","overlay-color":"","overlay-opacity":"","overlay-gradient":""}},"ast-content-background-meta":{"desktop":{"background-color":"var(--ast-global-color-5)","background-image":"","background-repeat":"repeat","background-position":"center center","background-size":"auto","background-attachment":"scroll","background-type":"","background-media":"","overlay-type":"","overlay-color":"","overlay-opacity":"","overlay-gradient":""},"tablet":{"background-color":"var(--ast-global-color-5)","background-image":"","background-repeat":"repeat","background-position":"center center","background-size":"auto","background-attachment":"scroll","background-type":"","background-media":"","overlay-type":"","overlay-color":"","overlay-opacity":"","overlay-gradient":""},"mobile":{"background-color":"var(--ast-global-color-5)","background-image":"","background-repeat":"repeat","background-position":"center center","background-size":"auto","background-attachment":"scroll","background-type":"","background-media":"","overlay-type":"","overlay-color":"","overlay-opacity":"","overlay-gradient":""}},"footnotes":""},"categories":[8],"tags":[17431,17433,17432],"class_list":["post-54851","post","type-post","status-publish","format-standard","has-post-thumbnail","hentry","category-noticias","tag-acuerdo-sobre-el-grano","tag-jaque-a-la-alimentacion-mundial","tag-rusia-expprtaciones-granos"],"_links":{"self":[{"href":"https:\/\/losperiodistas.com.mx\/portal\/wp-json\/wp\/v2\/posts\/54851","targetHints":{"allow":["GET"]}}],"collection":[{"href":"https:\/\/losperiodistas.com.mx\/portal\/wp-json\/wp\/v2\/posts"}],"about":[{"href":"https:\/\/losperiodistas.com.mx\/portal\/wp-json\/wp\/v2\/types\/post"}],"author":[{"embeddable":true,"href":"https:\/\/losperiodistas.com.mx\/portal\/wp-json\/wp\/v2\/users\/1"}],"replies":[{"embeddable":true,"href":"https:\/\/losperiodistas.com.mx\/portal\/wp-json\/wp\/v2\/comments?post=54851"}],"version-history":[{"count":1,"href":"https:\/\/losperiodistas.com.mx\/portal\/wp-json\/wp\/v2\/posts\/54851\/revisions"}],"predecessor-version":[{"id":54853,"href":"https:\/\/losperiodistas.com.mx\/portal\/wp-json\/wp\/v2\/posts\/54851\/revisions\/54853"}],"wp:featuredmedia":[{"embeddable":true,"href":"https:\/\/losperiodistas.com.mx\/portal\/wp-json\/wp\/v2\/media\/54852"}],"wp:attachment":[{"href":"https:\/\/losperiodistas.com.mx\/portal\/wp-json\/wp\/v2\/media?parent=54851"}],"wp:term":[{"taxonomy":"category","embeddable":true,"href":"https:\/\/losperiodistas.com.mx\/portal\/wp-json\/wp\/v2\/categories?post=54851"},{"taxonomy":"post_tag","embeddable":true,"href":"https:\/\/losperiodistas.com.mx\/portal\/wp-json\/wp\/v2\/tags?post=54851"}],"curies":[{"name":"wp","href":"https:\/\/api.w.org\/{rel}","templated":true}]}}