{"id":5485,"date":"2021-03-11T07:06:41","date_gmt":"2021-03-11T13:06:41","guid":{"rendered":"http:\/\/losperiodistas.com.mx\/portal\/?p=5485"},"modified":"2021-03-11T07:06:42","modified_gmt":"2021-03-11T13:06:42","slug":"dinamarca-suspende-la-vacunacion-con-astrazeneca-tras-registrar-graves-casos-de-trombos-cope","status":"publish","type":"post","link":"https:\/\/losperiodistas.com.mx\/portal\/dinamarca-suspende-la-vacunacion-con-astrazeneca-tras-registrar-graves-casos-de-trombos-cope\/","title":{"rendered":"Dinamarca suspende la vacunaci\u00f3n con AstraZeneca tras registrar \u00abgraves casos de trombos\u00bb | COPE"},"content":{"rendered":"\n<p style=\"font-size:18px\"><em>Uno de los casos est\u00e1 relacionado con una muerte, si bien las autoridades han explicado que a\u00fan no se puede concluir que haya una relaci\u00f3n entre la vacuna y los trombos<\/em><\/p>\n\n\n\n<p class=\"has-vivid-cyan-blue-color has-text-color has-medium-font-size\">COPE<\/p>\n\n\n\n<p>La Direcci\u00f3n General de Sanidad de Dinamarca (SST) anunci\u00f3 este jueves la\u00a0<strong>suspensi\u00f3n temporal durante 14 d\u00edas de la vacuna de AstraZeneca tras registrar \u00abgraves casos de trombos\u00bb<\/strong>\u00a0en personas que la hab\u00edan recibido.<\/p>\n\n\n\n<p>Uno de los casos est\u00e1 relacionado con&nbsp;<strong>una muerte,<\/strong>&nbsp;explicaron en un comunicado las autoridades sanitarias, que resaltan que&nbsp;<strong>todav\u00eda no se puede concluir que haya una relaci\u00f3n directa entre la vacuna y los trombos.<\/strong><\/p>\n\n\n\n<blockquote class=\"wp-block-quote is-style-large is-layout-flow wp-block-quote-is-layout-flow\"><p>Hay buena documentaci\u00f3n de que la vacuna de AstraZeneca es segura y efectiva<\/p><\/blockquote>\n\n\n\n<p>La Agencia Europea del Medicamento (EMA) ha iniciado una investigaci\u00f3n al respecto, seg\u00fan la Direcci\u00f3n General de Sanidad danesa, que ha aplicado \u00abun principio de prudencia\u00bb y realizar\u00e1 una nueva valoraci\u00f3n en la pen\u00faltima semana de marzo.<\/p>\n\n\n\n<p>\u00abEstamos en la campa\u00f1a de vacunaci\u00f3n m\u00e1s grande e importante en la historia de Dinamarca, necesitamos todas las vacunas que podamos conseguir. Por eso no es una decisi\u00f3n f\u00e1cil suspender una. Pero debemos reaccionar con cuidado cuando hay evidencia de posibles efectos graves\u00bb, afirm\u00f3 el director de la SST, S\u00f8ren Brostr\u00f8m.<\/p>\n\n\n\n<p>Brostr\u00f8m resalt\u00f3 que se trata de una pausa y quehay<strong>&nbsp;\u00abbuena documentaci\u00f3n\u00bb de que la vacuna de AstraZeneca es \u00absegura y efectiva<\/strong>\u00ab, pero que las autoridades danesas se ven obligadas a reaccionar ante informaciones de posibles efectos \u00abde Dinamarca y otros pa\u00edses europeos\u00bb.<\/p>\n\n\n\n<p>Todas las citas e invitaciones a solicitar cita para recibir esa vacuna quedan suspendidas, y quienes ya hayan recibido la primera dosis deber\u00e1n esperar hasta nuevo aviso.<\/p>\n\n\n\n<blockquote class=\"wp-block-quote is-style-large is-layout-flow wp-block-quote-is-layout-flow\"><p>Es importante que cuando surjan riesgos en relaci\u00f3n con una vacuna, estos sean investigados<\/p><\/blockquote>\n\n\n\n<p>La medida implica cambios en el plan de vacunaci\u00f3n, que se retrasar\u00e1 en el peor de los casos cuatro semanas hasta el 15 de agosto, fecha en la que se espera que haya sido inmunizada toda la poblaci\u00f3n que as\u00ed lo desee.<\/p>\n\n\n\n<p>\u00abAnte todo&nbsp;<strong>es importante que cuando surjan riesgos en relaci\u00f3n con una vacuna, estos sean investigados.&nbsp;<\/strong>Por eso, pienso que es correcto suspender la vacunaci\u00f3n de AstraZeneca\u00bb, dijo en rueda de prensa la primera ministra danesa, Mette Frederiksen.<\/p>\n\n\n\n<p>Frederiksen se mostr\u00f3 contrariada por el retraso, pero a la vez convencida de que Dinamarca, uno de los pa\u00edses que m\u00e1s r\u00e1pido est\u00e1 vacunando contra la covid-19 en Europa y de los menos afectados, pueda normalizar la situaci\u00f3n en unos meses.<\/p>\n\n\n\n<p>\u00abCreo en un verano con una Dinamarca casi normalizada. Me atrevo a decirlo, siempre que los daneses sigan haci\u00e9ndose test y vacun\u00e1ndose\u00bb, afirm\u00f3 la primera ministra.<\/p>\n\n\n\n<p>Fuente: https:\/\/www.cope.es\/actualidad\/internacional\/noticias\/dinamarca-suspende-vacunacion-con-astrazeneca-tras-registrar-graves-casos-trombos-20210311_1183925<\/p>\n","protected":false},"excerpt":{"rendered":"<p>Uno de los casos est\u00e1 relacionado con una muerte, si bien las autoridades han explicado que a\u00fan no se puede [&hellip;]<\/p>\n","protected":false},"author":1,"featured_media":5486,"comment_status":"open","ping_status":"open","sticky":false,"template":"","format":"standard","meta":{"site-sidebar-layout":"default","site-content-layout":"","ast-site-content-layout":"default","site-content-style":"default","site-sidebar-style":"default","ast-global-header-display":"","ast-banner-title-visibility":"","ast-main-header-display":"","ast-hfb-above-header-display":"","ast-hfb-below-header-display":"","ast-hfb-mobile-header-display":"","site-post-title":"","ast-breadcrumbs-content":"","ast-featured-img":"","footer-sml-layout":"","theme-transparent-header-meta":"","adv-header-id-meta":"","stick-header-meta":"","header-above-stick-meta":"","header-main-stick-meta":"","header-below-stick-meta":"","astra-migrate-meta-layouts":"default","ast-page-background-enabled":"default","ast-page-background-meta":{"desktop":{"background-color":"var(--ast-global-color-4)","background-image":"","background-repeat":"repeat","background-position":"center center","background-size":"auto","background-attachment":"scroll","background-type":"","background-media":"","overlay-type":"","overlay-color":"","overlay-opacity":"","overlay-gradient":""},"tablet":{"background-color":"","background-image":"","background-repeat":"repeat","background-position":"center center","background-size":"auto","background-attachment":"scroll","background-type":"","background-media":"","overlay-type":"","overlay-color":"","overlay-opacity":"","overlay-gradient":""},"mobile":{"background-color":"","background-image":"","background-repeat":"repeat","background-position":"center center","background-size":"auto","background-attachment":"scroll","background-type":"","background-media":"","overlay-type":"","overlay-color":"","overlay-opacity":"","overlay-gradient":""}},"ast-content-background-meta":{"desktop":{"background-color":"var(--ast-global-color-5)","background-image":"","background-repeat":"repeat","background-position":"center center","background-size":"auto","background-attachment":"scroll","background-type":"","background-media":"","overlay-type":"","overlay-color":"","overlay-opacity":"","overlay-gradient":""},"tablet":{"background-color":"var(--ast-global-color-5)","background-image":"","background-repeat":"repeat","background-position":"center center","background-size":"auto","background-attachment":"scroll","background-type":"","background-media":"","overlay-type":"","overlay-color":"","overlay-opacity":"","overlay-gradient":""},"mobile":{"background-color":"var(--ast-global-color-5)","background-image":"","background-repeat":"repeat","background-position":"center center","background-size":"auto","background-attachment":"scroll","background-type":"","background-media":"","overlay-type":"","overlay-color":"","overlay-opacity":"","overlay-gradient":""}},"footnotes":""},"categories":[8],"tags":[410],"class_list":["post-5485","post","type-post","status-publish","format-standard","has-post-thumbnail","hentry","category-noticias","tag-vacuna-covid-19-astrazeneca-trombos-dinamarca"],"_links":{"self":[{"href":"https:\/\/losperiodistas.com.mx\/portal\/wp-json\/wp\/v2\/posts\/5485","targetHints":{"allow":["GET"]}}],"collection":[{"href":"https:\/\/losperiodistas.com.mx\/portal\/wp-json\/wp\/v2\/posts"}],"about":[{"href":"https:\/\/losperiodistas.com.mx\/portal\/wp-json\/wp\/v2\/types\/post"}],"author":[{"embeddable":true,"href":"https:\/\/losperiodistas.com.mx\/portal\/wp-json\/wp\/v2\/users\/1"}],"replies":[{"embeddable":true,"href":"https:\/\/losperiodistas.com.mx\/portal\/wp-json\/wp\/v2\/comments?post=5485"}],"version-history":[{"count":1,"href":"https:\/\/losperiodistas.com.mx\/portal\/wp-json\/wp\/v2\/posts\/5485\/revisions"}],"predecessor-version":[{"id":5487,"href":"https:\/\/losperiodistas.com.mx\/portal\/wp-json\/wp\/v2\/posts\/5485\/revisions\/5487"}],"wp:featuredmedia":[{"embeddable":true,"href":"https:\/\/losperiodistas.com.mx\/portal\/wp-json\/wp\/v2\/media\/5486"}],"wp:attachment":[{"href":"https:\/\/losperiodistas.com.mx\/portal\/wp-json\/wp\/v2\/media?parent=5485"}],"wp:term":[{"taxonomy":"category","embeddable":true,"href":"https:\/\/losperiodistas.com.mx\/portal\/wp-json\/wp\/v2\/categories?post=5485"},{"taxonomy":"post_tag","embeddable":true,"href":"https:\/\/losperiodistas.com.mx\/portal\/wp-json\/wp\/v2\/tags?post=5485"}],"curies":[{"name":"wp","href":"https:\/\/api.w.org\/{rel}","templated":true}]}}