{"id":54846,"date":"2023-07-17T06:54:41","date_gmt":"2023-07-17T11:54:41","guid":{"rendered":"http:\/\/losperiodistas.com.mx\/portal\/?p=54846"},"modified":"2023-07-17T06:54:43","modified_gmt":"2023-07-17T11:54:43","slug":"asfixian-a-chiapas-108-mil-migrantes-solicitantes-de-asilo-no-tiene-fondos-el-independiente","status":"publish","type":"post","link":"https:\/\/losperiodistas.com.mx\/portal\/asfixian-a-chiapas-108-mil-migrantes-solicitantes-de-asilo-no-tiene-fondos-el-independiente\/","title":{"rendered":"Asfixian a Chiapas 108 mil migrantes solicitantes de asilo; no tiene fondos\u00a0| El Independiente"},"content":{"rendered":"\n<figure class=\"wp-block-image size-large is-style-default\"><img fetchpriority=\"high\" decoding=\"async\" width=\"1024\" height=\"526\" src=\"https:\/\/losperiodistas.com.mx\/portal\/wp-content\/uploads\/2023\/07\/Captura-de-Pantalla-2023-07-17-a-las-5.49.04-1024x526.jpg\" alt=\"\" class=\"wp-image-54847\" srcset=\"https:\/\/losperiodistas.com.mx\/portal\/wp-content\/uploads\/2023\/07\/Captura-de-Pantalla-2023-07-17-a-las-5.49.04-1024x526.jpg 1024w, https:\/\/losperiodistas.com.mx\/portal\/wp-content\/uploads\/2023\/07\/Captura-de-Pantalla-2023-07-17-a-las-5.49.04-300x154.jpg 300w, https:\/\/losperiodistas.com.mx\/portal\/wp-content\/uploads\/2023\/07\/Captura-de-Pantalla-2023-07-17-a-las-5.49.04-768x394.jpg 768w, https:\/\/losperiodistas.com.mx\/portal\/wp-content\/uploads\/2023\/07\/Captura-de-Pantalla-2023-07-17-a-las-5.49.04-1536x789.jpg 1536w, https:\/\/losperiodistas.com.mx\/portal\/wp-content\/uploads\/2023\/07\/Captura-de-Pantalla-2023-07-17-a-las-5.49.04.jpg 1616w\" sizes=\"(max-width: 1024px) 100vw, 1024px\" \/><figcaption><sub>GRUPOS DE MIGRANTES INSTALAN UN CAMPAMENTO IMPROVISADO AFUERA DE LAS INSTALACIONES DEL INSTITUTO NACIONAL DE MIGRACI\u00d3N (INM) HOY, EN TAPACHULA, ESTADO DE CHIAPAS (M\u00c9XICO). EFE\/JUAN MANUEL BLANCO<\/sub><\/figcaption><\/figure>\n\n\n\n<p class=\"has-vivid-red-color has-text-color has-medium-font-size\"><strong>V\u00cdCTOR CULEBRO \/ EL INDEPENDIENTE<\/strong><\/p>\n\n\n\n<p>Durante el primer semestre del 2023, Chiapas bati\u00f3 su record con m\u00e1s de&nbsp;108 mil 850 extranjeros&nbsp;solicitantes de asilo&nbsp;y la presencia de personas en movilidad humana (migrantes) cifras que representan el 30 por ciento m\u00e1s en comparaci\u00f3n del a\u00f1o 2022.&nbsp; Esto de acuerdo con datos oficiales del Instituto Nacional de Migraci\u00f3n (INM) y la Comisi\u00f3n Nacional de Ayuda a Refugiados (Comar).&nbsp;<\/p>\n\n\n\n<p>Las dependencias detallaron que de la cifra anterior, en Chiapas han pedido la protecci\u00f3n internacional 44 mil 873 personas ante la (Comar), esto, en sus oficinas de Tapachula y Palenque. Mientras que la Unidad de Pol\u00edtica Migratoria del INM, precis\u00f3 que fueron&nbsp;63 mil 977 las personas&nbsp;en situaci\u00f3n irregular, quienes pretenden llegar a los Estados Unidos en busca de mejores oportunidades de vida.&nbsp;<\/p>\n\n\n\n<p>Chiapas es la entidad federativa de todo el territorio mexicano que concentra el mayor n\u00famero de personas solicitantes de asilo y migrantes que han salido de su pa\u00eds huyendo de la violencia, inseguridad, pandillerismo, pobreza extrema y persecuci\u00f3n pol\u00edtica de sus gobernantes, es por ello que, en ambas dependencias las cifras se dispararon a niveles hist\u00f3ricos nunca antes vistos.&nbsp;<\/p>\n\n\n\n<p>Es el municipio costero de Tapachula donde la crisis migratoria se ha desbordado m\u00e1s, focaliz\u00e1ndose solo en esa ciudad, de acuerdo a estad\u00edsticas oficiales 27 mil 585 migrantes&nbsp;de diferentes nacionalidades&nbsp;que ingresaron irregularmente por la frontera sur de M\u00e9xico con Guatemala mientras que en lo que se refiere a solicitantes de asilo son 67 mil 107, cifras que representan el 70 por ciento de la poblaci\u00f3n total de migrantes que han ingresado a Chiapas de enero a julio del 2023.&nbsp;<\/p>\n\n\n\n<p>Por otra parte, la comunidad de&nbsp;migrantes de nacionalidad haitiana&nbsp;que quieren rehacer su vida en M\u00e9xico, ocupa el primer lugar de solicitantes de asilo, en 2022 se registr\u00f3 una cantidad de 7 mil 312 peticionarios y en este 2023 la cifra se dispar\u00f3 a 25 mil 802. Se espera, seg\u00fan proyecciones de la Comar, que el n\u00famero de&nbsp;refugiados haitianos&nbsp;rebase los 51 mil casos en diciembre.&nbsp;<\/p>\n\n\n\n<h4 class=\"wp-block-heading\">Te puede interesar<\/h4>\n\n\n\n<p>&nbsp;Aunque la ley mexicana establece a la COMAR un m\u00e1ximo de 45 d\u00edas h\u00e1biles y hasta 90 d\u00edas en casos excepcionales para la resoluci\u00f3n de las solicitudes de asilo, en la realidad las personas esperan en promedio 164 d\u00edas, casi medio a\u00f1o. Luego de esto, abandonan o desisten de su tr\u00e1mite.&nbsp;<\/p>\n\n\n\n<figure class=\"wp-block-image is-style-default\"><img decoding=\"async\" src=\"https:\/\/elindependiente.mx\/wp-content\/uploads\/2023\/07\/Nota-Chiapas-01-1035x690.jpg\" alt=\"\" class=\"wp-image-73215\"\/><\/figure>\n\n\n\n<p>Personal de la oficina&nbsp;Scalabrinianas Misi\u00f3n Migrantes y Refugiados en Tapachula, en conversaci\u00f3n telef\u00f3nica con el Independiente aseguraron que la Comisi\u00f3n Mexicana de Ayuda a Refugiados (COMAR) carece de presupuesto p\u00fablico, lo que ocasiona que su eficiencia sea lento para atender y no se de abasto en la atenci\u00f3n a solicitantes de asilo, ocasionando que pernocten en las calles.&nbsp;<\/p>\n\n\n\n<p>La fuente afirm\u00f3 que el presupuesto que recibe la Comar, anualmente, no es el adecuado debido a que no es una de las instituciones prioritarias en la erogaci\u00f3n del gasto del gobierno federal, y es que, seg\u00fan datos de la Secretar\u00eda de Hacienda y Cr\u00e9dito P\u00fablico, la cifra que recibi\u00f3 la Comisi\u00f3n en 2023 (48 millones 339,057 pesos), en t\u00e9rminos reales es menor a la cantidad recibida en 2020 (56 millones 3,746 pesos) es decir, el presupuesto del 2020 fue 13.68% m\u00e1s que lo que recibi\u00f3 este 2023.<\/p>\n\n\n\n<p><strong>El autor es director del&nbsp;<em>Diario Realidades de Chiapas.<\/em><\/strong><\/p>\n","protected":false},"excerpt":{"rendered":"<p>V\u00cdCTOR CULEBRO \/ EL INDEPENDIENTE Durante el primer semestre del 2023, Chiapas bati\u00f3 su record con m\u00e1s de&nbsp;108 mil 850 [&hellip;]<\/p>\n","protected":false},"author":1,"featured_media":54847,"comment_status":"open","ping_status":"open","sticky":false,"template":"","format":"standard","meta":{"site-sidebar-layout":"default","site-content-layout":"","ast-site-content-layout":"default","site-content-style":"default","site-sidebar-style":"default","ast-global-header-display":"","ast-banner-title-visibility":"","ast-main-header-display":"","ast-hfb-above-header-display":"","ast-hfb-below-header-display":"","ast-hfb-mobile-header-display":"","site-post-title":"","ast-breadcrumbs-content":"","ast-featured-img":"","footer-sml-layout":"","theme-transparent-header-meta":"","adv-header-id-meta":"","stick-header-meta":"","header-above-stick-meta":"","header-main-stick-meta":"","header-below-stick-meta":"","astra-migrate-meta-layouts":"default","ast-page-background-enabled":"default","ast-page-background-meta":{"desktop":{"background-color":"var(--ast-global-color-4)","background-image":"","background-repeat":"repeat","background-position":"center center","background-size":"auto","background-attachment":"scroll","background-type":"","background-media":"","overlay-type":"","overlay-color":"","overlay-opacity":"","overlay-gradient":""},"tablet":{"background-color":"","background-image":"","background-repeat":"repeat","background-position":"center center","background-size":"auto","background-attachment":"scroll","background-type":"","background-media":"","overlay-type":"","overlay-color":"","overlay-opacity":"","overlay-gradient":""},"mobile":{"background-color":"","background-image":"","background-repeat":"repeat","background-position":"center center","background-size":"auto","background-attachment":"scroll","background-type":"","background-media":"","overlay-type":"","overlay-color":"","overlay-opacity":"","overlay-gradient":""}},"ast-content-background-meta":{"desktop":{"background-color":"var(--ast-global-color-5)","background-image":"","background-repeat":"repeat","background-position":"center center","background-size":"auto","background-attachment":"scroll","background-type":"","background-media":"","overlay-type":"","overlay-color":"","overlay-opacity":"","overlay-gradient":""},"tablet":{"background-color":"var(--ast-global-color-5)","background-image":"","background-repeat":"repeat","background-position":"center center","background-size":"auto","background-attachment":"scroll","background-type":"","background-media":"","overlay-type":"","overlay-color":"","overlay-opacity":"","overlay-gradient":""},"mobile":{"background-color":"var(--ast-global-color-5)","background-image":"","background-repeat":"repeat","background-position":"center center","background-size":"auto","background-attachment":"scroll","background-type":"","background-media":"","overlay-type":"","overlay-color":"","overlay-opacity":"","overlay-gradient":""}},"footnotes":""},"categories":[8],"tags":[17430,3862],"class_list":["post-54846","post","type-post","status-publish","format-standard","has-post-thumbnail","hentry","category-noticias","tag-chiapas-migrantes","tag-comar"],"_links":{"self":[{"href":"https:\/\/losperiodistas.com.mx\/portal\/wp-json\/wp\/v2\/posts\/54846","targetHints":{"allow":["GET"]}}],"collection":[{"href":"https:\/\/losperiodistas.com.mx\/portal\/wp-json\/wp\/v2\/posts"}],"about":[{"href":"https:\/\/losperiodistas.com.mx\/portal\/wp-json\/wp\/v2\/types\/post"}],"author":[{"embeddable":true,"href":"https:\/\/losperiodistas.com.mx\/portal\/wp-json\/wp\/v2\/users\/1"}],"replies":[{"embeddable":true,"href":"https:\/\/losperiodistas.com.mx\/portal\/wp-json\/wp\/v2\/comments?post=54846"}],"version-history":[{"count":1,"href":"https:\/\/losperiodistas.com.mx\/portal\/wp-json\/wp\/v2\/posts\/54846\/revisions"}],"predecessor-version":[{"id":54848,"href":"https:\/\/losperiodistas.com.mx\/portal\/wp-json\/wp\/v2\/posts\/54846\/revisions\/54848"}],"wp:featuredmedia":[{"embeddable":true,"href":"https:\/\/losperiodistas.com.mx\/portal\/wp-json\/wp\/v2\/media\/54847"}],"wp:attachment":[{"href":"https:\/\/losperiodistas.com.mx\/portal\/wp-json\/wp\/v2\/media?parent=54846"}],"wp:term":[{"taxonomy":"category","embeddable":true,"href":"https:\/\/losperiodistas.com.mx\/portal\/wp-json\/wp\/v2\/categories?post=54846"},{"taxonomy":"post_tag","embeddable":true,"href":"https:\/\/losperiodistas.com.mx\/portal\/wp-json\/wp\/v2\/tags?post=54846"}],"curies":[{"name":"wp","href":"https:\/\/api.w.org\/{rel}","templated":true}]}}