{"id":54838,"date":"2023-07-17T06:36:08","date_gmt":"2023-07-17T11:36:08","guid":{"rendered":"http:\/\/losperiodistas.com.mx\/portal\/?p=54838"},"modified":"2023-07-17T06:36:10","modified_gmt":"2023-07-17T11:36:10","slug":"en-la-celda-mi-maquina-y-yo-llorabamos-lagrimas-de-tinta-negra-tito-el-ultimo-tatuador-de-lecumberri-la-lista","status":"publish","type":"post","link":"https:\/\/losperiodistas.com.mx\/portal\/en-la-celda-mi-maquina-y-yo-llorabamos-lagrimas-de-tinta-negra-tito-el-ultimo-tatuador-de-lecumberri-la-lista\/","title":{"rendered":"\u2018En la celda, mi m\u00e1quina y yo llor\u00e1bamos l\u00e1grimas de tinta negra\u2019: Tito, el \u00faltimo tatuador de Lecumberri | La-Lista"},"content":{"rendered":"\n<p class=\"has-background has-medium-font-size\" style=\"background-color:#f8de49\">Roberto es reconocido en la comunidad de tatuadores por su peculiar &#8216;tinta canera&#8217; y su &#8216;m\u00e1quinas caneras&#8217;.<\/p>\n\n\n\n<figure class=\"wp-block-image size-large is-style-default\"><img fetchpriority=\"high\" decoding=\"async\" width=\"1024\" height=\"576\" src=\"https:\/\/losperiodistas.com.mx\/portal\/wp-content\/uploads\/2023\/07\/tito-el-colombiano-1024x576.webp\" alt=\"\" class=\"wp-image-54839\" srcset=\"https:\/\/losperiodistas.com.mx\/portal\/wp-content\/uploads\/2023\/07\/tito-el-colombiano-1024x576.webp 1024w, https:\/\/losperiodistas.com.mx\/portal\/wp-content\/uploads\/2023\/07\/tito-el-colombiano-300x169.webp 300w, https:\/\/losperiodistas.com.mx\/portal\/wp-content\/uploads\/2023\/07\/tito-el-colombiano-768x432.webp 768w, https:\/\/losperiodistas.com.mx\/portal\/wp-content\/uploads\/2023\/07\/tito-el-colombiano-1536x864.webp 1536w, https:\/\/losperiodistas.com.mx\/portal\/wp-content\/uploads\/2023\/07\/tito-el-colombiano.webp 1600w\" sizes=\"(max-width: 1024px) 100vw, 1024px\" \/><figcaption>Para &#8216;Tito el colombiano&#8217;, el tatuaje fue lo mejor que saco de su paso por prisi\u00f3n. Foto: La-Lista News.<\/figcaption><\/figure>\n\n\n\n<p class=\"has-vivid-red-color has-text-color has-medium-font-size\"><strong>CARLOS RODR\u00cdGUEZ \u00c1VILA \/ LA-LISTA<\/strong><\/p>\n\n\n\n<p>\u201cJam\u00e1s pens\u00e9 que el tatuaje tuviera un gran auge\u201d, asegura&nbsp;<strong>Roberto Candia Salazar<\/strong>, quien es mejor conocido como&nbsp;<strong>\u201cTito el colombiano\u201d<\/strong>.<\/p>\n\n\n\n<p>Con motivo del\u00a0<strong>D\u00eda Internacional del Tatuaje<\/strong>,\u00a0<em>La-Lista<\/em>\u00a0platic\u00f3 con el tambi\u00e9n llamado\u00a0<strong>\u201c\u00daltimo tatuador de Lecumberri\u201d<\/strong>, quien a sus 69 a\u00f1os de edad contin\u00faa con el oficio que practic\u00f3 entre las rejas.<\/p>\n\n\n\n<p class=\"has-cyan-bluish-gray-background-color has-background\">No te pierdas:<a href=\"https:\/\/la-lista.com\/the-guardian\/2023\/05\/12\/el-museo-rembrandt-planea-abrir-un-estudio-de-tatuajes\">El museo Rembrandt planea abrir un estudio de tatuajes<\/a><\/p>\n\n\n\n<p>Naci\u00f3 en el barri\u00f3 de&nbsp;<strong>El Poz\u00f3n<\/strong>, en&nbsp;<strong>Cartagena de Indias<\/strong>,&nbsp;<strong>Colombia<\/strong>, pero una precoz vida de&nbsp;<strong>drogas, violencia y armas<\/strong>&nbsp;lo hicieron salir de su pa\u00eds desde los&nbsp;<strong>12 a\u00f1os<\/strong>. Se fue a&nbsp;<strong>Estados Unidos<\/strong>&nbsp;(<strong>EU<\/strong>), donde comenz\u00f3 una relaci\u00f3n sentimental. El d\u00eda que vio a los&nbsp;<strong>Rolling Stones<\/strong>&nbsp;en&nbsp;<strong>Central Park<\/strong>,&nbsp;<strong>\u201cla migra\u201d<\/strong>&nbsp;lo deport\u00f3 a&nbsp;<strong>M\u00e9xico<\/strong>.<\/p>\n\n\n\n<figure class=\"wp-block-image is-style-default\"><img decoding=\"async\" src=\"https:\/\/i0.wp.com\/la-lista.com\/wp-content\/uploads\/2023\/07\/tito-el-colombiano-2.jpg?resize=800%2C532&amp;ssl=1\" alt=\"'En la celda, mi m\u00e1quina y yo llor\u00e1bamos l\u00e1grimas de tinta negra': Tito, el \u00faltimo tatuador de Lecumberri - tito-el-colombiano-2-1280x853\" class=\"wp-image-454210\"\/><figcaption>\u2018Tito\u2019 tat\u00faa en el norte de la Ciudad de M\u00e9xico. Foto: Carlos Rodr\u00edguez \u00c1vila\/La-Lista.<\/figcaption><\/figure>\n\n\n\n<p>La vida de \u201cTito\u201d dentro de la delincuencia organizada s\u00f3lo creci\u00f3 en nuestro pa\u00eds. Se convirti\u00f3 en una de las figuras m\u00e1s \u201cpesadas\u201d de la zona norte de la&nbsp;<strong>Ciudad de M\u00e9xico<\/strong>&nbsp;hasta que lo capturaron con&nbsp;<strong>cinco kilos de coca\u00edna<\/strong>. As\u00ed ingres\u00f3&nbsp;<strong>al Palacio de Lecumberri<\/strong>.<\/p>\n\n\n\n<p>\u201cMi primera impresi\u00f3n del\u00a0<strong>Palacio Negro<\/strong>\u00a0fue ca\u00f3tica. Ten\u00eda mucho miedo y apenas iba a cumplir los 18 a\u00f1os\u201d, relata. \u201cLa vida adentro de la c\u00e1rcel es muy dif\u00edcil, pero me convert\u00ed en\u00a0<strong>cabo de fajina<\/strong>\u00a0(limpieza) y eso me permit\u00eda moverme por todo\u00a0<strong>Lecumberri<\/strong>. Entonces escuch\u00e9 por ah\u00ed que alguien tatuaba y yo ten\u00eda el deseo de hacerme una\u00a0<strong>india sioux<\/strong>\u201c, recuerda\u00a0<strong>Tito el colombiano<\/strong>.<\/p>\n\n\n\n<figure class=\"wp-block-image size-large is-style-default\"><img decoding=\"async\" width=\"1024\" height=\"680\" src=\"https:\/\/losperiodistas.com.mx\/portal\/wp-content\/uploads\/2023\/07\/Captura-de-Pantalla-2023-07-17-a-las-5.30.44-1024x680.jpg\" alt=\"\" class=\"wp-image-54840\" srcset=\"https:\/\/losperiodistas.com.mx\/portal\/wp-content\/uploads\/2023\/07\/Captura-de-Pantalla-2023-07-17-a-las-5.30.44-1024x680.jpg 1024w, https:\/\/losperiodistas.com.mx\/portal\/wp-content\/uploads\/2023\/07\/Captura-de-Pantalla-2023-07-17-a-las-5.30.44-300x199.jpg 300w, https:\/\/losperiodistas.com.mx\/portal\/wp-content\/uploads\/2023\/07\/Captura-de-Pantalla-2023-07-17-a-las-5.30.44-768x510.jpg 768w, https:\/\/losperiodistas.com.mx\/portal\/wp-content\/uploads\/2023\/07\/Captura-de-Pantalla-2023-07-17-a-las-5.30.44.jpg 1084w\" sizes=\"(max-width: 1024px) 100vw, 1024px\" \/><figcaption><a href=\"https:\/\/www.instagram.com\/p\/CIHJlqZHICP\/?utm_source=ig_web_copy_link&amp;igshid=MzRlODBiNWFlZA==\">Ver en Instagram<\/a><\/figcaption><\/figure>\n\n\n\n<h2 class=\"wp-block-heading\" id=\"h-sus-inicios-en-el-tatuaje\">Sus inicios en el tatuaje<\/h2>\n\n\n\n<p>Gracias a la movilidad que le daba su puesto conoci\u00f3 a&nbsp;<strong>Miguel<\/strong>, quien entonces era el tatuador m\u00e1s famoso de la prisi\u00f3n. Le pidi\u00f3 que le hiciera su primer tatuaje, una india sioux en recuerdo de&nbsp;<strong>Rosario<\/strong>, la mujer con la que vivi\u00f3 en&nbsp;<strong>Dakota<\/strong>, EU, y con quien tuvo un hijo, pero no volvi\u00f3 a ver tras ser deportado. Ese trazo es el que abarca casi todo su abdomen y pecho.<\/p>\n\n\n\n<p>\u201cEse tatuaje me cost\u00f3&nbsp;<strong>15 pesos<\/strong>&nbsp;de los de antes. Entre la&nbsp;<strong>fajina&nbsp;<\/strong>y el&nbsp;<strong>rancho&nbsp;<\/strong>(repartici\u00f3n de comida) me ganaba&nbsp;<strong>50 centavos al d\u00eda<\/strong>, trabaj\u00e9 casi un mes para juntar. El d\u00eda que&nbsp;<strong>Miguel&nbsp;<\/strong>me lo hizo, vi como amarr\u00f3 una aguja en un palito, lo que ahora le llaman&nbsp;<strong>handpoke<\/strong>, y c\u00f3mo&nbsp;<strong>quem\u00f3 unas cosas para hacer la tinta<\/strong>, eso me sorprendi\u00f3\u201d, confiesa.<\/p>\n\n\n\n<figure class=\"wp-block-image is-style-default\"><img decoding=\"async\" src=\"https:\/\/i0.wp.com\/la-lista.com\/wp-content\/uploads\/2023\/07\/tito_el_colombiano_dia_tatuaje_tatuador_lecumberri_1.jpg?resize=800%2C493&amp;ssl=1\" alt=\"'En la celda, mi m\u00e1quina y yo llor\u00e1bamos l\u00e1grimas de tinta negra': Tito, el \u00faltimo tatuador de Lecumberri - tito_el_colombiano_dia_tatuaje_tatuador_lecumberri_1\" class=\"wp-image-454312\"\/><figcaption>Foto: Carlos Rodr\u00edguez \u00c1vila \/ La-Lista<\/figcaption><\/figure>\n\n\n\n<p>Despu\u00e9s de un tiempo,&nbsp;<strong>Tito no volvi\u00f3 a saber de Miguel<\/strong>, quien le llevaba m\u00e1s de 20 a\u00f1os. Nunca supo si&nbsp;<strong>muri\u00f3&nbsp;<\/strong>o lo&nbsp;<strong>liberaron<\/strong>, pero tiene claro que fue un \u201c<strong>\u00e1ngel o un diablo que me hered\u00f3 el tatuaje<\/strong>, lo mejor que saqu\u00e9 de la c\u00e1rcel\u201d.PUBLICIDAD<\/p>\n\n\n\n<p>\u201cEl se\u00f1or Miguel merece todo mi respeto y mi honor. Nos volveremos a encontrar, pero&nbsp;<strong>ser\u00e1 en otro plano<\/strong>. Cuando eso pase s\u00f3lo me le quedar\u00e9 viendo, le dir\u00e9&nbsp;<strong>\u2018much\u00edsimas gracias por todo, Miguel, maestro\u2019<\/strong>, y le dar\u00e9 la mano\u201d, sentencia.No te pierdas:<a href=\"https:\/\/la-lista.com\/entretenimiento\/2023\/07\/14\/la-narcosatanica-la-mujer-que-fue-condenada-a-600-anos-de-carcel-llega-a-hbo\"><em>La Narcosat\u00e1nica<\/em>, la mujer que fue condenada a 600 a\u00f1os de c\u00e1rcel, llega a HBO<\/a><\/p>\n\n\n\n<figure class=\"wp-block-image is-style-default\"><img decoding=\"async\" src=\"https:\/\/i0.wp.com\/la-lista.com\/wp-content\/uploads\/2023\/07\/tito_el_colombiano_dia_tatuaje_tatuador_lecumberri_.jpg?resize=800%2C534&amp;ssl=1\" alt=\"'En la celda, mi m\u00e1quina y yo llor\u00e1bamos l\u00e1grimas de tinta negra': Tito, el \u00faltimo tatuador de Lecumberri - tito_el_colombiano_dia_tatuaje_tatuador_lecumberri_\" class=\"wp-image-454311\"\/><figcaption>Foto: Carlos Rodr\u00edguez \u00c1vila \/ La-Lista<\/figcaption><\/figure>\n\n\n\n<h2 class=\"wp-block-heading\" id=\"h-tinta-y-maquina-caneras\">Tinta y m\u00e1quina caneras<\/h2>\n\n\n\n<p><strong>\u201cCana\u201d<\/strong>&nbsp;es una manera coloquial de referirse a la prisi\u00f3n, lo que da origen al adjetivo \u201ccanero\u201d.&nbsp;<strong>\u201cTito el colombiano\u201d<\/strong>&nbsp;se caracteriza por utilizar&nbsp;<strong>tintas y m\u00e1quinas caneras<\/strong>. Y si bien las primeras son tradicionales de las c\u00e1rceles, las segundas<strong>&nbsp;son de su autor\u00eda<\/strong>.<\/p>\n\n\n\n<p>\u201cPara la tinta&nbsp;<strong>se queman peines o rastrillos<\/strong>, lo que sea de pl\u00e1stico. Todo el holl\u00edn que sale de ah\u00ed se&nbsp;<strong>recolecta<\/strong>, se le aplican unas&nbsp;<strong>gotitas de agua, pasta de dientes, shampoo<\/strong>&nbsp;y listo para tatuar\u201d, explica.<\/p>\n\n\n\n<p>Coment\u00f3 que dentro del Palacio de Lecumberri todo era\u00a0<strong>handpoke<\/strong>, es decir amarrar una aguja con hilo en un palito. Una vez que lleg\u00f3 al\u00a0<strong>Reclusorio Norte<\/strong>, intercambio su chamarra con el custodio de la caseta a cambio de grabadora, seg\u00fan para escuchar m\u00fasica. \u201cCuando me la trajo, la desarm\u00e9 y le quit\u00e9 de una el motor\u201d, dice.<\/p>\n\n\n\n<figure class=\"wp-block-image size-large is-style-default\"><img decoding=\"async\" width=\"1024\" height=\"876\" src=\"https:\/\/losperiodistas.com.mx\/portal\/wp-content\/uploads\/2023\/07\/Captura-de-Pantalla-2023-07-17-a-las-5.32.05-1024x876.jpg\" alt=\"\" class=\"wp-image-54841\" srcset=\"https:\/\/losperiodistas.com.mx\/portal\/wp-content\/uploads\/2023\/07\/Captura-de-Pantalla-2023-07-17-a-las-5.32.05-1024x876.jpg 1024w, https:\/\/losperiodistas.com.mx\/portal\/wp-content\/uploads\/2023\/07\/Captura-de-Pantalla-2023-07-17-a-las-5.32.05-300x257.jpg 300w, https:\/\/losperiodistas.com.mx\/portal\/wp-content\/uploads\/2023\/07\/Captura-de-Pantalla-2023-07-17-a-las-5.32.05-768x657.jpg 768w, https:\/\/losperiodistas.com.mx\/portal\/wp-content\/uploads\/2023\/07\/Captura-de-Pantalla-2023-07-17-a-las-5.32.05.jpg 1076w\" sizes=\"(max-width: 1024px) 100vw, 1024px\" \/><figcaption><a href=\"https:\/\/www.instagram.com\/reel\/CtIokO_tu2q\/?utm_source=ig_web_copy_link&amp;igshid=MzRlODBiNWFlZA==\">Ver en Instagram<\/a><\/figcaption><\/figure>\n\n\n\n<p>\u201cYa con la pieza me rob\u00e9&nbsp;<strong>una cuchara de metal<\/strong>, la aplan\u00e9 y le hice un \u00e1ngulo, amarr\u00e9 el&nbsp;<strong>motorcito&nbsp;<\/strong>a la cuchara. Luego cort\u00e9 una&nbsp;<strong>pluma&nbsp;<\/strong>y ya ten\u00eda casi todo, pero me faltaba la aguja. Le compr\u00e9 a un camarada que tocaba la guitarra unos&nbsp;<strong>pedazos de cuerda<\/strong>, ah\u00ed sali\u00f3 la primera aguja y la primera m\u00e1quina canadiense (forma de modificar&nbsp;<strong>\u201ccanero\u201d<\/strong>, para que<strong>&nbsp;\u201cno suene tan feo\u201d<\/strong>)\u201d, evoca respecto de sus m\u00e9todos rudimentarios para la preparaci\u00f3n de su nuevo oficio.<\/p>\n\n\n\n<p>Para la continuaci\u00f3n de su invento, entr\u00f3 a la biblioteca de la c\u00e1rcel para estudiar electricidad. All\u00ed vio que un vaso con agua y sal le bastar\u00eda para continuar con su idea, por lo que cuando le dieron sal de nitro para prevenir erecciones, la us\u00f3 para empezar a trabajar.<\/p>\n\n\n\n<p><strong>Su primera m\u00e1quina le dur\u00f3 15 a\u00f1os<\/strong>, un tiempo que le dej\u00f3 varios recuerdos, siendo el imborrable para \u00e9l que&nbsp;<strong>\u201ccuando est\u00e1bamos en la celda, mi m\u00e1quina y yo llor\u00e1bamos l\u00e1grimas de tinta negra\u201d<\/strong>.<\/p>\n\n\n\n<figure class=\"wp-block-image is-style-default\"><img decoding=\"async\" src=\"https:\/\/i0.wp.com\/la-lista.com\/wp-content\/uploads\/2023\/07\/tito-el-colombiano-3.jpg?resize=800%2C533&amp;ssl=1\" alt=\"'En la celda, mi m\u00e1quina y yo llor\u00e1bamos l\u00e1grimas de tinta negra': Tito, el \u00faltimo tatuador de Lecumberri - tito-el-colombiano-3-1280x853\" class=\"wp-image-454211\"\/><figcaption>Las m\u00e1quinas caneras tambi\u00e9n se pueden hacer con encendedores. Foto: Carlos Rodr\u00edguez \u00c1vila\/La-Lista.<\/figcaption><\/figure>\n\n\n\n<h2 class=\"wp-block-heading\" id=\"h-echa-pa-lante-y-la-reinsercion-social\">\u201cEcha pa\u2019lante\u201d y la reinserci\u00f3n social<\/h2>\n\n\n\n<p>La infancia de&nbsp;<strong>\u201cTito el colombiano\u201d<\/strong>&nbsp;estuvo marcada por la ausencia de sus padres, pero tambi\u00e9n porque a su temprana edad le lleg\u00f3 un consejo de su abuelo que se convirti\u00f3 en su filosof\u00eda de vida.<\/p>\n\n\n\n<p>\u201c<strong>No tuve madre ni padre<\/strong>. Mi abuelo, que era campesino, fue qui\u00e9n se hizo cargo de m\u00ed. Un d\u00eda me dijo: \u2018Mire mijo, aunque su situaci\u00f3n sea muy dif\u00edcil y venga lo que venga, usted&nbsp;<strong>eche pa\u2019lante canall\u00f3n<\/strong>. Y esa frase se me qued\u00f3 grabada el resto de mi vida\u201d, relata.<\/p>\n\n\n\n<p>\u201cSer\u00eda un mentiroso si te dijera que toda la vida gan\u00e9, que siempre rif\u00e9 y siempre me la pelaron, pero no ha sido as\u00ed. Estuve en situaciones bien dif\u00edciles, he estado preso y he batallado.&nbsp;<strong>He perdido much\u00edsimo<\/strong>, pero siempre esas palabras del viejo siempre me han acompa\u00f1ado.&nbsp;<strong>Siempre echo pa\u2019lante<\/strong>\u201c, nos dice&nbsp;<strong>\u201cEl \u00faltimo tatuador de Lecumberri<\/strong>\u201c.<\/p>\n\n\n\n<figure class=\"wp-block-image is-style-default\"><img decoding=\"async\" src=\"https:\/\/i0.wp.com\/la-lista.com\/wp-content\/uploads\/2023\/07\/tito_el_colombiano_dia_tatuaje_tatuador_lecumberri_3.jpg?resize=800%2C493&amp;ssl=1\" alt=\"'En la celda, mi m\u00e1quina y yo llor\u00e1bamos l\u00e1grimas de tinta negra': Tito, el \u00faltimo tatuador de Lecumberri - tito_el_colombiano_dia_tatuaje_tatuador_lecumberri_3\" class=\"wp-image-454314\"\/><figcaption>Foto: Carlos Rodr\u00edguez \u00c1vila \/ La-Lista<\/figcaption><\/figure>\n\n\n\n<p>\u201cTito El Colombiano\u201d insiste en que las personas deben aprender a ganar y perder, pues no siempre se puede lograr lo que se quiere y a pesar de esa situaci\u00f3n, hay que seguir adelante.<\/p>\n\n\n\n<p>Como un exreo, el tatuador considera que el \u201cel sistema penitenciario&nbsp;<strong>en M\u00e9xico y en todas partes del mundo est\u00e1 de la chingada<\/strong>\u201d y que la reinserci\u00f3n social es muy dif\u00edcil para quienes salen de las c\u00e1rceles, pero que es algo posible a pesar de los ataques y discriminaci\u00f3n al salir.<\/p>\n\n\n\n<p>Para agendar una cita con\u00a0<strong>\u2018Tito el colombiano\u2019<\/strong>, puedes contactarlo directamente en su\u00a0<a href=\"https:\/\/www.facebook.com\/profile.php?id=100014084520887\" target=\"_blank\" rel=\"noreferrer noopener\">Facebook<\/a>\u00a0o su\u00a0<a href=\"https:\/\/www.instagram.com\/elultimotatuadordelecumberri\/\" target=\"_blank\" rel=\"noreferrer noopener\">Instagram<\/a>.<\/p>\n\n\n\n<p>Fuente: <a href=\"https:\/\/la-lista.com\/entrevista\/2023\/07\/17\/tito-el-colombiano-el-ultimo-tatuador-de-lecumberri-nos-cuenta-el-origen-de-las-maquinas-caneras\">https:\/\/la-lista.com\/entrevista\/2023\/07\/17\/tito-el-colombiano-el-ultimo-tatuador-de-lecumberri-nos-cuenta-el-origen-de-las-maquinas-caneras<\/a><\/p>\n","protected":false},"excerpt":{"rendered":"<p>Roberto es reconocido en la comunidad de tatuadores por su peculiar &#8216;tinta canera&#8217; y su &#8216;m\u00e1quinas caneras&#8217;. CARLOS RODR\u00cdGUEZ \u00c1VILA [&hellip;]<\/p>\n","protected":false},"author":1,"featured_media":54839,"comment_status":"open","ping_status":"open","sticky":false,"template":"","format":"standard","meta":{"site-sidebar-layout":"default","site-content-layout":"","ast-site-content-layout":"default","site-content-style":"default","site-sidebar-style":"default","ast-global-header-display":"","ast-banner-title-visibility":"","ast-main-header-display":"","ast-hfb-above-header-display":"","ast-hfb-below-header-display":"","ast-hfb-mobile-header-display":"","site-post-title":"","ast-breadcrumbs-content":"","ast-featured-img":"","footer-sml-layout":"","theme-transparent-header-meta":"","adv-header-id-meta":"","stick-header-meta":"","header-above-stick-meta":"","header-main-stick-meta":"","header-below-stick-meta":"","astra-migrate-meta-layouts":"default","ast-page-background-enabled":"default","ast-page-background-meta":{"desktop":{"background-color":"var(--ast-global-color-4)","background-image":"","background-repeat":"repeat","background-position":"center center","background-size":"auto","background-attachment":"scroll","background-type":"","background-media":"","overlay-type":"","overlay-color":"","overlay-opacity":"","overlay-gradient":""},"tablet":{"background-color":"","background-image":"","background-repeat":"repeat","background-position":"center center","background-size":"auto","background-attachment":"scroll","background-type":"","background-media":"","overlay-type":"","overlay-color":"","overlay-opacity":"","overlay-gradient":""},"mobile":{"background-color":"","background-image":"","background-repeat":"repeat","background-position":"center center","background-size":"auto","background-attachment":"scroll","background-type":"","background-media":"","overlay-type":"","overlay-color":"","overlay-opacity":"","overlay-gradient":""}},"ast-content-background-meta":{"desktop":{"background-color":"var(--ast-global-color-5)","background-image":"","background-repeat":"repeat","background-position":"center center","background-size":"auto","background-attachment":"scroll","background-type":"","background-media":"","overlay-type":"","overlay-color":"","overlay-opacity":"","overlay-gradient":""},"tablet":{"background-color":"var(--ast-global-color-5)","background-image":"","background-repeat":"repeat","background-position":"center center","background-size":"auto","background-attachment":"scroll","background-type":"","background-media":"","overlay-type":"","overlay-color":"","overlay-opacity":"","overlay-gradient":""},"mobile":{"background-color":"var(--ast-global-color-5)","background-image":"","background-repeat":"repeat","background-position":"center center","background-size":"auto","background-attachment":"scroll","background-type":"","background-media":"","overlay-type":"","overlay-color":"","overlay-opacity":"","overlay-gradient":""}},"footnotes":""},"categories":[8],"tags":[17422,17424,207,17423],"class_list":["post-54838","post","type-post","status-publish","format-standard","has-post-thumbnail","hentry","category-noticias","tag-lecumberri","tag-roberto-candia-salazar","tag-tatuajes","tag-tito-el-colombiano"],"_links":{"self":[{"href":"https:\/\/losperiodistas.com.mx\/portal\/wp-json\/wp\/v2\/posts\/54838","targetHints":{"allow":["GET"]}}],"collection":[{"href":"https:\/\/losperiodistas.com.mx\/portal\/wp-json\/wp\/v2\/posts"}],"about":[{"href":"https:\/\/losperiodistas.com.mx\/portal\/wp-json\/wp\/v2\/types\/post"}],"author":[{"embeddable":true,"href":"https:\/\/losperiodistas.com.mx\/portal\/wp-json\/wp\/v2\/users\/1"}],"replies":[{"embeddable":true,"href":"https:\/\/losperiodistas.com.mx\/portal\/wp-json\/wp\/v2\/comments?post=54838"}],"version-history":[{"count":1,"href":"https:\/\/losperiodistas.com.mx\/portal\/wp-json\/wp\/v2\/posts\/54838\/revisions"}],"predecessor-version":[{"id":54842,"href":"https:\/\/losperiodistas.com.mx\/portal\/wp-json\/wp\/v2\/posts\/54838\/revisions\/54842"}],"wp:featuredmedia":[{"embeddable":true,"href":"https:\/\/losperiodistas.com.mx\/portal\/wp-json\/wp\/v2\/media\/54839"}],"wp:attachment":[{"href":"https:\/\/losperiodistas.com.mx\/portal\/wp-json\/wp\/v2\/media?parent=54838"}],"wp:term":[{"taxonomy":"category","embeddable":true,"href":"https:\/\/losperiodistas.com.mx\/portal\/wp-json\/wp\/v2\/categories?post=54838"},{"taxonomy":"post_tag","embeddable":true,"href":"https:\/\/losperiodistas.com.mx\/portal\/wp-json\/wp\/v2\/tags?post=54838"}],"curies":[{"name":"wp","href":"https:\/\/api.w.org\/{rel}","templated":true}]}}