{"id":54817,"date":"2023-07-16T20:21:32","date_gmt":"2023-07-17T01:21:32","guid":{"rendered":"http:\/\/losperiodistas.com.mx\/portal\/?p=54817"},"modified":"2023-07-16T20:21:34","modified_gmt":"2023-07-17T01:21:34","slug":"nada-de-barbie-surge-super-xochitl-simpatizantes-presumen-figura-de-accion-de-la-senadora-infobae","status":"publish","type":"post","link":"https:\/\/losperiodistas.com.mx\/portal\/nada-de-barbie-surge-super-xochitl-simpatizantes-presumen-figura-de-accion-de-la-senadora-infobae\/","title":{"rendered":"Nada de Barbie, surge \u201cS\u00faper X\u00f3chitl\u201d: simpatizantes presumen figura de acci\u00f3n de la senadora | Infobae"},"content":{"rendered":"\n<h2 class=\"has-light-green-cyan-background-color has-background has-medium-font-size wp-block-heading\">A la par, desde una asociaci\u00f3n civil se convoc\u00f3 a una marcha en favor de la panista; acusan que ha sido blanco de ataques desde el gobierno federal<\/h2>\n\n\n\n<figure class=\"wp-block-image size-large is-style-default\"><img fetchpriority=\"high\" decoding=\"async\" width=\"1024\" height=\"575\" src=\"https:\/\/losperiodistas.com.mx\/portal\/wp-content\/uploads\/2023\/07\/Captura-de-Pantalla-2023-07-16-a-las-19.15.31-1024x575.jpg\" alt=\"\" class=\"wp-image-54818\" srcset=\"https:\/\/losperiodistas.com.mx\/portal\/wp-content\/uploads\/2023\/07\/Captura-de-Pantalla-2023-07-16-a-las-19.15.31-1024x575.jpg 1024w, https:\/\/losperiodistas.com.mx\/portal\/wp-content\/uploads\/2023\/07\/Captura-de-Pantalla-2023-07-16-a-las-19.15.31-300x169.jpg 300w, https:\/\/losperiodistas.com.mx\/portal\/wp-content\/uploads\/2023\/07\/Captura-de-Pantalla-2023-07-16-a-las-19.15.31-768x432.jpg 768w, https:\/\/losperiodistas.com.mx\/portal\/wp-content\/uploads\/2023\/07\/Captura-de-Pantalla-2023-07-16-a-las-19.15.31-1536x863.jpg 1536w, https:\/\/losperiodistas.com.mx\/portal\/wp-content\/uploads\/2023\/07\/Captura-de-Pantalla-2023-07-16-a-las-19.15.31.jpg 1712w\" sizes=\"(max-width: 1024px) 100vw, 1024px\" \/><figcaption>(Foto: X\u00f3chitl G\u00e1lvez\/ Twitter)<\/figcaption><\/figure>\n\n\n\n<p class=\"has-vivid-red-color has-text-color has-medium-font-size\"><strong>LIZETH MORALES \/ INFOBAE<\/strong><\/p>\n\n\n\n<p>En redes sociales circula la imagen de una figura de acci\u00f3n protagonizada por la senadora,<strong>&nbsp;X\u00f3chitl G\u00e1lvez<\/strong>, quien actualmente se ha perfilado como la precandidata favorita de la colaci\u00f3n<em><strong>&nbsp;Va por M\u00e9xico<\/strong><\/em>&nbsp;\u2014conformada por los partidos Acci\u00f3n Nacional (<strong>PAN<\/strong>), Revolucionario Institucional (<strong>PRI<\/strong>)y de la Revoluci\u00f3n Democr\u00e1tica (<strong>PRD<\/strong>)\u2014 en las elecciones presidenciales de 2024.<\/p>\n\n\n\n<div class=\"wp-block-image is-style-default\"><figure class=\"alignleft is-resized\"><img decoding=\"async\" src=\"https:\/\/www.infobae.com\/new-resizer\/ygXacmjGNoPebQXRTN-iQ6DlAc0=\/filters:format(webp):quality(85)\/cloudfront-us-east-1.images.arcpublishing.com\/infobae\/6ULN3CCPCFGN5NMUIPKLPMWDZI.jpg\" alt=\"Foto:\nCuartoscuro\" width=\"-475\" height=\"-267\"\/><\/figure><\/div>\n\n\n\n<p>Te puede interesar:<strong><a href=\"https:\/\/www.infobae.com\/mexico\/2023\/07\/16\/nada-de-barbie-surge-super-xochitl-simpatizantes-presumen-figura-de-accion-de-la-senadora\/#:~:text=Te%20puede%20interesar,y%20qui%C3%A9nes%20no)\">Qu\u00e9 aspirantes del bloque opositor defendieron a X\u00f3chitl G\u00e1lvez tras publicaci\u00f3n de AMLO (y qui\u00e9nes no)<\/a><\/strong><\/p>\n\n\n\n<p><\/p>\n\n\n\n<p><\/p>\n\n\n\n<p>La pieza consiste en una especie de figura de colecci\u00f3n, en ella se puede ver a G\u00e1lvez vestida con un traje de combate, capa roja y portando un arma; a su lado se encuentra el empaque, en el que se lee: \u201c\u00a1F\u00edrmale! X\u00f3chitl G\u00e1lvez\u201d y \u201cModo guerrera\u201d.<\/p>\n\n\n\n<p>Como parte de la descripci\u00f3n del contenido tambi\u00e9n se se\u00f1ala \u201cNo incluye 150 mil firmas. Esas las ponemos los mexicanos\u201d.<\/p>\n\n\n\n<p>Las leyendas de la caja hacen referencia al proceso emprendido por los partidos de oposici\u00f3n ( mismo que inici\u00f3 el 13 de julio y tendr\u00e1 como fecha l\u00edmite el 8 de agosto) para elegir a quien los representar\u00e1 en la boleta electoral de las pr\u00f3ximas elecciones presidenciales.<\/p>\n\n\n\n<p><img decoding=\"async\" height=\"526\" width=\"325\" srcset=\"https:\/\/www.infobae.com\/new-resizer\/4Iz0ubHdDZHdrLk78Hd3SSbQ6SU=\/420x630\/filters:format(webp):quality(85)\/cloudfront-us-east-1.images.arcpublishing.com\/infobae\/VZ6OWFFUPNBDZJSZIBIDAPUDXQ.png 420w,https:\/\/www.infobae.com\/new-resizer\/ffQo0G3svFyiOPb8nGzLQASd_ug=\/768x1152\/filters:format(webp):quality(85)\/cloudfront-us-east-1.images.arcpublishing.com\/infobae\/VZ6OWFFUPNBDZJSZIBIDAPUDXQ.png 768w,https:\/\/www.infobae.com\/new-resizer\/t35sGbjuefq_hawhBqNyCzvGYZ8=\/992x1488\/filters:format(webp):quality(85)\/cloudfront-us-east-1.images.arcpublishing.com\/infobae\/VZ6OWFFUPNBDZJSZIBIDAPUDXQ.png 992w,https:\/\/www.infobae.com\/new-resizer\/7H4bdu-BddsUwqIyNepoAbYFZgk=\/1200x1800\/filters:format(webp):quality(85)\/cloudfront-us-east-1.images.arcpublishing.com\/infobae\/VZ6OWFFUPNBDZJSZIBIDAPUDXQ.png 1200w\" class=\"\" src=\"https:\/\/www.infobae.com\/new-resizer\/m6o-DZxKyTdpGwOeMomHW9ab74E=\/filters:format(webp):quality(85)\/cloudfront-us-east-1.images.arcpublishing.com\/infobae\/VZ6OWFFUPNBDZJSZIBIDAPUDXQ.png\" alt=\"(Foto: Captura de pantalla\/Twitter)\">(Foto: Captura de pantalla\/Twitter)<\/p>\n\n\n\n<p>De acuerdo con los pasos a seguir del\u00a0<strong>Frente Amplio por M\u00e9xico<\/strong>, la legisladora panista tendr\u00e1 que juntar al menos 150 mil firmas para poder avanzar a la segunda fase del proceso de selecci\u00f3n.<\/p>\n\n\n\n<p class=\"has-cyan-bluish-gray-background-color has-background\"><a href=\"https:\/\/www.infobae.com\/mexico\/2023\/07\/15\/imaginate-a-un-presidente-descalificar-a-la-mala-a-sus-adversarios-xochitl-galvez-revivio-video-de-amlo\/\" target=\"_blank\" rel=\"noreferrer noopener\">Te puede interesar:<strong>\u201cImag\u00ednate a un presidente descalificar a la mala a sus adversarios\u201d: X\u00f3chitl G\u00e1lvez revivi\u00f3 video de AMLO<\/strong><\/a><\/p>\n\n\n\n<p>En este sentido, simpatizantes de X\u00f3chitl G\u00e1lvez han emprendido medidas para incentivar la votaci\u00f3n, entre ellas la supuesta figura de colecci\u00f3n que fue compartida en las cuentas de&nbsp;<em>Twitter&nbsp;<\/em>e&nbsp;<em>Instagram&nbsp;<\/em>de<em>&nbsp;Xochilove.rs<\/em>.<\/p>\n\n\n\n<p>A trav\u00e9s de esta cuenta tambi\u00e9n se han compartido videos creados con Inteligencia Artificial (<strong>IA<\/strong>) en los que se respalda a la aspirante a la candidatura presidencial.<\/p>\n\n\n\n<p>Cabe se\u00f1alar que \u00e9stas no son las \u00fanicas manifestaciones de apoyo que se ha emitido en favor de la legisladora. Desde el 14 de febrero la asociaci\u00f3n civil Ley y Democracia convoc\u00f3 a una marcha para apoyar a la funcionaria y respaldarla en contra de los supuestos ataques emitidos por el presidente de la Rep\u00fablica, Andr\u00e9s Manuel L\u00f3pez Obrador (<strong>AMLO<\/strong>).<\/p>\n\n\n\n<p>De acuerdo con la informaci\u00f3n emitida, los manifestantes se dar\u00e1n cita en el \u00c1ngel de la Independencia a las 11:00 horas del pr\u00f3ximo 23 de julio. De ah\u00ed marchar\u00e1n rumbo al Z\u00f3calo capitalino.<img decoding=\"async\" alt=\"X\u00f3chitl G\u00e1lvez Ruiz. Foto: @XochitlGalvez\" height=\"1080\" width=\"1920\" class=\"\" src=\"https:\/\/www.infobae.com\/new-resizer\/H-GdpIXMy-50Ng25WCPBbFgt63w=\/filters:format(webp):quality(85)\/cloudfront-us-east-1.images.arcpublishing.com\/infobae\/YQEZY7QPVRH4HC6HGAOM7WRRB4.jpg\" srcset=\"https:\/\/www.infobae.com\/new-resizer\/du3XxU5rGiR7JkaGhOkDRYVotKc=\/420x236\/filters:format(webp):quality(85)\/cloudfront-us-east-1.images.arcpublishing.com\/infobae\/YQEZY7QPVRH4HC6HGAOM7WRRB4.jpg 420w,https:\/\/www.infobae.com\/new-resizer\/CpM0j8KEut9SvPw-77aGmTy7Bn8=\/768x432\/filters:format(webp):quality(85)\/cloudfront-us-east-1.images.arcpublishing.com\/infobae\/YQEZY7QPVRH4HC6HGAOM7WRRB4.jpg 768w,https:\/\/www.infobae.com\/new-resizer\/TKU1zxZ_A83JwFFosAG3dcluxd0=\/992x558\/filters:format(webp):quality(85)\/cloudfront-us-east-1.images.arcpublishing.com\/infobae\/YQEZY7QPVRH4HC6HGAOM7WRRB4.jpg 992w,https:\/\/www.infobae.com\/new-resizer\/KsAXCPzcps2qwRGV2rQ7NLDAPck=\/1200x675\/filters:format(webp):quality(85)\/cloudfront-us-east-1.images.arcpublishing.com\/infobae\/YQEZY7QPVRH4HC6HGAOM7WRRB4.jpg 1200w,https:\/\/www.infobae.com\/new-resizer\/_D01denbB_IO7WhRtC3RabnobdI=\/1440x810\/filters:format(webp):quality(85)\/cloudfront-us-east-1.images.arcpublishing.com\/infobae\/YQEZY7QPVRH4HC6HGAOM7WRRB4.jpg 1440w\">X\u00f3chitl G\u00e1lvez Ruiz. Foto: @XochitlGalvez<\/p>\n\n\n\n<h2 class=\"wp-block-heading\">Los presuntos contratos de G\u00e1lvez<\/h2>\n\n\n\n<p>Apenas el 14 de julio, el Jefe del Ejecutivo hizo p\u00fablico un informe en el que exhibi\u00f3 los ingresos y gastos de las empresas de la senadora y en los que supuestamente se habr\u00eda adjudicado mil 400 millones de pesos en los \u00faltimos nueve a\u00f1os.<a href=\"https:\/\/www.infobae.com\/mexico\/2023\/07\/13\/fox-exploto-contra-amlo-por-investigacion-a-xochitl-galvez-ella-no-tiene-cola-que-le-pisen\/\" rel=\"noreferrer noopener\" target=\"_blank\">Te puede interesar:<strong>Fox explot\u00f3 contra AMLO por investigaci\u00f3n a X\u00f3chitl G\u00e1lvez: \u201c\u00a1Ella no tiene cola que le pisen!\u201d<\/strong><\/a><\/p>\n\n\n\n<p>A trav\u00e9s de sus redes sociales, el mandatario public\u00f3 un compendio de nueve p\u00e1ginas, que seg\u00fan explic\u00f3, ser\u00eda enviada al ex presidente de la asociaci\u00f3n civil Mexicanos Contra la Corrupci\u00f3n y la Impunidad (<strong>MCCI<\/strong>),<strong>&nbsp;Claudio X. Gonz\u00e1lez<\/strong>, quien adem\u00e1s es un f\u00e9rreo opositor a la actual administraci\u00f3n federal.<\/p>\n\n\n\n<p>\u201cEsta es la informaci\u00f3n que recib\u00ed sobre&nbsp;<strong>contratos de X\u00f3chitl G\u00e1lvez<\/strong>&nbsp;(\u2026) y que estoy enviando al se\u00f1or Claudio X. Gonz\u00e1lez para su an\u00e1lisis y verificaci\u00f3n. Adem\u00e1s, \u00e9l puede ampliar la informaci\u00f3n, con sus investigadores, y hacer la denuncia legal correspondiente\u201d, indic\u00f3 el mandatario mediante redes sociales.<\/p>\n\n\n\n<p>Cabe se\u00f1alar que adem\u00e1s de ello, desde este medio se realiz\u00f3 una revisi\u00f3n de la declaraci\u00f3n patrimonial de la legisladora, misma que entreg\u00f3 al Contralor Interno del Senado de la Rep\u00fablica,\u00a0<a href=\"https:\/\/www.infobae.com\/mexico\/2023\/07\/14\/empresas-de-xochitl-galvez-no-aparecen-en-su-declaracion-patrimonial\/\" target=\"_blank\" rel=\"noreferrer noopener\"><strong>en ella se encontr\u00f3 que no aparecen sus empresas<\/strong><\/a>.<\/p>\n\n\n\n<p>Fuente: <a href=\"https:\/\/www.infobae.com\/mexico\/2023\/07\/16\/nada-de-barbie-surge-super-xochitl-simpatizantes-presumen-figura-de-accion-de-la-senadora\/\">https:\/\/www.infobae.com\/mexico\/2023\/07\/16\/nada-de-barbie-surge-super-xochitl-simpatizantes-presumen-figura-de-accion-de-la-senadora\/<\/a><\/p>\n","protected":false},"excerpt":{"rendered":"<p>A la par, desde una asociaci\u00f3n civil se convoc\u00f3 a una marcha en favor de la panista; acusan que ha [&hellip;]<\/p>\n","protected":false},"author":1,"featured_media":54818,"comment_status":"open","ping_status":"open","sticky":false,"template":"","format":"standard","meta":{"site-sidebar-layout":"default","site-content-layout":"","ast-site-content-layout":"default","site-content-style":"default","site-sidebar-style":"default","ast-global-header-display":"","ast-banner-title-visibility":"","ast-main-header-display":"","ast-hfb-above-header-display":"","ast-hfb-below-header-display":"","ast-hfb-mobile-header-display":"","site-post-title":"","ast-breadcrumbs-content":"","ast-featured-img":"","footer-sml-layout":"","theme-transparent-header-meta":"","adv-header-id-meta":"","stick-header-meta":"","header-above-stick-meta":"","header-main-stick-meta":"","header-below-stick-meta":"","astra-migrate-meta-layouts":"default","ast-page-background-enabled":"default","ast-page-background-meta":{"desktop":{"background-color":"var(--ast-global-color-4)","background-image":"","background-repeat":"repeat","background-position":"center center","background-size":"auto","background-attachment":"scroll","background-type":"","background-media":"","overlay-type":"","overlay-color":"","overlay-opacity":"","overlay-gradient":""},"tablet":{"background-color":"","background-image":"","background-repeat":"repeat","background-position":"center center","background-size":"auto","background-attachment":"scroll","background-type":"","background-media":"","overlay-type":"","overlay-color":"","overlay-opacity":"","overlay-gradient":""},"mobile":{"background-color":"","background-image":"","background-repeat":"repeat","background-position":"center center","background-size":"auto","background-attachment":"scroll","background-type":"","background-media":"","overlay-type":"","overlay-color":"","overlay-opacity":"","overlay-gradient":""}},"ast-content-background-meta":{"desktop":{"background-color":"var(--ast-global-color-5)","background-image":"","background-repeat":"repeat","background-position":"center center","background-size":"auto","background-attachment":"scroll","background-type":"","background-media":"","overlay-type":"","overlay-color":"","overlay-opacity":"","overlay-gradient":""},"tablet":{"background-color":"var(--ast-global-color-5)","background-image":"","background-repeat":"repeat","background-position":"center center","background-size":"auto","background-attachment":"scroll","background-type":"","background-media":"","overlay-type":"","overlay-color":"","overlay-opacity":"","overlay-gradient":""},"mobile":{"background-color":"var(--ast-global-color-5)","background-image":"","background-repeat":"repeat","background-position":"center center","background-size":"auto","background-attachment":"scroll","background-type":"","background-media":"","overlay-type":"","overlay-color":"","overlay-opacity":"","overlay-gradient":""}},"footnotes":""},"categories":[8],"tags":[11758,17418],"class_list":["post-54817","post","type-post","status-publish","format-standard","has-post-thumbnail","hentry","category-noticias","tag-mexico-elecciones-2024","tag-super-xochitl"],"_links":{"self":[{"href":"https:\/\/losperiodistas.com.mx\/portal\/wp-json\/wp\/v2\/posts\/54817","targetHints":{"allow":["GET"]}}],"collection":[{"href":"https:\/\/losperiodistas.com.mx\/portal\/wp-json\/wp\/v2\/posts"}],"about":[{"href":"https:\/\/losperiodistas.com.mx\/portal\/wp-json\/wp\/v2\/types\/post"}],"author":[{"embeddable":true,"href":"https:\/\/losperiodistas.com.mx\/portal\/wp-json\/wp\/v2\/users\/1"}],"replies":[{"embeddable":true,"href":"https:\/\/losperiodistas.com.mx\/portal\/wp-json\/wp\/v2\/comments?post=54817"}],"version-history":[{"count":1,"href":"https:\/\/losperiodistas.com.mx\/portal\/wp-json\/wp\/v2\/posts\/54817\/revisions"}],"predecessor-version":[{"id":54819,"href":"https:\/\/losperiodistas.com.mx\/portal\/wp-json\/wp\/v2\/posts\/54817\/revisions\/54819"}],"wp:featuredmedia":[{"embeddable":true,"href":"https:\/\/losperiodistas.com.mx\/portal\/wp-json\/wp\/v2\/media\/54818"}],"wp:attachment":[{"href":"https:\/\/losperiodistas.com.mx\/portal\/wp-json\/wp\/v2\/media?parent=54817"}],"wp:term":[{"taxonomy":"category","embeddable":true,"href":"https:\/\/losperiodistas.com.mx\/portal\/wp-json\/wp\/v2\/categories?post=54817"},{"taxonomy":"post_tag","embeddable":true,"href":"https:\/\/losperiodistas.com.mx\/portal\/wp-json\/wp\/v2\/tags?post=54817"}],"curies":[{"name":"wp","href":"https:\/\/api.w.org\/{rel}","templated":true}]}}