{"id":54810,"date":"2023-07-16T15:54:44","date_gmt":"2023-07-16T20:54:44","guid":{"rendered":"http:\/\/losperiodistas.com.mx\/portal\/?p=54810"},"modified":"2023-07-16T15:54:46","modified_gmt":"2023-07-16T20:54:46","slug":"julio","status":"publish","type":"post","link":"https:\/\/losperiodistas.com.mx\/portal\/julio\/","title":{"rendered":"Julio&#8230;"},"content":{"rendered":"\n<p class=\"has-medium-font-size\">#PorSoleares | <em>Como la espuma del chocolate reci\u00e9n batido, Julio Huerta heredero del barbosismo<\/em><\/p>\n\n\n\n<figure class=\"wp-block-embed is-type-video is-provider-youtube wp-block-embed-youtube wp-embed-aspect-16-9 wp-has-aspect-ratio\"><div class=\"wp-block-embed__wrapper\">\n<iframe title=\"Julio... | 16.07.2023\" width=\"500\" height=\"281\" src=\"https:\/\/www.youtube.com\/embed\/YnxhpSBEgzs?feature=oembed\" frameborder=\"0\" allow=\"accelerometer; autoplay; clipboard-write; encrypted-media; gyroscope; picture-in-picture; web-share\" referrerpolicy=\"strict-origin-when-cross-origin\" allowfullscreen><\/iframe>\n<\/div><\/figure>\n\n\n\n<p><\/p>\n\n\n\n<p class=\"has-vivid-red-color has-text-color\" style=\"font-size:26px\"><strong><em>Por Jes\u00fas Manuel Hern\u00e1ndez<\/em><\/strong><\/p>\n\n\n\n<p>Considerado por muchos como el hombre de confianza del finado gobernador, Julio Huerta ha sido objeto de una campa\u00f1a especialmente dise\u00f1ada para hacerlo ver como el pol\u00edtico poblano m\u00e1s conocido en la entidad y tambi\u00e9n el m\u00e1s cercano a Claudia Sheinbaum y a la CTM, ex brazo operativo del PRI,&nbsp;<strong>reencarnado en el morenovallismo y ahora en el morenismo aldeano.<\/strong><\/p>\n\n\n\n<p>\u00bfC\u00f3mo ha sido posible esto? se preguntan muchos, \u00bfde d\u00f3nde sali\u00f3 el tal Julio? Y entonces aparecen informaciones a veces precisas y otras incompletas o tendenciosamente incorrectas.<\/p>\n\n\n\n<p>Nacido hace 53 a\u00f1os, egresado de la Upaep seg\u00fan algunos,\u00a0<strong>su carrera pol\u00edtica se limita a regidor en Zinacatepec, con unos 19 mil habitantes<\/strong>, entre 2002 y 2005, y funcionario en Ajalpan entre 2014 y 2018. Y pare usted de contar.<\/p>\n\n\n\n<p>Pero he aqu\u00ed que su primo Luis Miguel Barbosa lleg\u00f3 a ser gobernador y entonces se volvi\u00f3 popular, aceptado y hasta \u201cguapo\u201d dicen sus admiradoras.<\/p>\n\n\n\n<p>Julio perdi\u00f3 la diputaci\u00f3n local de Ajalpan con Adolfo Alatriste del PRI, lo que no le da muy buena carta de recomendaci\u00f3n.<\/p>\n\n\n\n<p>Pero desde 2019, al lado del primo, subi\u00f3 como la espuma del chocolate reci\u00e9n batido y&nbsp;<strong>a la muerte del gobernador se convirti\u00f3 en una especie de pieza clave<\/strong>, piedra de toque para impedir que los grupos nacionales impusieran al gobernador sustituto.<\/p>\n\n\n\n<p>Su operaci\u00f3n con los diputados locales hizo posible que Sergio Salom\u00f3n C\u00e9spedes Peregrina adelantara su proyecto de vida; muchos ya sab\u00edan que&nbsp;<strong>la verdadera carta de Barbosa, \u201cin pectore\u201d era Salom\u00f3n<\/strong>&nbsp;y simplemente&nbsp;<strong>\u201cadelantaron los tiempos\u201d<\/strong>.<\/p>\n\n\n\n<p>Sus cercanos, los de Julio, dicen que hubo una especie de \u201cacuerdo\u201d con el hoy gobernador,&nbsp;<strong>\u201cprimero tu y despu\u00e9s yo\u201d<\/strong>, y ah\u00ed surgi\u00f3 el tema de Sheinbaum, a quien Julio hab\u00eda tratado durante el sepelio de Barbosa.<\/p>\n\n\n\n<p>El resto de la historia ya es m\u00e1s conocida.<\/p>\n\n\n\n<p>Los observadores se preguntan si&nbsp;<strong>Julio debe seguir siendo impulsado o le deben leer la cartilla y ubicarlo en su justa dimensi\u00f3n<\/strong>, de regidor de Zinacatepec a un salto mete\u00f3rico para ser el rey del proceso electoral de 2024, suena un tanto cuanto inveros\u00edmil, descabellado, dir\u00edan algunos.<\/p>\n\n\n\n<p>Pero esa es una de las caracter\u00edsticas&nbsp;<strong>\u201cde la corte y los cortesanos\u201d<\/strong>, Maurice Joly lo describe muy bien: Las cortes son hoy lo mismo que hace tres mil a\u00f1os, lo mismo que ser\u00e1n siempre. Son los mismos hombres, las mismas intrigas, los mismos resortes, los mismos procedimientos. Se trata siempre de adue\u00f1arse de la voluntad de quienes tienen el poder, pr\u00edncipe, eunuco o visir, para obtener de ellos lo que se pueda: dinero, t\u00edtulos, condecoraciones, bandas, placas, insignias o togas. El favor lo procura todo\u2026\u201d. Hasta aqu\u00ed la cita de Joly, pero bien podr\u00eda agregarse: el favor lo procura todo hasta el apoyo de la CTM\u2026<\/p>\n\n\n\n<p>Pero la realidad es que Morena y el gobernador necesitan abrir la baraja y tener m\u00e1s opciones, pues en el 2024 est\u00e1 en juego no solo la gubernatura, tambi\u00e9n el Congreso, Presidencias Municipales, diputaciones federales y senadur\u00edas y quiz\u00e1,&nbsp;<strong>ah\u00ed es donde Julio encaje como parte del \u201dpaquete\u201d&nbsp;<\/strong>negociado con la dirigencia nacional de Morena, Julio ser\u00eda el \u201cheredero\u201d del barbosismo y del incipiente cespedismo\u2026<\/p>\n\n\n\n<p>De este y de otros temas hablaremos ahora cada semana los mi\u00e9rcoles a las 7.30 de la noche en dos canales de transmisi\u00f3n,&nbsp;<strong>E-Consulta y Los Periodistas<\/strong>\u2026 Unimos esfuerzos,&nbsp;<strong>Xavier Guti\u00e9rrez, Rodolfo Ruiz y el de la voz<\/strong>&nbsp;para sentarnos en una mesa redonda con&nbsp;<strong><em>\u201cCuchara Cuchillo Tenedor\u201d<\/em><\/strong>&nbsp;de por medio en un proyecto de comentarios, an\u00e9cdotas, an\u00e1lisis, historias y una que otra entrevista donde pretenderemos llenar los cinco sentidos del p\u00fablico, los o\u00eddos, la vista, el tacto, el olfato y el paladar, aflorar\u00e1n cada semana en un programa con ritmo propio\u2026 y recordando que \u201cNadie sabe lo que hay en la olla m\u00e1s que la cuchara que la menea\u201d.<\/p>\n\n\n\n<p>O por lo menos, as\u00ed me lo parece.<\/p>\n\n\n\n<p><a href=\"mailto:losperiodistas.com.mx@gmail.com\" target=\"_blank\" rel=\"noreferrer noopener\">losperiodistas.com.mx@gmail.com<\/a><\/p>\n","protected":false},"excerpt":{"rendered":"<p>#PorSoleares | Como la espuma del chocolate reci\u00e9n batido, Julio Huerta heredero del barbosismo Por Jes\u00fas Manuel Hern\u00e1ndez Considerado por [&hellip;]<\/p>\n","protected":false},"author":1,"featured_media":54811,"comment_status":"open","ping_status":"open","sticky":false,"template":"","format":"standard","meta":{"site-sidebar-layout":"default","site-content-layout":"","ast-site-content-layout":"default","site-content-style":"default","site-sidebar-style":"default","ast-global-header-display":"","ast-banner-title-visibility":"","ast-main-header-display":"","ast-hfb-above-header-display":"","ast-hfb-below-header-display":"","ast-hfb-mobile-header-display":"","site-post-title":"","ast-breadcrumbs-content":"","ast-featured-img":"","footer-sml-layout":"","theme-transparent-header-meta":"","adv-header-id-meta":"","stick-header-meta":"","header-above-stick-meta":"","header-main-stick-meta":"","header-below-stick-meta":"","astra-migrate-meta-layouts":"default","ast-page-background-enabled":"default","ast-page-background-meta":{"desktop":{"background-color":"var(--ast-global-color-4)","background-image":"","background-repeat":"repeat","background-position":"center center","background-size":"auto","background-attachment":"scroll","background-type":"","background-media":"","overlay-type":"","overlay-color":"","overlay-opacity":"","overlay-gradient":""},"tablet":{"background-color":"","background-image":"","background-repeat":"repeat","background-position":"center center","background-size":"auto","background-attachment":"scroll","background-type":"","background-media":"","overlay-type":"","overlay-color":"","overlay-opacity":"","overlay-gradient":""},"mobile":{"background-color":"","background-image":"","background-repeat":"repeat","background-position":"center center","background-size":"auto","background-attachment":"scroll","background-type":"","background-media":"","overlay-type":"","overlay-color":"","overlay-opacity":"","overlay-gradient":""}},"ast-content-background-meta":{"desktop":{"background-color":"var(--ast-global-color-5)","background-image":"","background-repeat":"repeat","background-position":"center center","background-size":"auto","background-attachment":"scroll","background-type":"","background-media":"","overlay-type":"","overlay-color":"","overlay-opacity":"","overlay-gradient":""},"tablet":{"background-color":"var(--ast-global-color-5)","background-image":"","background-repeat":"repeat","background-position":"center center","background-size":"auto","background-attachment":"scroll","background-type":"","background-media":"","overlay-type":"","overlay-color":"","overlay-opacity":"","overlay-gradient":""},"mobile":{"background-color":"var(--ast-global-color-5)","background-image":"","background-repeat":"repeat","background-position":"center center","background-size":"auto","background-attachment":"scroll","background-type":"","background-media":"","overlay-type":"","overlay-color":"","overlay-opacity":"","overlay-gradient":""}},"footnotes":""},"categories":[8,5],"tags":[15829,725,9709],"class_list":["post-54810","post","type-post","status-publish","format-standard","has-post-thumbnail","hentry","category-noticias","category-por-soleares","tag-julio-huerta","tag-morena-puebla","tag-puebla-2024"],"_links":{"self":[{"href":"https:\/\/losperiodistas.com.mx\/portal\/wp-json\/wp\/v2\/posts\/54810","targetHints":{"allow":["GET"]}}],"collection":[{"href":"https:\/\/losperiodistas.com.mx\/portal\/wp-json\/wp\/v2\/posts"}],"about":[{"href":"https:\/\/losperiodistas.com.mx\/portal\/wp-json\/wp\/v2\/types\/post"}],"author":[{"embeddable":true,"href":"https:\/\/losperiodistas.com.mx\/portal\/wp-json\/wp\/v2\/users\/1"}],"replies":[{"embeddable":true,"href":"https:\/\/losperiodistas.com.mx\/portal\/wp-json\/wp\/v2\/comments?post=54810"}],"version-history":[{"count":1,"href":"https:\/\/losperiodistas.com.mx\/portal\/wp-json\/wp\/v2\/posts\/54810\/revisions"}],"predecessor-version":[{"id":54812,"href":"https:\/\/losperiodistas.com.mx\/portal\/wp-json\/wp\/v2\/posts\/54810\/revisions\/54812"}],"wp:featuredmedia":[{"embeddable":true,"href":"https:\/\/losperiodistas.com.mx\/portal\/wp-json\/wp\/v2\/media\/54811"}],"wp:attachment":[{"href":"https:\/\/losperiodistas.com.mx\/portal\/wp-json\/wp\/v2\/media?parent=54810"}],"wp:term":[{"taxonomy":"category","embeddable":true,"href":"https:\/\/losperiodistas.com.mx\/portal\/wp-json\/wp\/v2\/categories?post=54810"},{"taxonomy":"post_tag","embeddable":true,"href":"https:\/\/losperiodistas.com.mx\/portal\/wp-json\/wp\/v2\/tags?post=54810"}],"curies":[{"name":"wp","href":"https:\/\/api.w.org\/{rel}","templated":true}]}}