{"id":54796,"date":"2023-07-16T12:39:39","date_gmt":"2023-07-16T17:39:39","guid":{"rendered":"http:\/\/losperiodistas.com.mx\/portal\/?p=54796"},"modified":"2023-07-16T12:39:42","modified_gmt":"2023-07-16T17:39:42","slug":"un-acontecimiento-imperdible-dlf","status":"publish","type":"post","link":"https:\/\/losperiodistas.com.mx\/portal\/un-acontecimiento-imperdible-dlf\/","title":{"rendered":"Un acontecimiento imperdible\u00a0| DLF"},"content":{"rendered":"\n<figure class=\"wp-block-image size-large is-style-default\"><img fetchpriority=\"high\" decoding=\"async\" width=\"1024\" height=\"683\" src=\"https:\/\/losperiodistas.com.mx\/portal\/wp-content\/uploads\/2023\/07\/Franciscanos-500-anos--1024x683.jpg\" alt=\"\" class=\"wp-image-54797\" srcset=\"https:\/\/losperiodistas.com.mx\/portal\/wp-content\/uploads\/2023\/07\/Franciscanos-500-anos--1024x683.jpg 1024w, https:\/\/losperiodistas.com.mx\/portal\/wp-content\/uploads\/2023\/07\/Franciscanos-500-anos--300x200.jpg 300w, https:\/\/losperiodistas.com.mx\/portal\/wp-content\/uploads\/2023\/07\/Franciscanos-500-anos--768x512.jpg 768w, https:\/\/losperiodistas.com.mx\/portal\/wp-content\/uploads\/2023\/07\/Franciscanos-500-anos-.jpg 1200w\" sizes=\"(max-width: 1024px) 100vw, 1024px\" \/><figcaption>Celebraci\u00f3n de los 500 a\u00f1os de la llegada de los Franciscanos a la Nueva Espa\u00f1a. Foto N\u00e9stor Negrete.<\/figcaption><\/figure>\n\n\n\n<p class=\"has-vivid-red-color has-text-color has-medium-font-size\"><strong>DESDE LA FE \/ EDITORIAL<\/strong><\/p>\n\n\n\n<p><strong>La Iglesia Cat\u00f3lica ha comenzado la conmemoraci\u00f3n por los 500 a\u00f1os de la llegada y presencia de los Franciscanos en M\u00e9xico<\/strong>, con una serie de iniciativas que van desde conferencias, talleres y conciertos, hasta exposiciones, homenajes a personajes como Fray Pedro de Gante -quien abri\u00f3 la primera escuela para indios de Am\u00e9rica-, e indulgencias plenarias en algunos templos del Centro Hist\u00f3rico de la Ciudad de M\u00e9xico.<\/p>\n\n\n\n<p>En este aniversario se enmarca tambi\u00e9n\u00a0<strong>la bendici\u00f3n e inauguraci\u00f3n del Museo de la Parroquia de San Sebasti\u00e1n Atzacoalco<\/strong>, uno de los cuatro barrios en los que se dividi\u00f3 la Ciudad de M\u00e9xico, y que tiene el nombre del museo de sitio: San Sebasti\u00e1n Atzacoalco, ubicado cerca del primer cuadro de la ciudad capital.<br>Fue el 13 de agosto de 1523 cuando llegaron a estas tierras tres frailes Franciscanos: Pedro de Gante, Juan de Tecto y Juan de Aora, quienes\u00a0<strong>marcaron la pauta para que en 1524 se organizara la primera configuraci\u00f3n eclesi\u00e1stica de los territorios de la Nueva Espa\u00f1a,<\/strong>\u00a0y sentaron las bases para la llegada de los 12 primeros misioneros, tambi\u00e9n Franciscanos, quienes hicieron la primera divisi\u00f3n territorial en el pa\u00eds.<a href=\"https:\/\/vidverto.io\/\" target=\"_blank\" rel=\"noreferrer noopener\"><\/a><\/p>\n\n\n\n<p class=\"has-cyan-bluish-gray-background-color has-background\">Te podr\u00eda interesar:\u00a0<a href=\"https:\/\/desdelafe.mx\/noticias\/iglesia-en-mexico\/500-anos-presencia-franciscana-inauguraran-museo-parroquia-san-sebastian-atzacoalco\/\">500 a\u00f1os de la presencia franciscana: Inaugurar\u00e1n el Museo de la Parroquia de San Sebasti\u00e1n Atzacoalco<\/a><\/p>\n\n\n\n<p><strong>La estructura conventual de los Franciscanos fue clave en el nuevo r\u00e9gimen pol\u00edtico, social y religioso que hoy da identidad cultural y nacional a estas tierras<\/strong>, basada en los valores, en la moral y en los usos, costumbres y tradiciones. Y es que, si bien, la bula con la que los frailes llegaron a M\u00e9xico ten\u00eda un mandato evangelizador, esta orden siempre ha contribuido al bien com\u00fan de la sociedad, mediante su esp\u00edritu de fraternidad y misericordia, algo que no siempre se les ha reconocido.<\/p>\n\n\n\n<p>No hay que olvidar que u<strong>na de las grandes obras de los misioneros franciscanos fue la Universidad de Tlatelolco, una de las primeras de toda Am\u00e9rica Latina<\/strong>, que dio los primeros cuatro licenciados, pero tambi\u00e9n los primeros pasos para poder albergar una educaci\u00f3n m\u00e1s propia y digna al pueblo mexicano, sin perder la importancia de salvaguardar la persona y la seguridad de todos los nativos.<\/p>\n\n\n\n<p><strong>Despu\u00e9s llegar\u00edan los Dominicos, los Agustinos, los Mercedarios, los Carmelitas, los Jesuitas<\/strong>, etc\u00e9tera, que se preocuparon tambi\u00e9n por la educaci\u00f3n de los ind\u00edgenas, por su alfabetizaci\u00f3n y la capacitaci\u00f3n para los oficios. Cada orden, con sus propios carismas evangelizadores y sus proyectos, lucharon por dignificar la vida de los habitantes del M\u00e9xico ind\u00edgena, con sus diferentes culturas entretejidas.<\/p>\n\n\n\n<p class=\"has-cyan-bluish-gray-background-color has-background\">Te podr\u00eda interesar:&nbsp;<a href=\"https:\/\/desdelafe.mx\/noticias\/iglesia-en-mexico\/celebracion-500-anos-evangelizacion-mexico\/\">Preparan celebraci\u00f3n por los 500 a\u00f1os de evangelizaci\u00f3n en M\u00e9xico<\/a><\/p>\n\n\n\n<p>Sin duda se trata de un aniversario imperdible, que no solo es de gran inter\u00e9s para especialistas, investigadores y mexicanos en general, sino que tambi\u00e9n\u00a0<strong>abre la puerta para una estrategia de rehabilitaci\u00f3n de la vida pastoral y de comunidad en los antiguos barrios del Centro Hist\u00f3rico de la Ciudad de M\u00e9xico, perdidos entre comercio<\/strong>, la delincuencia, la pobreza y la prostituci\u00f3n, lo cual es una gran noticia.<\/p>\n\n\n\n<p><strong>La celebraci\u00f3n de estos 500 a\u00f1os es una iniciativa de la&nbsp;<a href=\"https:\/\/arquidiocesismexico.org.mx\/\" target=\"_blank\" rel=\"noreferrer noopener\">Arquidi\u00f3cesis Primada de M\u00e9xico<\/a><\/strong>, a trav\u00e9s de la Dimensi\u00f3n de Bienes Culturales y la Coordinaci\u00f3n de Estudios Patrimoniales de la Cuenca de M\u00e9xico, as\u00ed como de varias parroquias del Centro Hist\u00f3rico, quienes han hecho un gran esfuerzo por ofrecer una serie de experiencias culturales de la m\u00e1s alta calidad, a fin de estimular el di\u00e1logo y la convivencia, as\u00ed como promover y revalorizar los recintos y espacios religiosos y culturales, pues son estos los que le otorgan un valor especial a este primer cuadro de la metr\u00f3poli.<\/p>\n\n\n\n<p>Sea este aniversario&nbsp;<strong>tambi\u00e9n una oportunidad para reconocer y revalorar el esp\u00edritu de evangelizaci\u00f3n y servicio con el que los primeros misioneros llegaron a estas tierras<\/strong>, para trabajar ahora, como mexicanos, en la sinodalidad, en la confianza, en la mutua ayuda, y en los valores que nos hagan fortalecer los lazos como naci\u00f3n.<\/p>\n\n\n\n<p>Definitivamente,\u00a0<strong>M\u00e9xico no se puede entender sin el esp\u00edritu de amor y fraternidad heredado de los primeros evangelizadores<\/strong>: paz y bien.<\/p>\n\n\n\n<p>Fuente: <a href=\"https:\/\/desdelafe.mx\/editorial\/un-acontecimiento-imperdible\">https:\/\/desdelafe.mx\/editorial\/un-acontecimiento-imperdible<\/a><\/p>\n","protected":false},"excerpt":{"rendered":"<p>DESDE LA FE \/ EDITORIAL La Iglesia Cat\u00f3lica ha comenzado la conmemoraci\u00f3n por los 500 a\u00f1os de la llegada y [&hellip;]<\/p>\n","protected":false},"author":1,"featured_media":54797,"comment_status":"open","ping_status":"open","sticky":false,"template":"","format":"standard","meta":{"site-sidebar-layout":"default","site-content-layout":"","ast-site-content-layout":"default","site-content-style":"default","site-sidebar-style":"default","ast-global-header-display":"","ast-banner-title-visibility":"","ast-main-header-display":"","ast-hfb-above-header-display":"","ast-hfb-below-header-display":"","ast-hfb-mobile-header-display":"","site-post-title":"","ast-breadcrumbs-content":"","ast-featured-img":"","footer-sml-layout":"","theme-transparent-header-meta":"","adv-header-id-meta":"","stick-header-meta":"","header-above-stick-meta":"","header-main-stick-meta":"","header-below-stick-meta":"","astra-migrate-meta-layouts":"default","ast-page-background-enabled":"default","ast-page-background-meta":{"desktop":{"background-color":"var(--ast-global-color-4)","background-image":"","background-repeat":"repeat","background-position":"center center","background-size":"auto","background-attachment":"scroll","background-type":"","background-media":"","overlay-type":"","overlay-color":"","overlay-opacity":"","overlay-gradient":""},"tablet":{"background-color":"","background-image":"","background-repeat":"repeat","background-position":"center center","background-size":"auto","background-attachment":"scroll","background-type":"","background-media":"","overlay-type":"","overlay-color":"","overlay-opacity":"","overlay-gradient":""},"mobile":{"background-color":"","background-image":"","background-repeat":"repeat","background-position":"center center","background-size":"auto","background-attachment":"scroll","background-type":"","background-media":"","overlay-type":"","overlay-color":"","overlay-opacity":"","overlay-gradient":""}},"ast-content-background-meta":{"desktop":{"background-color":"var(--ast-global-color-5)","background-image":"","background-repeat":"repeat","background-position":"center center","background-size":"auto","background-attachment":"scroll","background-type":"","background-media":"","overlay-type":"","overlay-color":"","overlay-opacity":"","overlay-gradient":""},"tablet":{"background-color":"var(--ast-global-color-5)","background-image":"","background-repeat":"repeat","background-position":"center center","background-size":"auto","background-attachment":"scroll","background-type":"","background-media":"","overlay-type":"","overlay-color":"","overlay-opacity":"","overlay-gradient":""},"mobile":{"background-color":"var(--ast-global-color-5)","background-image":"","background-repeat":"repeat","background-position":"center center","background-size":"auto","background-attachment":"scroll","background-type":"","background-media":"","overlay-type":"","overlay-color":"","overlay-opacity":"","overlay-gradient":""}},"footnotes":""},"categories":[8],"tags":[17416,17415,17417],"class_list":["post-54796","post","type-post","status-publish","format-standard","has-post-thumbnail","hentry","category-noticias","tag-500-anos-franciscanos","tag-franciscanos-en-mexic","tag-san-sebastian-atzacoalco"],"_links":{"self":[{"href":"https:\/\/losperiodistas.com.mx\/portal\/wp-json\/wp\/v2\/posts\/54796","targetHints":{"allow":["GET"]}}],"collection":[{"href":"https:\/\/losperiodistas.com.mx\/portal\/wp-json\/wp\/v2\/posts"}],"about":[{"href":"https:\/\/losperiodistas.com.mx\/portal\/wp-json\/wp\/v2\/types\/post"}],"author":[{"embeddable":true,"href":"https:\/\/losperiodistas.com.mx\/portal\/wp-json\/wp\/v2\/users\/1"}],"replies":[{"embeddable":true,"href":"https:\/\/losperiodistas.com.mx\/portal\/wp-json\/wp\/v2\/comments?post=54796"}],"version-history":[{"count":1,"href":"https:\/\/losperiodistas.com.mx\/portal\/wp-json\/wp\/v2\/posts\/54796\/revisions"}],"predecessor-version":[{"id":54798,"href":"https:\/\/losperiodistas.com.mx\/portal\/wp-json\/wp\/v2\/posts\/54796\/revisions\/54798"}],"wp:featuredmedia":[{"embeddable":true,"href":"https:\/\/losperiodistas.com.mx\/portal\/wp-json\/wp\/v2\/media\/54797"}],"wp:attachment":[{"href":"https:\/\/losperiodistas.com.mx\/portal\/wp-json\/wp\/v2\/media?parent=54796"}],"wp:term":[{"taxonomy":"category","embeddable":true,"href":"https:\/\/losperiodistas.com.mx\/portal\/wp-json\/wp\/v2\/categories?post=54796"},{"taxonomy":"post_tag","embeddable":true,"href":"https:\/\/losperiodistas.com.mx\/portal\/wp-json\/wp\/v2\/tags?post=54796"}],"curies":[{"name":"wp","href":"https:\/\/api.w.org\/{rel}","templated":true}]}}