{"id":54793,"date":"2023-07-16T11:29:08","date_gmt":"2023-07-16T16:29:08","guid":{"rendered":"http:\/\/losperiodistas.com.mx\/portal\/?p=54793"},"modified":"2023-07-16T11:29:10","modified_gmt":"2023-07-16T16:29:10","slug":"los-esclavos-de-nestle-que-no-lo-son-la-razon","status":"publish","type":"post","link":"https:\/\/losperiodistas.com.mx\/portal\/los-esclavos-de-nestle-que-no-lo-son-la-razon\/","title":{"rendered":"Los esclavos de Nestl\u00e9 que no lo son | La Raz\u00f3n"},"content":{"rendered":"\n<h2 class=\"has-pale-cyan-blue-background-color has-background has-medium-font-size wp-block-heading\">Frente a las acusaciones de que Nestl\u00e9 mantiene a un mill\u00f3n de ni\u00f1os esclavos en Ghana y Costa de Marfil, una aproximaci\u00f3n al terreno desvelar\u00eda una realidad m\u00e1s complicada de asimilar<\/h2>\n\n\n\n<figure class=\"wp-block-image size-large is-style-default\"><img fetchpriority=\"high\" decoding=\"async\" width=\"1024\" height=\"576\" src=\"https:\/\/losperiodistas.com.mx\/portal\/wp-content\/uploads\/2023\/07\/98-1024x576.jpg\" alt=\"\" class=\"wp-image-54794\" srcset=\"https:\/\/losperiodistas.com.mx\/portal\/wp-content\/uploads\/2023\/07\/98-1024x576.jpg 1024w, https:\/\/losperiodistas.com.mx\/portal\/wp-content\/uploads\/2023\/07\/98-300x169.jpg 300w, https:\/\/losperiodistas.com.mx\/portal\/wp-content\/uploads\/2023\/07\/98-768x432.jpg 768w, https:\/\/losperiodistas.com.mx\/portal\/wp-content\/uploads\/2023\/07\/98-1536x864.jpg 1536w, https:\/\/losperiodistas.com.mx\/portal\/wp-content\/uploads\/2023\/07\/98.jpg 1900w\" sizes=\"(max-width: 1024px) 100vw, 1024px\" \/><figcaption><strong>Granos de cacao en una plantaci\u00f3n de Costa de Marfil.<\/strong>larazon<\/figcaption><\/figure>\n\n\n\n<p><\/p>\n\n\n\n<p class=\"has-vivid-red-color has-text-color has-medium-font-size\"><strong>ALFONSO MASOLIVER \/ LA RAZ\u00d3N<\/strong><\/p>\n\n\n\n<p>Yamusukro<\/p>\n\n\n\n<p>\u00c9lis\u00e9e se rasca la cabeza entre que responde a las preguntas. \u00c9l estaba sentado debajo del gran \u00e1rbol de su poblado como un d\u00eda cualquiera, relaj\u00e1ndose, pensando en sus cosas, cuando un periodista europeo apareci\u00f3 subido en una motocicleta y se lanz\u00f3 a interrogarle despu\u00e9s de que le se\u00f1alaran que&nbsp;<strong>\u00c9lis\u00e9e es un agricultor de cacao<\/strong>. Estamos en Costa de Marfil, en una agrupaci\u00f3n de casas a las afueras de Yamusukro que, de peque\u00f1a que es, ni siquiera tiene nombre en los mapas. Aqu\u00ed viven el agricultor y su familia, para desconocimiento absoluto de un mundo&nbsp;<a href=\"https:\/\/www.larazon.es\/internacional\/20221201\/a2kst7nuzrclrnxrnbqongygxi.html\" target=\"_blank\" rel=\"noreferrer noopener\"><strong>que gira como enajenado<\/strong><\/a>&nbsp;en busca de algo que \u00c9lis\u00e9e no parece necesitar.<\/p>\n\n\n\n<h3 class=\"has-cyan-bluish-gray-background-color has-background wp-block-heading\">M\u00c1S NOTICIAS<\/h3>\n\n\n\n<ul class=\"wp-block-list\"><li><a href=\"https:\/\/www.larazon.es\/internacional\/20221201\/a2kst7nuzrclrnxrnbqongygxi.html\">Explotaci\u00f3nOro de sangre en Mali: as\u00ed es el retorno de las mineras a las pr\u00e1cticas coloniales<\/a><\/li><li><a href=\"https:\/\/www.larazon.es\/cultura\/fetiche-diez-generaciones-bosque-sagrado-asi-funcionan-herrerias-profundidades-costa-marfil_20230630649e224341e0620001b39655.html\">Tradici\u00f3n africanaUn fetiche, diez generaciones y un bosque sagrado: as\u00ed funcionan las herrer\u00edas en las profundidades de Costa de Marfil<\/a><\/li><\/ul>\n\n\n\n<p>Es porque \u00c9lis\u00e9e tiene la apariencia de un hombre satisfecho. Posee tres hect\u00e1reas de tierra para cultivar cacao, lo mismo que sus dos hermanos, mientras los a\u00f1os pasan y los m\u00fasculos de sus hijos se endurecen a medida que los suyos pierden el vigor de la juventud. Tres hect\u00e1reas de cultivo de cacao le aportan una cantidad anual aproximada de 1,5 toneladas de cacao por hect\u00e1reas.<strong>\u00a0A 900 francos CFA el kilo (1,37 euros), cada a\u00f1o se embolsa al terminar la cosecha 6.165 euros<\/strong>, si las lluvias han sido generosas y ninguna plaga ha afectado a las plantas.<\/p>\n\n\n\n<p>\u00bfTiene algo de lo que quejarse? \u201cNo. Quiz\u00e1s me gustar\u00eda que el gobierno invirtiese m\u00e1s dinero en desarrollar nuevas t\u00e9cnicas para el cultivo, pero estoy contento, en general no me quejo\u201d.&nbsp;<strong>\u00c9lis\u00e9e plantaba pl\u00e1tanos hasta hace seis a\u00f1os, momento en que decidi\u00f3 sustituir gradualmente sus cultivos por el cacao<\/strong>, mientras s\u00f3lo hace dos a\u00f1os que se dedica en exclusiva al cultivo y cosecha de este oro tostado. No se queja. Es m\u00e1s, se alegra de que el precio del cacao haya ascendido de forma gradual en los \u00faltimos a\u00f1os, donde el kilo se pagaba a 750 francos CFA hace cinco a\u00f1os y, probablemente, espera, supone, no quedar\u00e1 mucho hasta que se pague 1.000 francos CFA por cada kilo.<\/p>\n\n\n\n<p>Siempre despierta un ramalazo de esperanza encontrar al individuo satisfecho con su vida.<strong>&nbsp;A \u00c9lis\u00e9e no le importa que el cacao se pague a m\u00e1s de 2 euros en Latinoam\u00e9rica, ni a cerca de 3 euros en Europa.&nbsp;<\/strong>No le importa ser el que menos gana a cambio de sudar y astillarse las manos. Mantiene su postura sonriente y relajada debajo del gran \u00e1rbol de su aldea.<\/p>\n\n\n\n<p>\u201cMi hermano se dedica al cacao, mi otro hermano tambi\u00e9n, pero mi padre se dedicaba al pl\u00e1tano. \u00bfQui\u00e9n sabe lo que har\u00e1n mis hijos cuando yo me vaya? Espero que cultiven tambi\u00e9n cacao, pero nadie sabe lo que pasar\u00e1\u201d. La excitaci\u00f3n inunda las pupilas del marfile\u00f1o mientras imagina el futuro de sus hijos. Sus hijos, ni\u00f1os todav\u00eda, trabajan hoy tambi\u00e9n en el cacao y lo confirma sin remilgos. Lo dice como de pasada tras ser preguntado por ello:<strong>&nbsp;\u201cCuando es el momento de recoger el cacao, lo recogemos todos en la familia, mis hermanos, las mujeres, nuestros hijos, todos, no dejamos de trabajar hasta que terminamos\u201d<\/strong>. A \u00c9lis\u00e9e no le interesa lo que piensen los europeos sobre la mano de obra infantil. Se trata, simplemente, de un concepto que no se aplica a su situaci\u00f3n.<\/p>\n\n\n\n<p>Decenas de acuerdos internacionales y de proyectos ideados por organizaciones de prestigio, millones de d\u00f3lares invertidos en programas de concienciaci\u00f3n se esfuman cuando aparece \u00c9lis\u00e9e sentado bajo el \u00e1rbol.&nbsp;<strong>\u00bfExplotaci\u00f3n infantil?&nbsp;<\/strong>\u201cRecogemos el cacao en septiembre, toda la familia\u201d, repite, \u201cigual que hice yo de peque\u00f1o. Los ni\u00f1os no suelen perderse m\u00e1s de una semana de colegio, si llegan a perderla\u201d. El agricultor no logra entenderlo. \u00bfQu\u00e9 tiene de malo que sus hijos le ayuden a recoger el cacao? \u00bfO es que pretenden que lo recoja todo \u00e9l y que le de tiempo? \u00a1No tiene cuatro manos!<\/p>\n\n\n\n<h2 class=\"wp-block-heading\">Nestl\u00e9 y Barry Callebout<\/h2>\n\n\n\n<p>Niega con la cabeza y sonr\u00ede levemente. Ignora lo que pueda ocurrir en plantaciones de mayor envergadura, pero la suya le concede el dinero justo para que su familia y \u00e9l sobrevivan el resto del a\u00f1o. Confirma que la mayor\u00eda de los agricultores de cacao del \u00e1rea de Yamusukro se tratan de peque\u00f1os terratenientes como \u00e9l, mientras&nbsp;<strong>\u201clo normal es que sea un negocio familiar\u201d&nbsp;<\/strong>que luego vende su cacao a la cooperativa, que luego se encargar\u00e1 de venderla a los compradores internacionales.<\/p>\n\n\n\n<p>Uno de los compradores internacionales con mayor presencia en el \u00e1rea de Yamusukro es la compa\u00f1\u00eda de chocolate belga conocida como Barry Callebout, socio indispensable de Nestl\u00e9 en la compra de cacao de Costa de Marfil. Aunque tanto Barry Callebout como Nestl\u00e9 sobrevienen graves problemas legales a causa de la satisfacci\u00f3n con que se desenvuelve el bueno de \u00c9lis\u00e9e. Las chocolateras han sido denunciadas en multitud de ocasiones por contar con casos de trabajo infantil en su cadena de suministros, denuncias que deterioran gravemente la imagen de estas marcas.<\/p>\n\n\n\n<p><strong>Nestl\u00e9 ha procurado implementar programas de acci\u00f3n destinados a la erradicaci\u00f3n del trabajo infantil<\/strong>&nbsp;en las plantaciones, hasta ahora con escaso \u00e9xito. En 2012 se inici\u00f3 un plan cuyo final estaba previsto para 2016 y que procuraba la eliminaci\u00f3n absoluta del trabajo infantil gracias a la construcci\u00f3n de escuelas, la monitorizaci\u00f3n de los cultivos y cadenas de suministros, la implementaci\u00f3n de programas de concienciaci\u00f3n entre los agricultores, etc. Fue un fracaso. M\u00e1s recientemente, en enero de 2022, se inici\u00f3 un nuevo programa basado en incentivos econ\u00f3micos concedidos en efectivo a los propios agricultores. As\u00ed se pretende facilitar a las familias agricultoras el pago de las tasas escolares para sus hijos, la contrataci\u00f3n de jornaleros o la diversificaci\u00f3n de su econom\u00eda por medio de inversiones en terceros negocios.<\/p>\n\n\n\n<p>Dicho programa est\u00e1 siendo actualmente testeado con 10.000 familias agricultoras en Costa de Marfil, y se espera que tambi\u00e9n llegue a Ghana en 2024, el otro gran proveedor africano de Nestl\u00e9. La compa\u00f1\u00eda procura combatir as\u00ed las graves acusaciones que se presentan contra ella con relaci\u00f3n al trabajo infantil, pero tambi\u00e9n sobre la esclavitud y la explotaci\u00f3n de ni\u00f1os para su uso en los campos de cultivo. En el pasado reciente&nbsp;<strong>se ha llegado incluso a acusar a Nestl\u00e9 de esclavizar a m\u00e1s de un mill\u00f3n de ni\u00f1os en Costa de Marfil y en Ghana<\/strong>.<\/p>\n\n\n\n<p>Pero esta \u00faltima afirmaci\u00f3n no encajar\u00eda del todo con la realidad. Pese a que la imagen de un mill\u00f3n de ni\u00f1os encerrados en oscuras habitaciones durante su tiempo libre y apaleados por un mal\u00e9volo capataz blanco casar\u00eda con un ideario cinematogr\u00e1fico, Nestl\u00e9 no posee grandes extensiones de cultivo en Costa de Marfil en donde utilizar estos ni\u00f1os esclavos. El procedimiento indica que es gente como \u00c9lis\u00e9e quien posee la tierra y cultiva el cacao de la manera que considera conveniente, para luego venderlo a las cooperativas, que luego lo venden a Nestl\u00e9. Si pudiera critic\u00e1rsele algo a Nestl\u00e9, esto ser\u00eda su participaci\u00f3n en una din\u00e1mica que implica trabajo infantil, mientras acusarles directamente de la esclavitud podr\u00eda considerarse una afirmaci\u00f3n alejada de la estricta realidad.<\/p>\n\n\n\n<p>Precisamente ser\u00eda la falta de poder de Nestl\u00e9 sobre los agricultores lo que ha provocado un fracaso tras otro a la hora de cumplir las sucesivas campa\u00f1as para acabar con el trabajo infantil.\u00a0<strong>La decisi\u00f3n depende de \u00c9lis\u00e9e, el padre de los ni\u00f1os.\u00a0<\/strong>Diez agricultores entrevistados con hijos en edad escolar confirmaron que sus ni\u00f1os trabajan durante el mes de septiembre en las cosechas, dando a entender que, si las chocolateras siguieran una estricta pol\u00edtica de no comprar cacao producido en estas circunstancias, cabe la duda de si podr\u00edan comprar cacao del todo.<\/p>\n\n\n\n<p>Mientras est\u00e9 satisfecho con el orden de su vida, \u00c9lis\u00e9e afirma que no mostrar\u00e1 ning\u00fan inter\u00e9s real por cambiarla. Concede que s\u00f3lo excluir\u00eda a sus hijos de la cosecha \u201csi el precio del cacao subiera lo suficiente como para contratar a jornaleros\u201d. Algo que no pasar\u00e1, lo quiera Nestl\u00e9 o no, hasta que los consumidores est\u00e9n dispuestos a pagar 10 euros en lugar de los 5 euros actuales que cuesta un pack de cinco tabletas de 125 gramos de Nestl\u00e9 extrafino.<\/p>\n\n\n\n<p>Fuente: <a href=\"https:\/\/www.larazon.es\/internacional\/esclavos-nestle-que-son_2023071664b3fca61f1191000172fd89.html\">https:\/\/www.larazon.es\/internacional\/esclavos-nestle-que-son_2023071664b3fca61f1191000172fd89.html<\/a><\/p>\n","protected":false},"excerpt":{"rendered":"<p>Frente a las acusaciones de que Nestl\u00e9 mantiene a un mill\u00f3n de ni\u00f1os esclavos en Ghana y Costa de Marfil, [&hellip;]<\/p>\n","protected":false},"author":1,"featured_media":54794,"comment_status":"open","ping_status":"open","sticky":false,"template":"","format":"standard","meta":{"site-sidebar-layout":"default","site-content-layout":"","ast-site-content-layout":"default","site-content-style":"default","site-sidebar-style":"default","ast-global-header-display":"","ast-banner-title-visibility":"","ast-main-header-display":"","ast-hfb-above-header-display":"","ast-hfb-below-header-display":"","ast-hfb-mobile-header-display":"","site-post-title":"","ast-breadcrumbs-content":"","ast-featured-img":"","footer-sml-layout":"","theme-transparent-header-meta":"","adv-header-id-meta":"","stick-header-meta":"","header-above-stick-meta":"","header-main-stick-meta":"","header-below-stick-meta":"","astra-migrate-meta-layouts":"default","ast-page-background-enabled":"default","ast-page-background-meta":{"desktop":{"background-color":"var(--ast-global-color-4)","background-image":"","background-repeat":"repeat","background-position":"center center","background-size":"auto","background-attachment":"scroll","background-type":"","background-media":"","overlay-type":"","overlay-color":"","overlay-opacity":"","overlay-gradient":""},"tablet":{"background-color":"","background-image":"","background-repeat":"repeat","background-position":"center center","background-size":"auto","background-attachment":"scroll","background-type":"","background-media":"","overlay-type":"","overlay-color":"","overlay-opacity":"","overlay-gradient":""},"mobile":{"background-color":"","background-image":"","background-repeat":"repeat","background-position":"center center","background-size":"auto","background-attachment":"scroll","background-type":"","background-media":"","overlay-type":"","overlay-color":"","overlay-opacity":"","overlay-gradient":""}},"ast-content-background-meta":{"desktop":{"background-color":"var(--ast-global-color-5)","background-image":"","background-repeat":"repeat","background-position":"center center","background-size":"auto","background-attachment":"scroll","background-type":"","background-media":"","overlay-type":"","overlay-color":"","overlay-opacity":"","overlay-gradient":""},"tablet":{"background-color":"var(--ast-global-color-5)","background-image":"","background-repeat":"repeat","background-position":"center center","background-size":"auto","background-attachment":"scroll","background-type":"","background-media":"","overlay-type":"","overlay-color":"","overlay-opacity":"","overlay-gradient":""},"mobile":{"background-color":"var(--ast-global-color-5)","background-image":"","background-repeat":"repeat","background-position":"center center","background-size":"auto","background-attachment":"scroll","background-type":"","background-media":"","overlay-type":"","overlay-color":"","overlay-opacity":"","overlay-gradient":""}},"footnotes":""},"categories":[8],"tags":[3985,17414,17413,17411,17412],"class_list":["post-54793","post","type-post","status-publish","format-standard","has-post-thumbnail","hentry","category-noticias","tag-cacao","tag-costa-de-marfil","tag-ghana","tag-nestle","tag-nios-esclavos"],"_links":{"self":[{"href":"https:\/\/losperiodistas.com.mx\/portal\/wp-json\/wp\/v2\/posts\/54793","targetHints":{"allow":["GET"]}}],"collection":[{"href":"https:\/\/losperiodistas.com.mx\/portal\/wp-json\/wp\/v2\/posts"}],"about":[{"href":"https:\/\/losperiodistas.com.mx\/portal\/wp-json\/wp\/v2\/types\/post"}],"author":[{"embeddable":true,"href":"https:\/\/losperiodistas.com.mx\/portal\/wp-json\/wp\/v2\/users\/1"}],"replies":[{"embeddable":true,"href":"https:\/\/losperiodistas.com.mx\/portal\/wp-json\/wp\/v2\/comments?post=54793"}],"version-history":[{"count":1,"href":"https:\/\/losperiodistas.com.mx\/portal\/wp-json\/wp\/v2\/posts\/54793\/revisions"}],"predecessor-version":[{"id":54795,"href":"https:\/\/losperiodistas.com.mx\/portal\/wp-json\/wp\/v2\/posts\/54793\/revisions\/54795"}],"wp:featuredmedia":[{"embeddable":true,"href":"https:\/\/losperiodistas.com.mx\/portal\/wp-json\/wp\/v2\/media\/54794"}],"wp:attachment":[{"href":"https:\/\/losperiodistas.com.mx\/portal\/wp-json\/wp\/v2\/media?parent=54793"}],"wp:term":[{"taxonomy":"category","embeddable":true,"href":"https:\/\/losperiodistas.com.mx\/portal\/wp-json\/wp\/v2\/categories?post=54793"},{"taxonomy":"post_tag","embeddable":true,"href":"https:\/\/losperiodistas.com.mx\/portal\/wp-json\/wp\/v2\/tags?post=54793"}],"curies":[{"name":"wp","href":"https:\/\/api.w.org\/{rel}","templated":true}]}}