{"id":5479,"date":"2021-03-11T06:57:46","date_gmt":"2021-03-11T12:57:46","guid":{"rendered":"http:\/\/losperiodistas.com.mx\/portal\/?p=5479"},"modified":"2021-03-11T06:57:48","modified_gmt":"2021-03-11T12:57:48","slug":"no-hay-ninguna-contraindicacion-medica-o-epidemiologica-de-salir-a-caminar-mi-capacidad-contagiante-es-minima-lopez-gatell-lopez-doriga","status":"publish","type":"post","link":"https:\/\/losperiodistas.com.mx\/portal\/no-hay-ninguna-contraindicacion-medica-o-epidemiologica-de-salir-a-caminar-mi-capacidad-contagiante-es-minima-lopez-gatell-lopez-doriga\/","title":{"rendered":"No hay ninguna contraindicaci\u00f3n m\u00e9dica o epidemiol\u00f3gica de salir a caminar. Mi capacidad contagiante es m\u00ednima: L\u00f3pez-Gatell | L\u00f3pez-D\u00f3riga"},"content":{"rendered":"\n<p style=\"font-size:18px\"><em>El subsecretario de Salud, Hugo L\u00f3pez-Gatell, se\u00f1al\u00f3 que no hay ninguna contraindicaci\u00f3n m\u00e9dica o epidemiol\u00f3gica para salir a caminar<\/em><\/p>\n\n\n\n<p class=\"has-vivid-cyan-blue-color has-text-color has-medium-font-size\">L\u00d3PEZ-D\u00d3RIGA DIGITAL<\/p>\n\n\n\n<p>El&nbsp;<strong>subsecretario de Prevenci\u00f3n y Promoci\u00f3n de la Salud<\/strong>,&nbsp;<strong>Hugo L\u00f3pez-Gatell<\/strong>, se\u00f1al\u00f3 que no hay ninguna contraindicaci\u00f3n m\u00e9dica o epidemiol\u00f3gica para salir a caminar.<\/p>\n\n\n\n<p>En respuesta a&nbsp;<strong>Joaqu\u00edn L\u00f3pez-D\u00f3riga<\/strong>, el subsecretario de Salud destac\u00f3:<\/p>\n\n\n\n<blockquote class=\"wp-block-quote is-style-large is-layout-flow wp-block-quote-is-layout-flow\"><p>No hay ninguna contraindicaci\u00f3n m\u00e9dica o epidemiol\u00f3gica de salir a caminar. Mi capacidad contagiante es m\u00ednima. Por supuesto no voy a estar en una oficina cerrada o interactuando con otras personas. Pero la probabilidad de que yo contagie a alguien a trav\u00e9s de mi doble cubrebocas mientras camino en el parque a m\u00e1s de 6 metros de distancia de otras personas, es virtualmente cero\u201d.<\/p><\/blockquote>\n\n\n\n<p>Este mi\u00e9rcoles, usuarios de redes sociales publicaron fotos del\u00a0<strong>subsecretario Hugo L\u00f3pez-Gatell<\/strong>\u00a0mientras caminaba por la<strong>\u00a0colonia Condesa de Ciudad de M\u00e9xico<\/strong>.<\/p>\n\n\n\n<figure class=\"wp-block-embed-twitter wp-block-embed is-type-rich is-provider-twitter\"><div class=\"wp-block-embed__wrapper\">\n<blockquote class=\"twitter-tweet\" data-width=\"500\" data-dnt=\"true\"><p lang=\"es\" dir=\"ltr\"><a href=\"https:\/\/twitter.com\/hashtag\/Gatell?src=hash&amp;ref_src=twsrc%5Etfw\">#Gatell<\/a> en <a href=\"https:\/\/twitter.com\/hashtag\/parquemexico?src=hash&amp;ref_src=twsrc%5Etfw\">#parquemexico<\/a> paseando con la novia. <a href=\"https:\/\/twitter.com\/hashtag\/AmloElFracasoPresidencial?src=hash&amp;ref_src=twsrc%5Etfw\">#AmloElFracasoPresidencial<\/a> <a href=\"https:\/\/twitter.com\/hashtag\/LoretMexicoTeAgradece?src=hash&amp;ref_src=twsrc%5Etfw\">#LoretMexicoTeAgradece<\/a> <a href=\"https:\/\/twitter.com\/CiroGomezL?ref_src=twsrc%5Etfw\">@CiroGomezL<\/a> <a href=\"https:\/\/twitter.com\/DrPacoMoreno1?ref_src=twsrc%5Etfw\">@DrPacoMoreno1<\/a> <a href=\"https:\/\/twitter.com\/c4jimenez?ref_src=twsrc%5Etfw\">@c4jimenez<\/a> <a href=\"https:\/\/twitter.com\/hashtag\/Covid_19mx?src=hash&amp;ref_src=twsrc%5Etfw\">#Covid_19mx<\/a> <a href=\"https:\/\/twitter.com\/reynaldolopeztv?ref_src=twsrc%5Etfw\">@reynaldolopeztv<\/a> <a href=\"https:\/\/twitter.com\/GalileaMontijo?ref_src=twsrc%5Etfw\">@GalileaMontijo<\/a> <a href=\"https:\/\/t.co\/RFZdqOzdsM\">pic.twitter.com\/RFZdqOzdsM<\/a><\/p>&mdash; Adriana Gomez (@AdrianaG03) <a href=\"https:\/\/twitter.com\/AdrianaG03\/status\/1369793828287356928?ref_src=twsrc%5Etfw\">March 10, 2021<\/a><\/blockquote><script async src=\"https:\/\/platform.twitter.com\/widgets.js\" charset=\"utf-8\"><\/script>\n<\/div><\/figure>\n\n\n\n<p>En la conferencia de prensa para explicar la situaci\u00f3n del coronavirus en el pa\u00eds, el\u00a0<strong>subsecretario L\u00f3pez-Gatell<\/strong>\u00a0reapareci\u00f3 tras haber dado positivo a\u00a0<strong>COVID-19<\/strong>\u00a0el 20 de febrero. <\/p>\n\n\n\n<figure class=\"wp-block-embed-twitter wp-block-embed is-type-rich is-provider-twitter\"><div class=\"wp-block-embed__wrapper\">\n<blockquote class=\"twitter-tweet\" data-width=\"500\" data-dnt=\"true\"><p lang=\"es\" dir=\"ltr\">Reapareci\u00f3 <a href=\"https:\/\/twitter.com\/HLGatell?ref_src=twsrc%5Etfw\">@HLGatell<\/a> en la Condesa:<br><br>Caray.<br><br>Supongo sabe algo que nosotros no sobre el <a href=\"https:\/\/twitter.com\/hashtag\/COVID19?src=hash&amp;ref_src=twsrc%5Etfw\">#COVID19<\/a>. <a href=\"https:\/\/t.co\/kMzCRmFLZG\">pic.twitter.com\/kMzCRmFLZG<\/a><\/p>&mdash; Antonio Nieto (@siete_letras) <a href=\"https:\/\/twitter.com\/siete_letras\/status\/1369829938698670080?ref_src=twsrc%5Etfw\">March 11, 2021<\/a><\/blockquote><script async src=\"https:\/\/platform.twitter.com\/widgets.js\" charset=\"utf-8\"><\/script>\n<\/div><\/figure>\n\n\n\n<p>En la conferencia, el doctor&nbsp;<strong>L\u00f3pez-Gatell<\/strong>&nbsp;explic\u00f3 que en su caso:<\/p>\n\n\n\n<blockquote class=\"wp-block-quote is-style-large is-layout-flow wp-block-quote-is-layout-flow\"><p>La carga viral todav\u00eda es contagiante. Entonces, por esa raz\u00f3n, y dado que tengo una ocupaci\u00f3n p\u00fablica de alto contacto con las personas funcionarias del gobierno federal, es importante que yo verifique que yo no soy contagiante y en este momento s\u00ed soy contagiante\u201d.<\/p><\/blockquote>\n\n\n\n<figure class=\"wp-block-embed-twitter wp-block-embed is-type-rich is-provider-twitter\"><div class=\"wp-block-embed__wrapper\">\n<blockquote class=\"twitter-tweet\" data-width=\"500\" data-dnt=\"true\"><p lang=\"es\" dir=\"ltr\">Comparto p\u00fablicamente que tengo <a href=\"https:\/\/twitter.com\/hashtag\/COVID19?src=hash&amp;ref_src=twsrc%5Etfw\">#COVID19<\/a>. Inici\u00e9 con s\u00edntomas ayer por la noche, afortunadamente son leves. La prueba de ant\u00edgenos dio resultado positivo y espero el de la PCR. Estar\u00e9 trabajando desde casa, pendiente de la estrategia de vacunaci\u00f3n.<\/p>&mdash; Hugo L\u00f3pez-Gatell Ram\u00edrez (@HLGatell) <a href=\"https:\/\/twitter.com\/HLGatell\/status\/1363174619130195975?ref_src=twsrc%5Etfw\">February 20, 2021<\/a><\/blockquote><script async src=\"https:\/\/platform.twitter.com\/widgets.js\" charset=\"utf-8\"><\/script>\n<\/div><\/figure>\n\n\n\n<p>El 28 de febrero, el peri\u00f3dico La Jornada revel\u00f3 que&nbsp;<a href=\"https:\/\/www.jornada.com.mx\/notas\/2021\/02\/28\/politica\/lopez-gatell-hospitalizado\/\" target=\"_blank\" rel=\"noreferrer noopener\">L\u00f3pez-Gatell<\/a>&nbsp;fue internado en el&nbsp;<strong>Hospital Temporal Citibanamex<\/strong>&nbsp;del Hip\u00f3dromo de Ciudad de M\u00e9xico.<\/p>\n\n\n\n<p>Con informaci\u00f3n de L\u00f3pez-D\u00f3riga Digital<\/p>\n\n\n\n<p>Fuente: https:\/\/lopezdoriga.com\/nacional\/no-hay-ninguna-contraindicacion-medica-o-epidemiologica-de-salir-a-caminar-mi-capacidad-contagiante-es-minima-lopez-gatell\/<\/p>\n","protected":false},"excerpt":{"rendered":"<p>El subsecretario de Salud, Hugo L\u00f3pez-Gatell, se\u00f1al\u00f3 que no hay ninguna contraindicaci\u00f3n m\u00e9dica o epidemiol\u00f3gica para salir a caminar L\u00d3PEZ-D\u00d3RIGA [&hellip;]<\/p>\n","protected":false},"author":1,"featured_media":5480,"comment_status":"open","ping_status":"open","sticky":false,"template":"","format":"standard","meta":{"site-sidebar-layout":"default","site-content-layout":"","ast-site-content-layout":"default","site-content-style":"default","site-sidebar-style":"default","ast-global-header-display":"","ast-banner-title-visibility":"","ast-main-header-display":"","ast-hfb-above-header-display":"","ast-hfb-below-header-display":"","ast-hfb-mobile-header-display":"","site-post-title":"","ast-breadcrumbs-content":"","ast-featured-img":"","footer-sml-layout":"","theme-transparent-header-meta":"","adv-header-id-meta":"","stick-header-meta":"","header-above-stick-meta":"","header-main-stick-meta":"","header-below-stick-meta":"","astra-migrate-meta-layouts":"default","ast-page-background-enabled":"default","ast-page-background-meta":{"desktop":{"background-color":"var(--ast-global-color-4)","background-image":"","background-repeat":"repeat","background-position":"center center","background-size":"auto","background-attachment":"scroll","background-type":"","background-media":"","overlay-type":"","overlay-color":"","overlay-opacity":"","overlay-gradient":""},"tablet":{"background-color":"","background-image":"","background-repeat":"repeat","background-position":"center center","background-size":"auto","background-attachment":"scroll","background-type":"","background-media":"","overlay-type":"","overlay-color":"","overlay-opacity":"","overlay-gradient":""},"mobile":{"background-color":"","background-image":"","background-repeat":"repeat","background-position":"center center","background-size":"auto","background-attachment":"scroll","background-type":"","background-media":"","overlay-type":"","overlay-color":"","overlay-opacity":"","overlay-gradient":""}},"ast-content-background-meta":{"desktop":{"background-color":"var(--ast-global-color-5)","background-image":"","background-repeat":"repeat","background-position":"center center","background-size":"auto","background-attachment":"scroll","background-type":"","background-media":"","overlay-type":"","overlay-color":"","overlay-opacity":"","overlay-gradient":""},"tablet":{"background-color":"var(--ast-global-color-5)","background-image":"","background-repeat":"repeat","background-position":"center center","background-size":"auto","background-attachment":"scroll","background-type":"","background-media":"","overlay-type":"","overlay-color":"","overlay-opacity":"","overlay-gradient":""},"mobile":{"background-color":"var(--ast-global-color-5)","background-image":"","background-repeat":"repeat","background-position":"center center","background-size":"auto","background-attachment":"scroll","background-type":"","background-media":"","overlay-type":"","overlay-color":"","overlay-opacity":"","overlay-gradient":""}},"footnotes":""},"categories":[8],"tags":[407,406],"class_list":["post-5479","post","type-post","status-publish","format-standard","has-post-thumbnail","hentry","category-noticias","tag-lopez-gatell-paseos-con-covid-19","tag-lopez-gatell-positivo-por-segunda-vez-en-covod-19"],"_links":{"self":[{"href":"https:\/\/losperiodistas.com.mx\/portal\/wp-json\/wp\/v2\/posts\/5479","targetHints":{"allow":["GET"]}}],"collection":[{"href":"https:\/\/losperiodistas.com.mx\/portal\/wp-json\/wp\/v2\/posts"}],"about":[{"href":"https:\/\/losperiodistas.com.mx\/portal\/wp-json\/wp\/v2\/types\/post"}],"author":[{"embeddable":true,"href":"https:\/\/losperiodistas.com.mx\/portal\/wp-json\/wp\/v2\/users\/1"}],"replies":[{"embeddable":true,"href":"https:\/\/losperiodistas.com.mx\/portal\/wp-json\/wp\/v2\/comments?post=5479"}],"version-history":[{"count":1,"href":"https:\/\/losperiodistas.com.mx\/portal\/wp-json\/wp\/v2\/posts\/5479\/revisions"}],"predecessor-version":[{"id":5481,"href":"https:\/\/losperiodistas.com.mx\/portal\/wp-json\/wp\/v2\/posts\/5479\/revisions\/5481"}],"wp:featuredmedia":[{"embeddable":true,"href":"https:\/\/losperiodistas.com.mx\/portal\/wp-json\/wp\/v2\/media\/5480"}],"wp:attachment":[{"href":"https:\/\/losperiodistas.com.mx\/portal\/wp-json\/wp\/v2\/media?parent=5479"}],"wp:term":[{"taxonomy":"category","embeddable":true,"href":"https:\/\/losperiodistas.com.mx\/portal\/wp-json\/wp\/v2\/categories?post=5479"},{"taxonomy":"post_tag","embeddable":true,"href":"https:\/\/losperiodistas.com.mx\/portal\/wp-json\/wp\/v2\/tags?post=5479"}],"curies":[{"name":"wp","href":"https:\/\/api.w.org\/{rel}","templated":true}]}}