{"id":54786,"date":"2023-07-16T09:37:56","date_gmt":"2023-07-16T14:37:56","guid":{"rendered":"http:\/\/losperiodistas.com.mx\/portal\/?p=54786"},"modified":"2023-07-16T09:37:58","modified_gmt":"2023-07-16T14:37:58","slug":"cuando-amlo-me-cerro-la-puerta-decidi-ser-presidenta-xochitl-galvez-proceso","status":"publish","type":"post","link":"https:\/\/losperiodistas.com.mx\/portal\/cuando-amlo-me-cerro-la-puerta-decidi-ser-presidenta-xochitl-galvez-proceso\/","title":{"rendered":"Cuando AMLO me cerr\u00f3 la puerta, decid\u00ed ser presidenta: X\u00f3chitl G\u00e1lvez | Proceso"},"content":{"rendered":"\n<p class=\"has-light-green-cyan-background-color has-background has-medium-font-size\"><strong>\u201cEse d\u00eda dije: esa puerta (de Palacio Nacional) hay que abrirla de adentro hacia afuera\u201d, cuenta la senadora. En entrevista con Proceso aborda temas pol\u00e9micos: los ataques de L\u00f3pez Obrador, el financiamiento de sus viajes y eventos, los se\u00f1alamientos de que es candidata de los oligarcas&#8230;<\/strong><\/p>\n\n\n\n<figure class=\"wp-block-embed is-type-video is-provider-youtube wp-block-embed-youtube wp-embed-aspect-16-9 wp-has-aspect-ratio\"><div class=\"wp-block-embed__wrapper\">\n<iframe title=\"Cuando AMLO me cerr\u00f3 la puerta, decid\u00ed ser presidenta: X\u00f3chitl G\u00e1lvez\" width=\"500\" height=\"281\" src=\"https:\/\/www.youtube.com\/embed\/SBg2qAo82TA?feature=oembed\" frameborder=\"0\" allow=\"accelerometer; autoplay; clipboard-write; encrypted-media; gyroscope; picture-in-picture; web-share\" referrerpolicy=\"strict-origin-when-cross-origin\" allowfullscreen><\/iframe>\n<\/div><\/figure>\n\n\n\n<p><\/p>\n\n\n\n<p class=\"has-vivid-red-color has-text-color has-medium-font-size\"><strong>DALILA ESCOBAR \/ PROCESO<\/strong><\/p>\n\n\n\n<p><strong>Ciudad de M\u00e9xico (Proceso).&#8211;<\/strong>&nbsp;El d\u00eda que el presidente Andr\u00e9s Manuel L\u00f3pez Obrador le cerr\u00f3 la puerta de Palacio Nacional, X\u00f3chitl G\u00e1lvez decidi\u00f3 lanzarse a la candidatura presidencial para 2024.&nbsp;<\/p>\n\n\n\n<p>Meses atr\u00e1s quienes le plantearon esa posibilidad fueron grupos de la sociedad civil y empresariales. A todos, afirma, les dijo que no.\u00a0<\/p>\n\n\n\n<p class=\"has-cyan-bluish-gray-background-color has-background\"><strong>NOTICIAS RELACIONADAS<\/strong><\/p>\n\n\n\n<ul class=\"wp-block-list\"><li><a href=\"https:\/\/www.proceso.com.mx\/nacional\/2023\/7\/14\/xochitl-galvez-califica-de-perro-oso-el-tuit-de-amlo-dice-que-lo-denunciara-310757.html\">X\u00f3chitl G\u00e1lvez califica de \u201cperro oso\u201d el tuit de AMLO, y dice que lo denunciar\u00e1<\/a><\/li><li><a href=\"https:\/\/www.proceso.com.mx\/nacional\/2023\/7\/14\/calderon-cobija-xochitl-galvez-dice-que-amlo-ya-habia-cometido-esos-delitos-con-el-310755.html\">Calder\u00f3n cobija a X\u00f3chitl G\u00e1lvez y dice que AMLO ya hab\u00eda cometido \u201cesos delitos\u201d con \u00e9l<\/a><\/li><li><a href=\"https:\/\/www.proceso.com.mx\/nacional\/2023\/7\/14\/cuales-son-que-se-dedican-las-empresas-de-xochitl-galvez-310750.html\">Cu\u00e1les son y a qu\u00e9 se dedican las empresas de X\u00f3chitl G\u00e1lvez<\/a><\/li><\/ul>\n\n\n\n<p>\u201cEse d\u00eda dije: \u2018esa puerta hay que abrirla de adentro hacia afuera. Este hombre la tiene cerrada para todos los mexicanos que no pensamos como \u00e9l\u2019\u201d, asegura en entrevista con&nbsp;Proceso.&nbsp;<\/p>\n\n\n\n<figure class=\"wp-block-image is-style-default\"><img decoding=\"async\" src=\"https:\/\/www.proceso.com.mx\/u\/fotografias\/m\/2023\/7\/16\/f768x400-177674_221577_15.jpg\" alt=\"\"\/><figcaption>En Palacio Nacional. Tocando la puerta\/ Foto:&nbsp;Miguel Dimayuga Meneses<\/figcaption><\/figure>\n\n\n\n<p>La senadora &#8211;que est\u00e1 en la mira constante del presidente Andr\u00e9s Manuel L\u00f3pez Obrador&#8211; asegura que no es una candidata presidencial ungida por los partidos pol\u00edticos de oposici\u00f3n &#8211;\u201cninguno me ve\u00eda con posibilidades\u201d&#8211;; pero ve que en su eventual candidatura \u201ccabe el PRI, cabe el PAN, cabe el PRD y ojal\u00e1 pudiera caber MC. A m\u00ed me encantar\u00eda que estuviera MC porque yo tengo una agenda progresista, tengo una agenda de izquierda en temas sociales, tengo una agenda de instituciones donde al PRI se la compro. Le compro al PAN el bien com\u00fan, la libre empresa y podemos hacer una agenda muy amplia donde cabemos todos\u201d.&nbsp;<\/p>\n\n\n\n<p><strong>\u201cMis locuras conectan\u201d<\/strong>&nbsp;<\/p>\n\n\n\n<p>Nacida en&nbsp;Tepatepec, Hidalgo, hace 60 a\u00f1os, X\u00f3chitl G\u00e1lvez afirmaba hasta hace poco en cada entrevista y en todas sus publicaciones que estaba lista para gobernar la capital del pa\u00eds.&nbsp;<\/p>\n\n\n\n<p>\u201cNo&nbsp;hab\u00eda querido creer que ten\u00eda yo alguna posibilidad a la Presidencia de la Rep\u00fablica. Hab\u00eda voces que escrib\u00edan art\u00edculos, hab\u00eda personas que me dec\u00edan \u2018an\u00edmate, mira tienes una historia de superaci\u00f3n, t\u00fa has trabajado much\u00edsimo por las comunidades ind\u00edgenas durante el sexenio de Vicente Fox, pues de alguna manera recorriste ese M\u00e9xico profundo y eso no lo puede negar nadie\u2019\u201d.<\/p>\n\n\n\n<p>Entre esas voces estuvieron las de legisladoras como \u201cAng\u00e9lica (De la Pe\u00f1a), la esposa de Chucho (Ortega, expresidente del PRD), Dulce Mar\u00eda Sauri (expresidenta del PRI)\u201d; tambi\u00e9n surgieron de otro \u00e1mbito, el empresarial.&nbsp;<\/p>\n\n\n\n<p>\u201cHab\u00eda ido a eventos empresariales, de Concamin, Concanaco, en los que me dec\u00edan: \u2018oye, t\u00fa puedes ser la candidata\u2019. Hab\u00eda le\u00eddo art\u00edculos de muchos personajes que me lo hab\u00edan propuesto, pero hasta ah\u00ed, yo nunca me sent\u00e9 con poderosos\u201d, afirma.<\/p>\n\n\n\n<p>Lo que s\u00ed tuvo como antecedente la legisladora fue asistir \u201ca una comida del Consejo Mexicano de hombres de Negocios y les dije que no iba. Se los dije de frente\u201d.&nbsp;<\/p>\n\n\n\n<p>&#8212; \u00bfQu\u00e9 le dijeron?<\/p>\n\n\n\n<p>&#8211;Lo que me dec\u00edan es que si hab\u00eda valorado la posibilidad de ser candidata a la Presidencia y les dije que no, que yo quer\u00eda ser jefa de gobierno.<\/p>\n\n\n\n<p>La aspirante a coordinar el Frente Amplio por M\u00e9xico considera que la raz\u00f3n por la que la vieron presidenciable fue \u201cporque ve\u00edan que era una mujer valiente, entrona, con una agenda social. Lo que no ve\u00edan en otros candidatos del propio frente. Mis locuras al final de cuentas conectan\u201d.&nbsp;<\/p>\n\n\n\n<p>Entre las ventajas que ve para ofrecer al sector empresarial es \u201cque soy una mujer dura y lo que ellos est\u00e1n esperando es que se aplique el estado de derecho, que haya reglas claras y comprensi\u00f3n porque desde mi visi\u00f3n el gobierno es socio del 33% de las empresas, de las utilidades. \u00bfQu\u00e9 te conviene como gobierno?, que las empresas produzcan, haya confianza, haya crecimiento y haya dinero para repartir\u201d.<\/p>\n\n\n\n<p>Ante los embates del mandatario federal, dice: \u201cMe acusa de tener una empresa, pero no me acusa de bandida\u201d.&nbsp;<\/p>\n\n\n\n<p><strong>\u201c\u00bfQui\u00e9n paga los recorridos?\u201d<\/strong><\/p>\n\n\n\n<p>Para evitar que se le vea como una candidata de los mismos empresarios, G\u00e1lvez hace una comparaci\u00f3n con los aspirantes presidenciales de Morena, entre quienes sugiere est\u00e1 el apoyo de la iniciativa privada o del propio gobierno.&nbsp;<\/p>\n\n\n\n<p>\u201cLos que traen la lana de los empresarios son Claudia y Ad\u00e1n Augusto o la traen del erario p\u00fablico. Dej\u00e9monos de cerrar los ojos: esos espectaculares alguien lo paga (\u2026) yo al d\u00eda de hoy no tengo un peso de los empresarios y no lo necesito porque mis firmas no las van a conseguir con dinero, sino con redes\u201d.<\/p>\n\n\n\n<figure class=\"wp-block-image is-style-default\"><img decoding=\"async\" src=\"https:\/\/www.proceso.com.mx\/u\/fotografias\/m\/2023\/7\/9\/f768x400-177206_221109_4978.jpeg\" alt=\"\"\/><figcaption>Sheinbaum. \u00abLa lana de los empresarios\u00bb. \/ Foto: Gloria Reza &nbsp;<\/figcaption><\/figure>\n\n\n\n<p>La legisladora admite que los hospedajes y vuelos de sus recorridos los paga con las utilidades de su negocio, pero hay casos donde entra el dinero de las empresas que la invitan.&nbsp;<\/p>\n\n\n\n<p>\u201c\u00bfQui\u00e9n paga los recorridos? Las organizaciones de la sociedad civil, me invitan. Unidos por M\u00e9xico, Marea Rosa, Concamin,&nbsp;Canaintra. Ayer fui con los empresarios de Monterrey, como los rebeldes, los independientes de Nuevo Le\u00f3n y se enojaron otros, pero yo voy con todos, voy con quien me invite y cuando me invitan queda claro que ellos pagan con sus recursos estos eventos porque adem\u00e1s lo m\u00e1s caro es pagar el sal\u00f3n, yo pago mi hotel y mi boleto de avi\u00f3n\u201d, asegura.<\/p>\n\n\n\n<p>La legisladora por el PAN incluso considera que para financiar su campa\u00f1a buscar\u00eda un fondeo social en una cuenta que har\u00eda transparente, \u201cque la gente le ponga lana, quien quiera que yo llegue haga su lona de su casa por su cuenta, ponga la calcoman\u00eda en su coche\u201d.<\/p>\n\n\n\n<p>Comenta que esa estrategia funcion\u00f3 cuando se postul\u00f3 a la gubernatura de Hidalgo en la que \u2013recuerda&#8211; tuvo 42% de intenci\u00f3n de voto, pero no gan\u00f3 porque considera que le falt\u00f3 cuidar las urnas.&nbsp;<\/p>\n\n\n\n<p>G\u00e1lvez afirma que no hay dinero detr\u00e1s de todas sus publicaciones, \u201clo que pauto en Facebook est\u00e1 muy claro d\u00f3nde lo pauto. Yo tengo utilidades de mi empresa, a lo mejor por eso el presidente quiere que desaparezca porque de ah\u00ed de las utilidades que tengo es de donde pago mi Facebook. Yo quiero preguntarle a Claudia de d\u00f3nde paga su Facebook, yo tengo para decir de d\u00f3nde viene el dinero: s\u00ed, soy empresaria, tengo utilidades, hasta el d\u00eda de hoy no tengo dinero de empresarios, ni lo necesito, porque las 150 mil firmas las van a sacar los ciudadanos\u201d.&nbsp;<\/p>\n\n\n\n<p><strong>\u201cDecisiones en soledad\u201d<\/strong><\/p>\n\n\n\n<p>De entrar al pleno del Senado en una botarga de dinosaurio hasta interponer un amparo para solicitar el derecho de r\u00e9plica, la tambi\u00e9n empresaria ascendi\u00f3 en popularidad y apoyo en redes sociales, que se dio en medio de la acusaci\u00f3n del presidente Andr\u00e9s Manuel L\u00f3pez Obrador de que fue elegida por un grupo olig\u00e1rquico en el que participa Carlos Salinas de Gortari, Diego Fern\u00e1ndez de Cevallos, Jorge Casta\u00f1eda, Vicente Fox y como gerente el empresario Claudio X. Gonz\u00e1lez.<\/p>\n\n\n\n<figure class=\"wp-block-image is-style-default\"><img decoding=\"async\" src=\"https:\/\/www.proceso.com.mx\/u\/fotografias\/m\/2023\/7\/16\/f768x400-177675_221578_15.jpg\" alt=\"\"\/><figcaption>AMLO. Andanada\/ Foto:&nbsp;Germ\u00e1n Canseco.<\/figcaption><\/figure>\n\n\n\n<p>X\u00f3chitl descarta que su candidatura sea un remanente de lo que se registr\u00f3 en 1994, con el grupo San \u00c1ngel, cuando desde la casa de Jorge Casta\u00f1eda se gest\u00f3 un movimiento de pol\u00edticos e intelectuales que marcaron agenda para definir el rumbo del pa\u00eds, bajo la consigna de que se buscaba un equilibrio y ning\u00fan \u201cchoque de trenes\u201d.&nbsp;<\/p>\n\n\n\n<p>\u201cNo, no; la decisi\u00f3n la tom\u00e9 en una monta\u00f1a de mi pueblo. Dicen que ah\u00ed est\u00e1 enterrado mi ombligo, dicen, y uno ah\u00ed sube a hablar con su esp\u00edritu y su coraz\u00f3n y yo ah\u00ed es en donde he tomado las grandes decisiones de mi vida, ah\u00ed tom\u00e9 la decisi\u00f3n de venirme a la ciudad sin conocer a nadie y sin tener empleo. Ah\u00ed sub\u00ed a decir te debes ir o quedarte en este pueblo y ah\u00ed decid\u00ed que me quer\u00eda venir, ah\u00ed decid\u00ed si entraba o no al gabinete de Vicente Fox, ese es el lugar donde voy a tomar mis decisiones en la soledad\u201d, afirma.&nbsp;<\/p>\n\n\n\n<p>El 27 de junio G\u00e1lvez apareci\u00f3 en un video grabado a las 2 de la ma\u00f1ana, frente a Palacio Nacional para presentarse como \u201cla pr\u00f3xima Presidenta de M\u00e9xico\u201d y que ha alcanzado casi 8 millones de vistas.&nbsp;<\/p>\n\n\n\n<p>Quince d\u00edas antes, la llave con la que busc\u00f3 entrar a Palacio fue el derecho de r\u00e9plica que obtuvo mediante un juez.&nbsp;<\/p>\n\n\n\n<p>\u201c\u00c9l hab\u00eda dicho una mentira y fue incapaz de corregir su mentira, y me di cuenta que M\u00e9xico est\u00e1 cansado de la divisi\u00f3n, del odio, del coraje, del rencor, eso que el presidente todas las ma\u00f1anas alimenta, ese odio contra quien se supera, ese odio contra el que tiene, contra el que trabaja\u201d, indica.<\/p>\n\n\n\n<figure class=\"wp-block-image is-style-default\"><img decoding=\"async\" src=\"https:\/\/www.proceso.com.mx\/u\/fotografias\/m\/2023\/7\/16\/f768x400-177676_221579_15.jpg\" alt=\"\"\/><figcaption>Con la botarga de dinosaurio. Protesta simb\u00f3lica \/ Foto:&nbsp;Eduardo Miranda<\/figcaption><\/figure>\n\n\n\n<p>G\u00e1lvez refiere que no siempre observ\u00f3 esta hostilidad por parte del jefe del Ejecutivo Federal, quien, incluso, la invit\u00f3 a ser parte de su movimiento cuando \u201chasta hace cinco a\u00f1os yo era lo m\u00e1ximo\u201d.&nbsp;<\/p>\n\n\n\n<p>X\u00f3chitl relata el episodio: \u201cClaudia me invit\u00f3 y me dijo que quer\u00eda ir Andy (Andr\u00e9s Manuel L\u00f3pez Beltr\u00e1n) a hacerme una propuesta de parte de su pap\u00e1. Y fue Andy a mi casa en Monte Camer\u00fan junto con Claudia y me propusieron dos cosas: o ir al gabinete presidencial o ser senadora de la Rep\u00fablica y ninguna de las dos cosas acept\u00e9. Eso es \u00e9tico tambi\u00e9n, no s\u00e9 si a partir de ah\u00ed me agarr\u00f3 coraje\u201d.&nbsp;<\/p>\n\n\n\n<p><strong>Escenarios electorales<\/strong><\/p>\n\n\n\n<p>De ascendencia otom\u00ed, G\u00e1lvez detalla que con quien m\u00e1s identificaci\u00f3n tiene entre los aspirantes morenistas es Marcelo Ebrard: \u201ctiene una agenda similar a la m\u00eda, s\u00ed tiene intenci\u00f3n de energ\u00edas limpias, de autos el\u00e9ctricos, s\u00ed le preocupa la clase media, s\u00ed creo que en ese caso Ebrard es m\u00e1s competitivo con la agenda que yo tengo\u201d.<\/p>\n\n\n\n<p>En un eventual escenario finalista X\u00f3chitl-Ebrard, opina que \u201chay temas de Ebrard que son complicados, habr\u00eda que verlos en su momento y habr\u00eda que ver si Morena no queda fracturado\u201d.<\/p>\n\n\n\n<p>En un eventual X\u00f3chitl-Claudia Sheinbaum: \u201cEs un escenario interesante porque si s\u00f3lo hay dos candidaturas ser\u00eda la garant\u00eda de que M\u00e9xico va a tener una mujer presidenta y entonces ah\u00ed ya no ser\u00eda voto porque eres mujer, ah\u00ed s\u00ed ser\u00eda voto por la m\u00e1s capaz, voto por la m\u00e1s emp\u00e1tica, voto por la que se preocupe por mis problemas, llegado ese momento, ahorita no podemos hablar de votaci\u00f3n\u201d.<\/p>\n\n\n\n<p>Del tercer aspirante presidencial morenista, Ad\u00e1n Augusto L\u00f3pez, su opini\u00f3n es distinta: \u201cCreo que es al m\u00e1s f\u00e1cil de ganarle, porque es muy poco emp\u00e1tico; una campa\u00f1a, no s\u00e9, a lo mejor me equivoco, pues t\u00fa no puedes llegar a una comunidad ind\u00edgena con un reloj de 500 mil pesos, cuando a lo mejor ese d\u00eda ni siquiera comiste\u201d.&nbsp;<\/p>\n\n\n\n<p>Tambi\u00e9n es enf\u00e1tica en responder a sus propios compa\u00f1eros de oposici\u00f3n que se han bajado con el argumento de que el proceso del Frente Amplio por M\u00e9xico ya no es de corte ciudadano.&nbsp;<\/p>\n\n\n\n<p>\u201cQue no sean sacones, si no tienes chance de conseguir tus firmas mejor di \u2018pues no pude conseguir mis firmas y me voy\u2019, y no le eches la culpa a que es cupular; porque si hay alguien que est\u00e1 castigada en el Senado por no haber hecho lo que Marko Cort\u00e9s dec\u00eda, es tu servidora (\u2026) Yo sab\u00eda que no era la consentida de los partidos y no ando diciendo \u2018ay no pues es que no voy a sacar las firmas porque hay trato\u2019. No le voy a echar la culpa a Santiago Creel que por su culpa no consegu\u00ed y que hab\u00eda dados cargados, pues no las consegu\u00ed por g\u00fcey y ya a tu casa, v\u00e1monos a otra cosa\u201d.<\/p>\n\n\n\n<figure class=\"wp-block-image is-style-default\"><img decoding=\"async\" src=\"https:\/\/www.proceso.com.mx\/u\/fotografias\/m\/2023\/7\/16\/f768x400-177677_221580_15.jpg\" alt=\"\"\/><figcaption>Frente Amplio por M\u00e9xico. \u00abTodos caben\u00bb \/ Foto:&nbsp;Germ\u00e1n Canseco<\/figcaption><\/figure>\n\n\n\n<p>Asegura que para lograr las firmas y una candidatura, se debe tener \u201cpericia, la chispa de hacer lo que hice en las redes; pues eso no es culpa m\u00eda pero que no me descalifiquen, no est\u00e1 padre que te descalifiquen\u201d.<\/p>\n\n\n\n<p>En cambio, asegura que en Morena ser\u00e1 el presidente L\u00f3pez Obrador quien elegir\u00e1 a su sucesor y se\u00f1ala a la exjefa de Gobierno, Claudia Sheinbaum.&nbsp;<\/p>\n\n\n\n<p>&#8211;\u00bfNo es usted la elegida de la c\u00fapula?<\/p>\n\n\n\n<p>&#8211;Claro que no soy la elegida de la c\u00fapula, pues si hasta de trotskista me acusan. Por cierto, ahora los trotskistas dicen que no me conocen y me dijeron que era peque\u00f1a burguesa porque me volv\u00ed empresaria.&nbsp;<\/p>\n\n\n\n<p><strong>La fiesta \u201ccon la mafia del poder\u201d<\/strong><\/p>\n\n\n\n<p>Un momento en el que el presidente identifica a G\u00e1lvez con \u201cla mafia del poder\u201d es una fiesta en la que aparece con empresarios y otros pol\u00edticos adversarios del presidente.&nbsp;<\/p>\n\n\n\n<p>G\u00e1lvez cuenta como antecedente que \u201cal principio tuve una relaci\u00f3n poco amable con Diego Fern\u00e1ndez de Cevallos. Me acus\u00f3 de ser trotskista, piojosa y&nbsp;morraluda. Fue un enfrentamiento la construcci\u00f3n de la Ley de Derechos y Cultura Ind\u00edgena porque \u00e9l no la ve\u00eda con buenos ojos\u201d.&nbsp;<\/p>\n\n\n\n<p>Dice que busc\u00f3 consensos con el entonces senador en aras de conseguir algunos elementos para las comunidades originarias \u201cy me dijo va; me dio su palabra y cumpli\u00f3 su palabra al pie de la letra y constru\u00ed una amistad con Diego a ra\u00edz de la descalificaci\u00f3n original\u201d.<\/p>\n\n\n\n<p>La fiesta de 2016, del video difundido tambi\u00e9n desde Palacio Nacional, se trat\u00f3 de uno de los cumplea\u00f1os de Fern\u00e1ndez de Cevallos, en el que estuvieron tambi\u00e9n la ministra Yasm\u00edn Esquivel, el ingeniero Carlos Slim, \u201cque es muy amigo del presidente\u201d, Cuauht\u00e9moc C\u00e1rdenas, Porfirio Mu\u00f1oz Ledo; \u201co sea, la gente se debe de reunir a platicar y eso no quiero decir que yo sea cuata de todos ellos\u201d.&nbsp;<\/p>\n\n\n\n<p>Para la senadora las condiciones para su candidatura se han conformado bien, pero no cont\u00f3 con \u201cque iba a enfrentar tanta violencia pol\u00edtica de parte del presidente. No pens\u00e9 que el presidente fuera un hombre tan mis\u00f3gino y tan macho. \u00c9l no concibe que una mujer que se ha hecho sola est\u00e9 aqu\u00ed por su m\u00e9rito, \u00e9l cree que hay hombres olig\u00e1rquicos que est\u00e1n detr\u00e1s de m\u00ed\u201d.<\/p>\n\n\n\n<p>Tambi\u00e9n le parece inconcebible que el jefe del Ejecutivo Federal cometa un delito fiscal al dar a conocer qui\u00e9nes son los clientes de X\u00f3chitl\u00a0\u201cpara amenazarlos, amedrentarlos, para que me dejen de dar trabajo. Busca meterme en una crisis, \u00e9l busca que yo cierre mi empresa donde tengo m\u00e1s de 250 empleados a los que les genero trabajo\u201d,\u00a0por lo que analiza presentar\u00a0denuncias por ser informaci\u00f3n que \u00fanicamente tiene el SAT pero que se hizo p\u00fablica.\u00a0<\/p>\n\n\n\n<p>Fuente: <a href=\"https:\/\/www.proceso.com.mx\/nacional\/2023\/7\/16\/cuando-amlo-me-cerro-la-puerta-decidi-ser-presidenta-xochitl-galvez-310803.html\">https:\/\/www.proceso.com.mx\/nacional\/2023\/7\/16\/cuando-amlo-me-cerro-la-puerta-decidi-ser-presidenta-xochitl-galvez-310803.html<\/a><\/p>\n\n\n\n<p><a href=\"https:\/\/www.proceso.com.mx\/u\/fotografias\/fotosnoticias\/2023\/7\/16\/177678.jpg\"><\/a><\/p>\n","protected":false},"excerpt":{"rendered":"<p>\u201cEse d\u00eda dije: esa puerta (de Palacio Nacional) hay que abrirla de adentro hacia afuera\u201d, cuenta la senadora. En entrevista [&hellip;]<\/p>\n","protected":false},"author":1,"featured_media":54787,"comment_status":"open","ping_status":"open","sticky":false,"template":"","format":"standard","meta":{"site-sidebar-layout":"default","site-content-layout":"","ast-site-content-layout":"default","site-content-style":"default","site-sidebar-style":"default","ast-global-header-display":"","ast-banner-title-visibility":"","ast-main-header-display":"","ast-hfb-above-header-display":"","ast-hfb-below-header-display":"","ast-hfb-mobile-header-display":"","site-post-title":"","ast-breadcrumbs-content":"","ast-featured-img":"","footer-sml-layout":"","theme-transparent-header-meta":"","adv-header-id-meta":"","stick-header-meta":"","header-above-stick-meta":"","header-main-stick-meta":"","header-below-stick-meta":"","astra-migrate-meta-layouts":"default","ast-page-background-enabled":"default","ast-page-background-meta":{"desktop":{"background-color":"var(--ast-global-color-4)","background-image":"","background-repeat":"repeat","background-position":"center center","background-size":"auto","background-attachment":"scroll","background-type":"","background-media":"","overlay-type":"","overlay-color":"","overlay-opacity":"","overlay-gradient":""},"tablet":{"background-color":"","background-image":"","background-repeat":"repeat","background-position":"center center","background-size":"auto","background-attachment":"scroll","background-type":"","background-media":"","overlay-type":"","overlay-color":"","overlay-opacity":"","overlay-gradient":""},"mobile":{"background-color":"","background-image":"","background-repeat":"repeat","background-position":"center center","background-size":"auto","background-attachment":"scroll","background-type":"","background-media":"","overlay-type":"","overlay-color":"","overlay-opacity":"","overlay-gradient":""}},"ast-content-background-meta":{"desktop":{"background-color":"var(--ast-global-color-5)","background-image":"","background-repeat":"repeat","background-position":"center center","background-size":"auto","background-attachment":"scroll","background-type":"","background-media":"","overlay-type":"","overlay-color":"","overlay-opacity":"","overlay-gradient":""},"tablet":{"background-color":"var(--ast-global-color-5)","background-image":"","background-repeat":"repeat","background-position":"center center","background-size":"auto","background-attachment":"scroll","background-type":"","background-media":"","overlay-type":"","overlay-color":"","overlay-opacity":"","overlay-gradient":""},"mobile":{"background-color":"var(--ast-global-color-5)","background-image":"","background-repeat":"repeat","background-position":"center center","background-size":"auto","background-attachment":"scroll","background-type":"","background-media":"","overlay-type":"","overlay-color":"","overlay-opacity":"","overlay-gradient":""}},"footnotes":""},"categories":[8],"tags":[14772],"class_list":["post-54786","post","type-post","status-publish","format-standard","has-post-thumbnail","hentry","category-noticias","tag-xochitl-galvez"],"_links":{"self":[{"href":"https:\/\/losperiodistas.com.mx\/portal\/wp-json\/wp\/v2\/posts\/54786","targetHints":{"allow":["GET"]}}],"collection":[{"href":"https:\/\/losperiodistas.com.mx\/portal\/wp-json\/wp\/v2\/posts"}],"about":[{"href":"https:\/\/losperiodistas.com.mx\/portal\/wp-json\/wp\/v2\/types\/post"}],"author":[{"embeddable":true,"href":"https:\/\/losperiodistas.com.mx\/portal\/wp-json\/wp\/v2\/users\/1"}],"replies":[{"embeddable":true,"href":"https:\/\/losperiodistas.com.mx\/portal\/wp-json\/wp\/v2\/comments?post=54786"}],"version-history":[{"count":1,"href":"https:\/\/losperiodistas.com.mx\/portal\/wp-json\/wp\/v2\/posts\/54786\/revisions"}],"predecessor-version":[{"id":54788,"href":"https:\/\/losperiodistas.com.mx\/portal\/wp-json\/wp\/v2\/posts\/54786\/revisions\/54788"}],"wp:featuredmedia":[{"embeddable":true,"href":"https:\/\/losperiodistas.com.mx\/portal\/wp-json\/wp\/v2\/media\/54787"}],"wp:attachment":[{"href":"https:\/\/losperiodistas.com.mx\/portal\/wp-json\/wp\/v2\/media?parent=54786"}],"wp:term":[{"taxonomy":"category","embeddable":true,"href":"https:\/\/losperiodistas.com.mx\/portal\/wp-json\/wp\/v2\/categories?post=54786"},{"taxonomy":"post_tag","embeddable":true,"href":"https:\/\/losperiodistas.com.mx\/portal\/wp-json\/wp\/v2\/tags?post=54786"}],"curies":[{"name":"wp","href":"https:\/\/api.w.org\/{rel}","templated":true}]}}