{"id":54783,"date":"2023-07-16T08:54:30","date_gmt":"2023-07-16T13:54:30","guid":{"rendered":"http:\/\/losperiodistas.com.mx\/portal\/?p=54783"},"modified":"2023-07-16T08:54:32","modified_gmt":"2023-07-16T13:54:32","slug":"el-papa-francisco-que-dios-libere-la-familia-humana-del-flagelo-de-la-guerra-vatican-news","status":"publish","type":"post","link":"https:\/\/losperiodistas.com.mx\/portal\/el-papa-francisco-que-dios-libere-la-familia-humana-del-flagelo-de-la-guerra-vatican-news\/","title":{"rendered":"El Papa Francisco: Que Dios libere la familia humana del flagelo de la guerra | Vatican News"},"content":{"rendered":"\n<p class=\"has-luminous-vivid-amber-background-color has-background has-medium-font-size\">En 1943 durante la Segunda Guerra Mundial, algunos barrios romanos fueron bombardeados. El Papa Francisco en sus saludos record\u00f3 ese tr\u00e1gico momento, que por desgracia, como dijo, es tan actual, las guerras siguen. Pidi\u00f3 a Dios que libere la familia humana de ese flagelo<\/p>\n\n\n\n<figure class=\"wp-block-image size-large is-style-default\"><img fetchpriority=\"high\" decoding=\"async\" width=\"1024\" height=\"577\" src=\"https:\/\/losperiodistas.com.mx\/portal\/wp-content\/uploads\/2023\/07\/Captura-de-Pantalla-2023-07-16-a-las-7.50.46-1024x577.jpg\" alt=\"\" class=\"wp-image-54784\" srcset=\"https:\/\/losperiodistas.com.mx\/portal\/wp-content\/uploads\/2023\/07\/Captura-de-Pantalla-2023-07-16-a-las-7.50.46-1024x577.jpg 1024w, https:\/\/losperiodistas.com.mx\/portal\/wp-content\/uploads\/2023\/07\/Captura-de-Pantalla-2023-07-16-a-las-7.50.46-300x169.jpg 300w, https:\/\/losperiodistas.com.mx\/portal\/wp-content\/uploads\/2023\/07\/Captura-de-Pantalla-2023-07-16-a-las-7.50.46-768x433.jpg 768w, https:\/\/losperiodistas.com.mx\/portal\/wp-content\/uploads\/2023\/07\/Captura-de-Pantalla-2023-07-16-a-las-7.50.46.jpg 1502w\" sizes=\"(max-width: 1024px) 100vw, 1024px\" \/><\/figure>\n\n\n\n<p><\/p>\n\n\n\n<p class=\"has-vivid-red-color has-text-color has-medium-font-size\"><strong>PATRICIA YNESTROZA \/ VATICAN NEWS<\/strong><\/p>\n\n\n\n<p>El 19 de julio se cumplir\u00e1n 80 a\u00f1os del bombardeo que sufri\u00f3 Roma, quedando destruidos algunos barrios, como el de San Lorenzo, el venerable Papa Pio XII, visit\u00f3 esos barrios, quiso estar entre la gente devastada. Es as\u00ed como Francisco record\u00f3 ese momento, un aniversario que \u201cpor desgracia\u201d, tambi\u00e9n hoy se repite.<\/p>\n\n\n\n<p>\u201c\u00bfC\u00f3mo es posible? \u00bfHemos perdido la memoria? Que el Se\u00f1or se apiade de nosotros y libre a la familia humana del flagelo de la guerra. En particular, rezamos por el querido pueblo ucraniano, que tanto est\u00e1 sufriendo\u201d.<\/p>\n\n\n\n<h2 class=\"wp-block-heading\"><strong>A las parroquias que activaron centros veraniegos infantiles<\/strong><\/h2>\n\n\n\n<p>El Papa salud\u00f3 y dio las gracias a todas las parroquias que en este per\u00edodo realizan actividades de verano con ni\u00f1os y j\u00f3venes -incluso en el Vaticano.<\/p>\n\n\n\n<p>\u201c\u00a1Gracias a los sacerdotes, a las religiosas, a los animadores y a las familias! En este contexto, hago llegar mis mejores deseos para la pr\u00f3xima edici\u00f3n del Festival de Cine de Giffoni, en el que los protagonistas son los ni\u00f1os y los j\u00f3venes\u201d.<\/p>\n\n\n\n<p>En sus saludos a los fieles presentes, el Papa dedic\u00f3 unas palabras a las Hermanas Misioneras de Nuestra Se\u00f1ora de los Ap\u00f3stoles, reunidas en Roma para su Cap\u00edtulo general. Y a la Comunidad Cen\u00e1culo, que desde hace 40 a\u00f1os es un lugar de acogida y de promoci\u00f3n humana; Bendijo a todas las fraternidades y alab\u00f3 la labor que hacen todos.<\/p>\n\n\n\n<p>Fuente: <a href=\"https:\/\/www.vaticannews.va\/es\/papa\/news\/2023-07\/saludos-despues-angelus-papa-francisco-guerra-ucrania.html\">https:\/\/www.vaticannews.va\/es\/papa\/news\/2023-07\/saludos-despues-angelus-papa-francisco-guerra-ucrania.html<\/a><\/p>\n","protected":false},"excerpt":{"rendered":"<p>En 1943 durante la Segunda Guerra Mundial, algunos barrios romanos fueron bombardeados. El Papa Francisco en sus saludos record\u00f3 ese [&hellip;]<\/p>\n","protected":false},"author":1,"featured_media":54784,"comment_status":"open","ping_status":"open","sticky":false,"template":"","format":"standard","meta":{"site-sidebar-layout":"default","site-content-layout":"","ast-site-content-layout":"default","site-content-style":"default","site-sidebar-style":"default","ast-global-header-display":"","ast-banner-title-visibility":"","ast-main-header-display":"","ast-hfb-above-header-display":"","ast-hfb-below-header-display":"","ast-hfb-mobile-header-display":"","site-post-title":"","ast-breadcrumbs-content":"","ast-featured-img":"","footer-sml-layout":"","theme-transparent-header-meta":"","adv-header-id-meta":"","stick-header-meta":"","header-above-stick-meta":"","header-main-stick-meta":"","header-below-stick-meta":"","astra-migrate-meta-layouts":"default","ast-page-background-enabled":"default","ast-page-background-meta":{"desktop":{"background-color":"var(--ast-global-color-4)","background-image":"","background-repeat":"repeat","background-position":"center center","background-size":"auto","background-attachment":"scroll","background-type":"","background-media":"","overlay-type":"","overlay-color":"","overlay-opacity":"","overlay-gradient":""},"tablet":{"background-color":"","background-image":"","background-repeat":"repeat","background-position":"center center","background-size":"auto","background-attachment":"scroll","background-type":"","background-media":"","overlay-type":"","overlay-color":"","overlay-opacity":"","overlay-gradient":""},"mobile":{"background-color":"","background-image":"","background-repeat":"repeat","background-position":"center center","background-size":"auto","background-attachment":"scroll","background-type":"","background-media":"","overlay-type":"","overlay-color":"","overlay-opacity":"","overlay-gradient":""}},"ast-content-background-meta":{"desktop":{"background-color":"var(--ast-global-color-5)","background-image":"","background-repeat":"repeat","background-position":"center center","background-size":"auto","background-attachment":"scroll","background-type":"","background-media":"","overlay-type":"","overlay-color":"","overlay-opacity":"","overlay-gradient":""},"tablet":{"background-color":"var(--ast-global-color-5)","background-image":"","background-repeat":"repeat","background-position":"center center","background-size":"auto","background-attachment":"scroll","background-type":"","background-media":"","overlay-type":"","overlay-color":"","overlay-opacity":"","overlay-gradient":""},"mobile":{"background-color":"var(--ast-global-color-5)","background-image":"","background-repeat":"repeat","background-position":"center center","background-size":"auto","background-attachment":"scroll","background-type":"","background-media":"","overlay-type":"","overlay-color":"","overlay-opacity":"","overlay-gradient":""}},"footnotes":""},"categories":[8],"tags":[17410,196],"class_list":["post-54783","post","type-post","status-publish","format-standard","has-post-thumbnail","hentry","category-noticias","tag-flagelos-de-la-guerra","tag-papa-francisco"],"_links":{"self":[{"href":"https:\/\/losperiodistas.com.mx\/portal\/wp-json\/wp\/v2\/posts\/54783","targetHints":{"allow":["GET"]}}],"collection":[{"href":"https:\/\/losperiodistas.com.mx\/portal\/wp-json\/wp\/v2\/posts"}],"about":[{"href":"https:\/\/losperiodistas.com.mx\/portal\/wp-json\/wp\/v2\/types\/post"}],"author":[{"embeddable":true,"href":"https:\/\/losperiodistas.com.mx\/portal\/wp-json\/wp\/v2\/users\/1"}],"replies":[{"embeddable":true,"href":"https:\/\/losperiodistas.com.mx\/portal\/wp-json\/wp\/v2\/comments?post=54783"}],"version-history":[{"count":1,"href":"https:\/\/losperiodistas.com.mx\/portal\/wp-json\/wp\/v2\/posts\/54783\/revisions"}],"predecessor-version":[{"id":54785,"href":"https:\/\/losperiodistas.com.mx\/portal\/wp-json\/wp\/v2\/posts\/54783\/revisions\/54785"}],"wp:featuredmedia":[{"embeddable":true,"href":"https:\/\/losperiodistas.com.mx\/portal\/wp-json\/wp\/v2\/media\/54784"}],"wp:attachment":[{"href":"https:\/\/losperiodistas.com.mx\/portal\/wp-json\/wp\/v2\/media?parent=54783"}],"wp:term":[{"taxonomy":"category","embeddable":true,"href":"https:\/\/losperiodistas.com.mx\/portal\/wp-json\/wp\/v2\/categories?post=54783"},{"taxonomy":"post_tag","embeddable":true,"href":"https:\/\/losperiodistas.com.mx\/portal\/wp-json\/wp\/v2\/tags?post=54783"}],"curies":[{"name":"wp","href":"https:\/\/api.w.org\/{rel}","templated":true}]}}