{"id":54771,"date":"2023-07-15T22:22:16","date_gmt":"2023-07-16T03:22:16","guid":{"rendered":"http:\/\/losperiodistas.com.mx\/portal\/?p=54771"},"modified":"2023-07-16T08:00:49","modified_gmt":"2023-07-16T13:00:49","slug":"el-periodista-nelson-matus-es-asesinado-en-acapulco-guerrero-la-lista","status":"publish","type":"post","link":"https:\/\/losperiodistas.com.mx\/portal\/el-periodista-nelson-matus-es-asesinado-en-acapulco-guerrero-la-lista\/","title":{"rendered":"El periodista Nelson Matus es asesinado en Acapulco, Guerrero | La-Lista"},"content":{"rendered":"\n<p class=\"has-background has-medium-font-size\" style=\"background-color:#f89d6e\">El asesinato del comunicador Nelson Matus ocurri\u00f3 en el estacionamiento de una tienda departamental, en Acapulco<\/p>\n\n\n\n<figure class=\"wp-block-image size-large is-style-default\"><img fetchpriority=\"high\" decoding=\"async\" width=\"1024\" height=\"683\" src=\"https:\/\/losperiodistas.com.mx\/portal\/wp-content\/uploads\/2023\/07\/Policia-Guerrero-1024x683.jpg\" alt=\"\" class=\"wp-image-54772\" srcset=\"https:\/\/losperiodistas.com.mx\/portal\/wp-content\/uploads\/2023\/07\/Policia-Guerrero-1024x683.jpg 1024w, https:\/\/losperiodistas.com.mx\/portal\/wp-content\/uploads\/2023\/07\/Policia-Guerrero-300x200.jpg 300w, https:\/\/losperiodistas.com.mx\/portal\/wp-content\/uploads\/2023\/07\/Policia-Guerrero-768x512.jpg 768w, https:\/\/losperiodistas.com.mx\/portal\/wp-content\/uploads\/2023\/07\/Policia-Guerrero.jpg 1280w\" sizes=\"(max-width: 1024px) 100vw, 1024px\" \/><figcaption>Elementos de la Polic\u00eda Estatal del estado de Guerrero. Foto: Twitter \/ @SSPGro<\/figcaption><\/figure>\n\n\n\n<p class=\"has-vivid-red-color has-text-color has-medium-font-size\"><strong>REDACCI\u00d3N LA-LISTA<\/strong><\/p>\n\n\n\n<p>El periodista\u00a0<strong>Nelson Matus Pe\u00f1a<\/strong>\u00a0fue asesinado la tarde de este s\u00e1bado 15 de julio en el municipio de Acapulco, en el estado de Guerrero, de acuerdo con informaci\u00f3n de<a href=\"https:\/\/suracapulco.mx\/asesinan-a-balazos-al-director-de-lo-real-de-guerrero-en-estacionamiento-de-coppel-en-la-zapata\/\" target=\"_blank\" rel=\"noreferrer noopener\">\u00a0<em>El Sur.<\/em><\/a><\/p>\n\n\n\n<p>No te pierdas:<a href=\"https:\/\/la-lista.com\/derechos-humanos\/2023\/07\/11\/fiscalia-de-nayarit-investiga-labor-periodistica-de-luis-martin-como-movil-de-su-asesinato\">Fiscal\u00eda de Nayarit investiga labor period\u00edstica de Luis Mart\u00edn como m\u00f3vil de su asesinato<\/a><\/p>\n\n\n\n<p>Seg\u00fan informaci\u00f3n obtenida por el medio, la agresi\u00f3n contra el comunicador y director del portal de noticias\u00a0<em>Lo Real de Guerrero<\/em>\u00a0ocurri\u00f3 en el estacionamiento de una tienda departamental en la colonia Emiliano Zapata, en Acapulco.<\/p>\n\n\n\n<p>El ataque ocurri\u00f3 alrededor de las 15:20 horas, cuando se alert\u00f3 a elementos polic\u00edacos que en el bulevar Vicente Guerrero hab\u00eda una persona herida de bala, quien hab\u00eda sido agredida momentos antes por presuntos sujetos armados.<\/p>\n\n\n\n<figure class=\"wp-block-image is-style-default\"><img decoding=\"async\" src=\"https:\/\/i0.wp.com\/la-lista.com\/wp-content\/uploads\/2023\/07\/Nelson-Matus-1.jpg?resize=800%2C534&amp;ssl=1\" alt=\"El periodista Nelson Matus es asesinado en Acapulco, Guerrero - Nelson-Matus-1\" class=\"wp-image-453972\"\/><figcaption>El periodista Nelson Matus fue asesinado en Acapulco. Foto: Facebook \/ Jorge Lozano (Jorge Lozano)<\/figcaption><\/figure>\n\n\n\n<p><em>El Sur<\/em>&nbsp;dio a conocer que cuando llegaron param\u00e9dicos y elementos de la Polic\u00eda Municipal de Acapulco, se percataron que Nelson Matus yo no presentaba signos vitales y que hab\u00eda fallecido en el lugar.<\/p>\n\n\n\n<p>Por medio de redes sociales, algunos periodistas y comunicadores compartieron la noticia del asesinato del periodista, as\u00ed como algunos mensajes en apoyo para amigos y familiares de Nelson Matus.<\/p>\n\n\n\n<figure class=\"wp-block-image size-large is-style-default\"><img decoding=\"async\" width=\"1024\" height=\"509\" src=\"https:\/\/losperiodistas.com.mx\/portal\/wp-content\/uploads\/2023\/07\/Captura-de-Pantalla-2023-07-16-a-las-6.55.39-1024x509.jpg\" alt=\"\" class=\"wp-image-54773\" srcset=\"https:\/\/losperiodistas.com.mx\/portal\/wp-content\/uploads\/2023\/07\/Captura-de-Pantalla-2023-07-16-a-las-6.55.39-1024x509.jpg 1024w, https:\/\/losperiodistas.com.mx\/portal\/wp-content\/uploads\/2023\/07\/Captura-de-Pantalla-2023-07-16-a-las-6.55.39-300x149.jpg 300w, https:\/\/losperiodistas.com.mx\/portal\/wp-content\/uploads\/2023\/07\/Captura-de-Pantalla-2023-07-16-a-las-6.55.39-768x382.jpg 768w, https:\/\/losperiodistas.com.mx\/portal\/wp-content\/uploads\/2023\/07\/Captura-de-Pantalla-2023-07-16-a-las-6.55.39.jpg 1114w\" sizes=\"(max-width: 1024px) 100vw, 1024px\" \/><\/figure>\n\n\n\n<p>\u201cCon profundo pesar y respeto nos unimos al dolor por la p\u00e9rdida de Nelson Matus, director de\u00a0<em>Lo Real De Guerrero M\u00e9xico.<\/em>\u00a0Desde\u00a0<em>Solo Acapulco<\/em>, enviamos nuestras m\u00e1s sinceras condolencias a su familia, amigos y a todo el equipo de su medio. Nelson, siempre te respetamos y admiramos, tu legado ser\u00e1 recordado\u201d.<\/p>\n\n\n\n<p>No te pierdas:<a href=\"https:\/\/la-lista.com\/derechos-humanos\/2023\/07\/09\/la-onu-condena-asesinato-del-periodista-luis-martin-sanchez-iniguez-en-nayarit\">La ONU condena asesinato del periodista Luis Mart\u00edn S\u00e1nchez I\u00f1iguez en Nayarit<\/a><\/p>\n\n\n\n<p>\u201cEl tr\u00e1gico asesinato de Nelson refleja los desaf\u00edos que enfrentamos. Nos recuerda que, al alzar la voz, nos convertimos en blancos de quienes buscan ocultar la verdad. Aunque estos ataques nos asustan, no podemos permitir que nos paralicen, porque el silencio no es una opci\u00f3n\u201d, se puede leer en redes sociales.<\/p>\n\n\n\n<p>Fuente: <a href=\"https:\/\/la-lista.com\/cultura\/2023\/07\/16\/el-alcalde-de-helsinki-al-que-atraparon-pintando-graffitis-pinte-gcm-grandes-pasos-profesionales-lo-cual-es-ironico\">https:\/\/la-lista.com\/cultura\/2023\/07\/16\/el-alcalde-de-helsinki-al-que-atraparon-pintando-graffitis-pinte-gcm-grandes-pasos-profesionales-lo-cual-es-ironico<\/a><\/p>\n","protected":false},"excerpt":{"rendered":"<p>El asesinato del comunicador Nelson Matus ocurri\u00f3 en el estacionamiento de una tienda departamental, en Acapulco REDACCI\u00d3N LA-LISTA El periodista\u00a0Nelson [&hellip;]<\/p>\n","protected":false},"author":1,"featured_media":54774,"comment_status":"open","ping_status":"open","sticky":false,"template":"","format":"standard","meta":{"site-sidebar-layout":"default","site-content-layout":"","ast-site-content-layout":"default","site-content-style":"default","site-sidebar-style":"default","ast-global-header-display":"","ast-banner-title-visibility":"","ast-main-header-display":"","ast-hfb-above-header-display":"","ast-hfb-below-header-display":"","ast-hfb-mobile-header-display":"","site-post-title":"","ast-breadcrumbs-content":"","ast-featured-img":"","footer-sml-layout":"","theme-transparent-header-meta":"","adv-header-id-meta":"","stick-header-meta":"","header-above-stick-meta":"","header-main-stick-meta":"","header-below-stick-meta":"","astra-migrate-meta-layouts":"default","ast-page-background-enabled":"default","ast-page-background-meta":{"desktop":{"background-color":"var(--ast-global-color-4)","background-image":"","background-repeat":"repeat","background-position":"center center","background-size":"auto","background-attachment":"scroll","background-type":"","background-media":"","overlay-type":"","overlay-color":"","overlay-opacity":"","overlay-gradient":""},"tablet":{"background-color":"","background-image":"","background-repeat":"repeat","background-position":"center center","background-size":"auto","background-attachment":"scroll","background-type":"","background-media":"","overlay-type":"","overlay-color":"","overlay-opacity":"","overlay-gradient":""},"mobile":{"background-color":"","background-image":"","background-repeat":"repeat","background-position":"center center","background-size":"auto","background-attachment":"scroll","background-type":"","background-media":"","overlay-type":"","overlay-color":"","overlay-opacity":"","overlay-gradient":""}},"ast-content-background-meta":{"desktop":{"background-color":"var(--ast-global-color-5)","background-image":"","background-repeat":"repeat","background-position":"center center","background-size":"auto","background-attachment":"scroll","background-type":"","background-media":"","overlay-type":"","overlay-color":"","overlay-opacity":"","overlay-gradient":""},"tablet":{"background-color":"var(--ast-global-color-5)","background-image":"","background-repeat":"repeat","background-position":"center center","background-size":"auto","background-attachment":"scroll","background-type":"","background-media":"","overlay-type":"","overlay-color":"","overlay-opacity":"","overlay-gradient":""},"mobile":{"background-color":"var(--ast-global-color-5)","background-image":"","background-repeat":"repeat","background-position":"center center","background-size":"auto","background-attachment":"scroll","background-type":"","background-media":"","overlay-type":"","overlay-color":"","overlay-opacity":"","overlay-gradient":""}},"footnotes":""},"categories":[8],"tags":[15850,17408],"class_list":["post-54771","post","type-post","status-publish","format-standard","has-post-thumbnail","hentry","category-noticias","tag-acapulco","tag-nelson-matus"],"_links":{"self":[{"href":"https:\/\/losperiodistas.com.mx\/portal\/wp-json\/wp\/v2\/posts\/54771","targetHints":{"allow":["GET"]}}],"collection":[{"href":"https:\/\/losperiodistas.com.mx\/portal\/wp-json\/wp\/v2\/posts"}],"about":[{"href":"https:\/\/losperiodistas.com.mx\/portal\/wp-json\/wp\/v2\/types\/post"}],"author":[{"embeddable":true,"href":"https:\/\/losperiodistas.com.mx\/portal\/wp-json\/wp\/v2\/users\/1"}],"replies":[{"embeddable":true,"href":"https:\/\/losperiodistas.com.mx\/portal\/wp-json\/wp\/v2\/comments?post=54771"}],"version-history":[{"count":1,"href":"https:\/\/losperiodistas.com.mx\/portal\/wp-json\/wp\/v2\/posts\/54771\/revisions"}],"predecessor-version":[{"id":54775,"href":"https:\/\/losperiodistas.com.mx\/portal\/wp-json\/wp\/v2\/posts\/54771\/revisions\/54775"}],"wp:featuredmedia":[{"embeddable":true,"href":"https:\/\/losperiodistas.com.mx\/portal\/wp-json\/wp\/v2\/media\/54774"}],"wp:attachment":[{"href":"https:\/\/losperiodistas.com.mx\/portal\/wp-json\/wp\/v2\/media?parent=54771"}],"wp:term":[{"taxonomy":"category","embeddable":true,"href":"https:\/\/losperiodistas.com.mx\/portal\/wp-json\/wp\/v2\/categories?post=54771"},{"taxonomy":"post_tag","embeddable":true,"href":"https:\/\/losperiodistas.com.mx\/portal\/wp-json\/wp\/v2\/tags?post=54771"}],"curies":[{"name":"wp","href":"https:\/\/api.w.org\/{rel}","templated":true}]}}