{"id":54766,"date":"2023-07-15T22:49:54","date_gmt":"2023-07-16T03:49:54","guid":{"rendered":"http:\/\/losperiodistas.com.mx\/portal\/?p=54766"},"modified":"2023-07-16T08:00:26","modified_gmt":"2023-07-16T13:00:26","slug":"berlin-centro-pionero-de-la-moda-devastado-por-los-nazis-dw","status":"publish","type":"post","link":"https:\/\/losperiodistas.com.mx\/portal\/berlin-centro-pionero-de-la-moda-devastado-por-los-nazis-dw\/","title":{"rendered":"Berl\u00edn: centro pionero de la moda, devastado por los nazis | DW"},"content":{"rendered":"\n<p class=\"has-background has-medium-font-size\" style=\"background-color:#47efbc\"><strong>El regimen nazi destruy\u00f3 Berl\u00edn como un importante centro de la industria de la moda de Alemania, con prendas \u00abpr\u00eat-\u00e0-porter\u00bb de las que empresarios jud\u00edos fueron los pioneros.<\/strong><\/p>\n\n\n\n<figure class=\"wp-block-image size-large is-style-default\"><img fetchpriority=\"high\" decoding=\"async\" width=\"1024\" height=\"448\" src=\"https:\/\/losperiodistas.com.mx\/portal\/wp-content\/uploads\/2023\/07\/66159626_1004-1024x448.jpg\" alt=\"\" class=\"wp-image-54767\" srcset=\"https:\/\/losperiodistas.com.mx\/portal\/wp-content\/uploads\/2023\/07\/66159626_1004-1024x448.jpg 1024w, https:\/\/losperiodistas.com.mx\/portal\/wp-content\/uploads\/2023\/07\/66159626_1004-300x131.jpg 300w, https:\/\/losperiodistas.com.mx\/portal\/wp-content\/uploads\/2023\/07\/66159626_1004-768x336.jpg 768w, https:\/\/losperiodistas.com.mx\/portal\/wp-content\/uploads\/2023\/07\/66159626_1004.jpg 1200w\" sizes=\"(max-width: 1024px) 100vw, 1024px\" \/><figcaption>En 1932, la empresa de Leopold Seligmann se convirti\u00f3 en uno de los mayores fabricantes de ropa de Berl\u00edn. <small>Imagen:\u00a0Uwe Westphal<\/small><\/figcaption><\/figure>\n\n\n\n<p class=\"has-vivid-red-color has-text-color has-medium-font-size\"><strong>SHLOMIT LASKY \/ DW<\/strong><\/p>\n\n\n\n<p>Aunque la&nbsp;<a href=\"https:\/\/www.dw.com\/es\/berlin-fashion-week\/t-39545175\">Berlin Fashion Week<\/a>&nbsp;(Semana de la Moda de Berl\u00edn) se celebra dos veces al a\u00f1o, una en enero y otra ahora, del 10 al 13 de julio, la ciudad alemana no ostenta precisamente el t\u00edtulo de capital de la moda. Por eso, incluso los berlineses se sorprenden cuando se enteran de que su ciudad sol\u00eda ser un pr\u00f3spero centro de esta industria antes de la&nbsp;<a href=\"https:\/\/www.dw.com\/es\/segunda-guerra-mundial\/t-17412415\">Segunda Guerra Mundial<\/a>. Todo gracias a empresarios jud\u00edos que fueron pioneros de la moda&nbsp;en Berl\u00edn.<\/p>\n\n\n\n<h2 class=\"wp-block-heading\">Los or\u00edgenes de la industria jud\u00eda de la moda<\/h2>\n\n\n\n<p>Las m\u00e1quinas de coser industriales introducidas en la d\u00e9cada de 1850 cambiaron las reglas del juego de una industria de la confecci\u00f3n incipiente en Berl\u00edn. Por aquel entonces, una camisa ya pod\u00eda hacerse en una hora en lugar de ocho. Y en mitad de este proceso de industrializaci\u00f3n, los empresarios jud\u00edos marcaban la pauta.<\/p>\n\n\n\n<p>Durante siglos, no obstante, los jud\u00edos que viv\u00edan en Alemania hab\u00edan sufrido restricciones legales que afectaban&nbsp;sus posibilidades de&nbsp;ganarse la vida. Muchos eran vendedores ambulantes de art\u00edculos de mercer\u00eda y ropa de segunda mano, mientras que los m\u00e1s adinerados comerciaban con telas, explica Uwe Westphal, periodista y autor del libro \u00abFashion Metropolis Berlin 1836 &#8211; 1939. La historia del auge y la destrucci\u00f3n de la industria de la moda jud\u00eda\u00bb.<\/p>\n\n\n\n<p><\/p>\n\n\n\n<p>Pero con la la instauraci\u00f3n del Imperio Alem\u00e1n en 1871 se consagraron nuevos derechos para los jud\u00edos, lo que les permiti\u00f3 prosperar. Por aquel entonces, Berl\u00edn ten\u00eda algo m\u00e1s de 800.000 habitantes&nbsp;pero, en la d\u00e9cada de 1920, se convirti\u00f3 en una metr\u00f3poli&nbsp;con una poblaci\u00f3n de m\u00e1s de cuatro millones, de los cuales el 4% eran jud\u00edos.<\/p>\n\n\n\n<figure class=\"wp-block-image size-large is-style-default\"><img decoding=\"async\" width=\"1024\" height=\"576\" src=\"https:\/\/losperiodistas.com.mx\/portal\/wp-content\/uploads\/2023\/07\/66159669_906-1024x576.jpeg\" alt=\"\" class=\"wp-image-54769\" srcset=\"https:\/\/losperiodistas.com.mx\/portal\/wp-content\/uploads\/2023\/07\/66159669_906-1024x576.jpeg 1024w, https:\/\/losperiodistas.com.mx\/portal\/wp-content\/uploads\/2023\/07\/66159669_906-300x169.jpeg 300w, https:\/\/losperiodistas.com.mx\/portal\/wp-content\/uploads\/2023\/07\/66159669_906-768x432.jpeg 768w, https:\/\/losperiodistas.com.mx\/portal\/wp-content\/uploads\/2023\/07\/66159669_906.jpeg 1110w\" sizes=\"(max-width: 1024px) 100vw, 1024px\" \/><figcaption>Un dise\u00f1o de Lissy Edler (que m\u00e1s tarde adopt\u00f3 el nombre de Alice Newman), una destacada dise\u00f1adora que escap\u00f3 de los nazis en 1936 y se fue a Londres.<small>Imagen: Uwewestphalarchives<\/small><\/figcaption><\/figure>\n\n\n\n<h2 class=\"wp-block-heading\">Berl\u00edn, un centro de moda \u00abpr\u00eat-\u00e0-porter\u00bb<\/h2>\n\n\n\n<p>Las tendencias de la moda de Par\u00eds, especialmente de alta costura, eran demasiado caras para las clases medias, aunque cada vez suscitaran m\u00e1s inter\u00e9s. A los empresarios jud\u00edos \u00abse les ocurri\u00f3 la idea de producir ropa de moda barata seg\u00fan medidas estandarizadas\u00bb, explica Westphal. \u00abLa demanda estaba ah\u00ed, y la industria creci\u00f3 r\u00e1pidamente\u00bb.<\/p>\n\n\n\n<p>La industria de la moda berlinesa alcanz\u00f3 su apogeo en los a\u00f1os 20, con m\u00e1s de 2.700 empresas de moda, en su mayor\u00eda propiedad de familias jud\u00edas. Nombres como los hermanos Manheimer, David Leib Levin, Nathan Israel y Hermann Gerson eran sin\u00f3nimos de la nueva y creciente tendencia de la moda \u00abpr\u00eat-\u00e0-porter\u00bb (\u00ablisto para llevar\u00bb).<\/p>\n\n\n\n<p>Los empresarios jud\u00edos se adaptaron r\u00e1pidamente a las nuevas necesidades de la era industrial: \u00abSab\u00edan lo que le gustaba a la gente y ten\u00edan contactos internacionales con los fabricantes de tejidos\u00bb, afirma.<\/p>\n\n\n\n<h2 class=\"wp-block-heading\">Golpe a los empresarios jud\u00edos<\/h2>\n\n\n\n<p>El&nbsp;<a href=\"https:\/\/www.dw.com\/es\/antisemitismo\/t-44769335\">antisemitismo<\/a>&nbsp;y la envidia por el \u00e9xito de los jud\u00edos en la industria se manifestaron muy pronto. Pero con la llegada de Hitler al poder, en 1933, estas empresas sufrieron un severo golpe, empezando por el boicot contra sus tiendas establecido el 1 de abril de ese mismo a\u00f1o, y luego&nbsp;con la prohibici\u00f3n de&nbsp;pedir pr\u00e9stamos bancarios.<\/p>\n\n\n\n<p>En noviembre de 1938, grupos de partidarios nazis asaltaron cientos de empresas en la zona de Hausvogteiplatz, en el distrito de Berl\u00edn-Mitte, por aquel entonces el epicentro de la moda jud\u00eda en la capital. \u00abDe las 2.700 empresas de moda jud\u00edas, s\u00f3lo quedaron 24, que tambi\u00e9n fueron confiscadas como muy tarde en 1940\u00bb, explica Westphal.<\/p>\n\n\n\n<p>Josef Neckermann y Hugo Boss son s\u00f3lo dos nombres destacados entre los varios propietarios de empresas que se beneficiaron enormemente de la apropiaci\u00f3n ejecutada por los nazi de empresas jud\u00edas.<\/p>\n\n\n\n<p>Los dise\u00f1adores de moda berlineses de los a\u00f1os 50 y 60 ya no ten\u00edan&nbsp;competencia jud\u00eda. Pero, para entonces, la industria alemana de la moda ya se hab\u00eda trasladado de Berl\u00edn a D\u00fcsseldorf y M\u00fanich, debido a la divisi\u00f3n de la ciudad.<\/p>\n\n\n\n<figure class=\"wp-block-image size-large is-style-default\"><img decoding=\"async\" width=\"1024\" height=\"576\" src=\"https:\/\/losperiodistas.com.mx\/portal\/wp-content\/uploads\/2023\/07\/66160056_906-1024x576.jpeg\" alt=\"\" class=\"wp-image-54768\" srcset=\"https:\/\/losperiodistas.com.mx\/portal\/wp-content\/uploads\/2023\/07\/66160056_906-1024x576.jpeg 1024w, https:\/\/losperiodistas.com.mx\/portal\/wp-content\/uploads\/2023\/07\/66160056_906-300x169.jpeg 300w, https:\/\/losperiodistas.com.mx\/portal\/wp-content\/uploads\/2023\/07\/66160056_906-768x432.jpeg 768w, https:\/\/losperiodistas.com.mx\/portal\/wp-content\/uploads\/2023\/07\/66160056_906.jpeg 1110w\" sizes=\"(max-width: 1024px) 100vw, 1024px\" \/><figcaption>Un monumento conmemorativo en la Hausvogteiplatz, en Berl\u00edn.<small>Imagen: Uwe Westphal<\/small><\/figcaption><\/figure>\n\n\n\n<h2 class=\"wp-block-heading\">Berl\u00edn reh\u00faye de su historia<\/h2>\n\n\n\n<p>\u00abLo que me asusta es que, desde 1945, nadie quiere recordar esta cultura de la moda ni se conmemora a los muchos dise\u00f1adores de moda jud\u00edos\u00bb, afirma Westphal. \u00abEsto contrasta con muchas empresas alemanas que estuvieron profundamente implicadas en el Estado nazi y que han intentado reparar culpas&nbsp;desde entonces\u00bb, dice.<\/p>\n\n\n\n<p>Como parte del pr\u00f3ximo&nbsp;<a rel=\"noreferrer noopener\" target=\"_blank\" href=\"https:\/\/www.juedische-kulturtage.org\/event-details\/fashion-show-uriel-yekutiel-prasentiert-israelische-judische-designer\">Festival de la Cultura Jud\u00eda<\/a>, el 7 de septiembre tendr\u00e1 lugar un desfile de moda de dise\u00f1adores jud\u00edos e israel\u00edes contempor\u00e1neos&nbsp;que, seg\u00fan Westphal, ser\u00e1 el primer desfile de moda jud\u00eda en la capital alemana desde 1939.<\/p>\n\n\n\n<p>(aag\/ers)<\/p>\n\n\n\n<p>Fuente: <a href=\"https:\/\/www.dw.com\/es\/berl%C3%ADn-un-centro-pionero-de-la-moda-devastado-por-los-nazis\/a-66193580\">https:\/\/www.dw.com\/es\/berl%C3%ADn-un-centro-pionero-de-la-moda-devastado-por-los-nazis\/a-66193580<\/a><\/p>\n","protected":false},"excerpt":{"rendered":"<p>El regimen nazi destruy\u00f3 Berl\u00edn como un importante centro de la industria de la moda de Alemania, con prendas \u00abpr\u00eat-\u00e0-porter\u00bb [&hellip;]<\/p>\n","protected":false},"author":1,"featured_media":54767,"comment_status":"open","ping_status":"open","sticky":false,"template":"","format":"standard","meta":{"site-sidebar-layout":"default","site-content-layout":"","ast-site-content-layout":"default","site-content-style":"default","site-sidebar-style":"default","ast-global-header-display":"","ast-banner-title-visibility":"","ast-main-header-display":"","ast-hfb-above-header-display":"","ast-hfb-below-header-display":"","ast-hfb-mobile-header-display":"","site-post-title":"","ast-breadcrumbs-content":"","ast-featured-img":"","footer-sml-layout":"","theme-transparent-header-meta":"","adv-header-id-meta":"","stick-header-meta":"","header-above-stick-meta":"","header-main-stick-meta":"","header-below-stick-meta":"","astra-migrate-meta-layouts":"default","ast-page-background-enabled":"default","ast-page-background-meta":{"desktop":{"background-color":"var(--ast-global-color-4)","background-image":"","background-repeat":"repeat","background-position":"center center","background-size":"auto","background-attachment":"scroll","background-type":"","background-media":"","overlay-type":"","overlay-color":"","overlay-opacity":"","overlay-gradient":""},"tablet":{"background-color":"","background-image":"","background-repeat":"repeat","background-position":"center center","background-size":"auto","background-attachment":"scroll","background-type":"","background-media":"","overlay-type":"","overlay-color":"","overlay-opacity":"","overlay-gradient":""},"mobile":{"background-color":"","background-image":"","background-repeat":"repeat","background-position":"center center","background-size":"auto","background-attachment":"scroll","background-type":"","background-media":"","overlay-type":"","overlay-color":"","overlay-opacity":"","overlay-gradient":""}},"ast-content-background-meta":{"desktop":{"background-color":"var(--ast-global-color-5)","background-image":"","background-repeat":"repeat","background-position":"center center","background-size":"auto","background-attachment":"scroll","background-type":"","background-media":"","overlay-type":"","overlay-color":"","overlay-opacity":"","overlay-gradient":""},"tablet":{"background-color":"var(--ast-global-color-5)","background-image":"","background-repeat":"repeat","background-position":"center center","background-size":"auto","background-attachment":"scroll","background-type":"","background-media":"","overlay-type":"","overlay-color":"","overlay-opacity":"","overlay-gradient":""},"mobile":{"background-color":"var(--ast-global-color-5)","background-image":"","background-repeat":"repeat","background-position":"center center","background-size":"auto","background-attachment":"scroll","background-type":"","background-media":"","overlay-type":"","overlay-color":"","overlay-opacity":"","overlay-gradient":""}},"footnotes":""},"categories":[8],"tags":[17406,17405,17407],"class_list":["post-54766","post","type-post","status-publish","format-standard","has-post-thumbnail","hentry","category-noticias","tag-berlon-fashin-week","tag-industria-judia-moda","tag-nazis-moda-judia"],"_links":{"self":[{"href":"https:\/\/losperiodistas.com.mx\/portal\/wp-json\/wp\/v2\/posts\/54766","targetHints":{"allow":["GET"]}}],"collection":[{"href":"https:\/\/losperiodistas.com.mx\/portal\/wp-json\/wp\/v2\/posts"}],"about":[{"href":"https:\/\/losperiodistas.com.mx\/portal\/wp-json\/wp\/v2\/types\/post"}],"author":[{"embeddable":true,"href":"https:\/\/losperiodistas.com.mx\/portal\/wp-json\/wp\/v2\/users\/1"}],"replies":[{"embeddable":true,"href":"https:\/\/losperiodistas.com.mx\/portal\/wp-json\/wp\/v2\/comments?post=54766"}],"version-history":[{"count":1,"href":"https:\/\/losperiodistas.com.mx\/portal\/wp-json\/wp\/v2\/posts\/54766\/revisions"}],"predecessor-version":[{"id":54770,"href":"https:\/\/losperiodistas.com.mx\/portal\/wp-json\/wp\/v2\/posts\/54766\/revisions\/54770"}],"wp:featuredmedia":[{"embeddable":true,"href":"https:\/\/losperiodistas.com.mx\/portal\/wp-json\/wp\/v2\/media\/54767"}],"wp:attachment":[{"href":"https:\/\/losperiodistas.com.mx\/portal\/wp-json\/wp\/v2\/media?parent=54766"}],"wp:term":[{"taxonomy":"category","embeddable":true,"href":"https:\/\/losperiodistas.com.mx\/portal\/wp-json\/wp\/v2\/categories?post=54766"},{"taxonomy":"post_tag","embeddable":true,"href":"https:\/\/losperiodistas.com.mx\/portal\/wp-json\/wp\/v2\/tags?post=54766"}],"curies":[{"name":"wp","href":"https:\/\/api.w.org\/{rel}","templated":true}]}}