{"id":54759,"date":"2023-07-15T23:26:33","date_gmt":"2023-07-16T04:26:33","guid":{"rendered":"http:\/\/losperiodistas.com.mx\/portal\/?p=54759"},"modified":"2023-07-16T08:03:41","modified_gmt":"2023-07-16T13:03:41","slug":"impugna-presidencia-resolucion-del-tepjf-que-censura-a-amlo-la-jornada","status":"publish","type":"post","link":"https:\/\/losperiodistas.com.mx\/portal\/impugna-presidencia-resolucion-del-tepjf-que-censura-a-amlo-la-jornada\/","title":{"rendered":"Impugna Presidencia resoluci\u00f3n del TEPJF que censura a AMLO\u00a0| La Jornada"},"content":{"rendered":"\n<div class=\"wp-block-image\"><figure class=\"aligncenter size-full\"><img fetchpriority=\"high\" decoding=\"async\" width=\"425\" height=\"283\" src=\"https:\/\/losperiodistas.com.mx\/portal\/wp-content\/uploads\/2023\/07\/image_preview-1.jpeg\" alt=\"\" class=\"wp-image-54760\" srcset=\"https:\/\/losperiodistas.com.mx\/portal\/wp-content\/uploads\/2023\/07\/image_preview-1.jpeg 425w, https:\/\/losperiodistas.com.mx\/portal\/wp-content\/uploads\/2023\/07\/image_preview-1-300x200.jpeg 300w\" sizes=\"(max-width: 425px) 100vw, 425px\" \/><figcaption><strong>Andr\u00e9s Manuel L\u00f3pez Obrador durante la conferencia de prensa matutina del 12 de julio del presente a\u00f1o. Foto Roberto Garc\u00eda Ortiz.<\/strong><\/figcaption><\/figure><\/div>\n\n\n\n<p><\/p>\n\n\n\n<p class=\"has-vivid-red-color has-text-color has-medium-font-size\"><strong>FABIOLA MART\u00cdNEZ \/ LA JORNADA<\/strong><\/p>\n\n\n\n<p>El Presidente Andr\u00e9s Manuel L\u00f3pez Obrador y funcionarios de Comunicaci\u00f3n del gobierno de la Rep\u00fablica impugnaron la resoluci\u00f3n de la Sala Especializada del Tribunal Electoral del Poder Judicial de la Federaci\u00f3n (TEPJF) respecto a que con sus declaraciones relativas al Plan C, el mandatario vulner\u00f3 los principios de imparcialidad, neutralidad y equidad, en detrimento de los procesos electorales en curso y el federal, pr\u00f3ximo a iniciar.<\/p>\n\n\n\n<p>Tambi\u00e9n se declar\u00f3 uso indebido de recursos p\u00fablicos en la divulgaci\u00f3n de la ma\u00f1anera del 27 de marzo.<\/p>\n\n\n\n<p>Tocar\u00e1 elaborar el proyecto de resoluci\u00f3n a Indalfer Infante Gonzales, magistrado de la Sala Superior del TEPJF.<\/p>\n\n\n\n<p>El recurso fue interpuesto por Armando Aguirre, a nombre de la Consejer\u00eda Jur\u00eddica de la Presidencia de la Rep\u00fablica.<\/p>\n\n\n\n<p>Adicionalmente, presentaron apelaciones Sigfrido Barjau de la Rosa, director del Centro de Producci\u00f3n de Programas Informativos y Especiales (Cepropie); Pedro Daniel Ram\u00edrez P\u00e9rez, jefe del departamento adscrito a la Coordinaci\u00f3n General de Comunicaci\u00f3n Social y Vocer\u00eda del gobierno; Jes\u00fas Ram\u00edrez, coordinador de dicha \u00e1rea, y Jenaro Villamil, presidente del Sistema P\u00fablico de Radiodifusi\u00f3n del Estado Mexicano.<\/p>\n\n\n\n<p>El 6 de julio pasado, la Sala Especializada dijo que el mandatario cometi\u00f3 infracciones electorales con el llamado a no votar por el \u201cbloque conservador\u201d y s\u00ed hacerlo en favor de la transformaci\u00f3n para alcanzar una mayor\u00eda legislativa(aspecto denominado Plan C).<\/p>\n\n\n\n<p>Lo anterior porque al ser mensajes de naturaleza electoral \u201cpudieron generar una influencia indebida y un impacto en la ciudadan\u00eda que recibi\u00f3 la informaci\u00f3n\u201d.<\/p>\n\n\n\n<p>La ley no prev\u00e9 sanciones para los servidores p\u00fablicos; solo se dio vista al Organo Interno de Control de la Presidencia de la Rep\u00fablica y de Sistema P\u00fablico de Radiodifusi\u00f3n del Estado Mexicano respecto de la actuaci\u00f3n de las personas responsables de la preparaci\u00f3n y difusi\u00f3n de la ma\u00f1anera.<\/p>\n\n\n\n<p>El asunto se origin\u00f3 por denuncias de una legisladora del PAN, del PRD y un legislador de Movimiento Ciudadano quienes alegaron que durante la conferencia de prensa de Palacio Nacional, el jefe del Poder Ejecutivo infringi\u00f3 la norma.<\/p>\n\n\n\n<p>Por unanimidad, las tres magistraturas que integran la Sala Especializada del TEPJF dieron la raz\u00f3n a los quejosos.<\/p>\n\n\n\n<p>Dijeron que las manifestaciones de L\u00f3pez Obrador implicaron de forma directa un llamado expreso a la ciudadan\u00eda a no votar por una opci\u00f3n pol\u00edtica, que el Presidente califica como \u2018bloque conservador\u2019 y por incitar a continuar con la transformaci\u00f3n.<\/p>\n\n\n\n<p>Lo anterior, concluyeron los juzgadores, afect\u00f3 los comicios que en ese momento estaban en curso en Coahuila y el Estado de M\u00e9xico y frente a los de 2024 que iniciar\u00e1 en septiembre pr\u00f3ximo, \u201cal generarse una posible desventaja electoral a los partidos pol\u00edticos contendientes\u201d. <\/p>\n\n\n\n<p>Fuente: <a href=\"https:\/\/www.jornada.com.mx\/notas\/2023\/07\/15\/politica\/impugna-presidencia-resolucion-del-tepjf-que-censura-a-amlo\/\">https:\/\/www.jornada.com.mx\/notas\/2023\/07\/15\/politica\/impugna-presidencia-resolucion-del-tepjf-que-censura-a-amlo\/<\/a><\/p>\n\n\n\n<p><\/p>\n","protected":false},"excerpt":{"rendered":"<p>FABIOLA MART\u00cdNEZ \/ LA JORNADA El Presidente Andr\u00e9s Manuel L\u00f3pez Obrador y funcionarios de Comunicaci\u00f3n del gobierno de la Rep\u00fablica [&hellip;]<\/p>\n","protected":false},"author":1,"featured_media":54760,"comment_status":"open","ping_status":"open","sticky":false,"template":"","format":"standard","meta":{"site-sidebar-layout":"default","site-content-layout":"","ast-site-content-layout":"default","site-content-style":"default","site-sidebar-style":"default","ast-global-header-display":"","ast-banner-title-visibility":"","ast-main-header-display":"","ast-hfb-above-header-display":"","ast-hfb-below-header-display":"","ast-hfb-mobile-header-display":"","site-post-title":"","ast-breadcrumbs-content":"","ast-featured-img":"","footer-sml-layout":"","theme-transparent-header-meta":"","adv-header-id-meta":"","stick-header-meta":"","header-above-stick-meta":"","header-main-stick-meta":"","header-below-stick-meta":"","astra-migrate-meta-layouts":"default","ast-page-background-enabled":"default","ast-page-background-meta":{"desktop":{"background-color":"var(--ast-global-color-4)","background-image":"","background-repeat":"repeat","background-position":"center center","background-size":"auto","background-attachment":"scroll","background-type":"","background-media":"","overlay-type":"","overlay-color":"","overlay-opacity":"","overlay-gradient":""},"tablet":{"background-color":"","background-image":"","background-repeat":"repeat","background-position":"center center","background-size":"auto","background-attachment":"scroll","background-type":"","background-media":"","overlay-type":"","overlay-color":"","overlay-opacity":"","overlay-gradient":""},"mobile":{"background-color":"","background-image":"","background-repeat":"repeat","background-position":"center center","background-size":"auto","background-attachment":"scroll","background-type":"","background-media":"","overlay-type":"","overlay-color":"","overlay-opacity":"","overlay-gradient":""}},"ast-content-background-meta":{"desktop":{"background-color":"var(--ast-global-color-5)","background-image":"","background-repeat":"repeat","background-position":"center center","background-size":"auto","background-attachment":"scroll","background-type":"","background-media":"","overlay-type":"","overlay-color":"","overlay-opacity":"","overlay-gradient":""},"tablet":{"background-color":"var(--ast-global-color-5)","background-image":"","background-repeat":"repeat","background-position":"center center","background-size":"auto","background-attachment":"scroll","background-type":"","background-media":"","overlay-type":"","overlay-color":"","overlay-opacity":"","overlay-gradient":""},"mobile":{"background-color":"var(--ast-global-color-5)","background-image":"","background-repeat":"repeat","background-position":"center center","background-size":"auto","background-attachment":"scroll","background-type":"","background-media":"","overlay-type":"","overlay-color":"","overlay-opacity":"","overlay-gradient":""}},"footnotes":""},"categories":[8],"tags":[199,885],"class_list":["post-54759","post","type-post","status-publish","format-standard","has-post-thumbnail","hentry","category-noticias","tag-amlo","tag-ine"],"_links":{"self":[{"href":"https:\/\/losperiodistas.com.mx\/portal\/wp-json\/wp\/v2\/posts\/54759","targetHints":{"allow":["GET"]}}],"collection":[{"href":"https:\/\/losperiodistas.com.mx\/portal\/wp-json\/wp\/v2\/posts"}],"about":[{"href":"https:\/\/losperiodistas.com.mx\/portal\/wp-json\/wp\/v2\/types\/post"}],"author":[{"embeddable":true,"href":"https:\/\/losperiodistas.com.mx\/portal\/wp-json\/wp\/v2\/users\/1"}],"replies":[{"embeddable":true,"href":"https:\/\/losperiodistas.com.mx\/portal\/wp-json\/wp\/v2\/comments?post=54759"}],"version-history":[{"count":1,"href":"https:\/\/losperiodistas.com.mx\/portal\/wp-json\/wp\/v2\/posts\/54759\/revisions"}],"predecessor-version":[{"id":54776,"href":"https:\/\/losperiodistas.com.mx\/portal\/wp-json\/wp\/v2\/posts\/54759\/revisions\/54776"}],"wp:featuredmedia":[{"embeddable":true,"href":"https:\/\/losperiodistas.com.mx\/portal\/wp-json\/wp\/v2\/media\/54760"}],"wp:attachment":[{"href":"https:\/\/losperiodistas.com.mx\/portal\/wp-json\/wp\/v2\/media?parent=54759"}],"wp:term":[{"taxonomy":"category","embeddable":true,"href":"https:\/\/losperiodistas.com.mx\/portal\/wp-json\/wp\/v2\/categories?post=54759"},{"taxonomy":"post_tag","embeddable":true,"href":"https:\/\/losperiodistas.com.mx\/portal\/wp-json\/wp\/v2\/tags?post=54759"}],"curies":[{"name":"wp","href":"https:\/\/api.w.org\/{rel}","templated":true}]}}