{"id":54756,"date":"2023-07-15T23:17:06","date_gmt":"2023-07-16T04:17:06","guid":{"rendered":"http:\/\/losperiodistas.com.mx\/portal\/?p=54756"},"modified":"2023-07-15T23:17:08","modified_gmt":"2023-07-16T04:17:08","slug":"checo-se-defiende-ante-mala-racha-lo-importante-es-como-acabas-el-ano-forbes","status":"publish","type":"post","link":"https:\/\/losperiodistas.com.mx\/portal\/checo-se-defiende-ante-mala-racha-lo-importante-es-como-acabas-el-ano-forbes\/","title":{"rendered":"\u2018Checo\u2019 se defiende ante mala racha: \u2018Lo importante es c\u00f3mo acabas el a\u00f1o\u2019 | Forbes"},"content":{"rendered":"\n<p class=\"has-pale-cyan-blue-background-color has-background has-medium-font-size\"><em>\u2018Checo\u2019 P\u00e9rez reconoci\u00f3 que han sido duras las \u00faltimas calificaciones en la F\u00f3rmula Uno, pero lo importante es c\u00f3mo cerrar\u00e1 el a\u00f1o.<\/em><\/p>\n\n\n\n<figure class=\"wp-block-image size-large\"><img fetchpriority=\"high\" decoding=\"async\" width=\"1024\" height=\"576\" src=\"https:\/\/losperiodistas.com.mx\/portal\/wp-content\/uploads\/2023\/07\/checo-perez-espana-1024x576.jpeg\" alt=\"\" class=\"wp-image-54757\" srcset=\"https:\/\/losperiodistas.com.mx\/portal\/wp-content\/uploads\/2023\/07\/checo-perez-espana-1024x576.jpeg 1024w, https:\/\/losperiodistas.com.mx\/portal\/wp-content\/uploads\/2023\/07\/checo-perez-espana-300x169.jpeg 300w, https:\/\/losperiodistas.com.mx\/portal\/wp-content\/uploads\/2023\/07\/checo-perez-espana-768x432.jpeg 768w, https:\/\/losperiodistas.com.mx\/portal\/wp-content\/uploads\/2023\/07\/checo-perez-espana.jpeg 1280w\" sizes=\"(max-width: 1024px) 100vw, 1024px\" \/><figcaption><em>Foto: El piloto mexicano de Formula Uno Sergio \u00abCheco\u00bb P\u00e9rez (c), de la escuder\u00eda Red Bull, participa en el espect\u00e1culo Red Bull Showrun Comunidad de Madrid este s\u00e1bado en las calles de Madrid. V\u00edctor Lerena \/ EFE.<\/em><\/figcaption><\/figure>\n\n\n\n<p class=\"has-vivid-red-color has-text-color has-medium-font-size\"><strong>FORBES STAFF<\/strong><\/p>\n\n\n\n<p>El mexicano Sergio \u2018Checo\u2019 P\u00e9rez (Red Bull), segundo clasificado en el Mundial de F\u00f3rmula Uno, explic\u00f3 a EFE este s\u00e1bado en Madrid -donde protagoniza esta tarde una exhibici\u00f3n con su monoplaza- que no est\u00e1 segundo lugar en el campeonato \u201cpor un milagro\u201d, sino porque ha \u201cganado carreras\u201d.<\/p>\n\n\n\n<p>\u201cLa gente en Espa\u00f1a me recibe siempre bien; me da mucho cari\u00f1o. Hay mucho mexicano, mucho latino. Es como estar en casa sin estarlo, es un buena sensaci\u00f3n\u201d, explic\u00f3 a Efe \u2018Checo\u2019, nacido hace 33 a\u00f1os en Guadalajara (Jalisco), con seis victorias en la F\u00f3rmula Uno -dos de ellas este a\u00f1o: en Arabia Saud\u00ed y en Azerbaiy\u00e1n-, en la que cuenta 31 podios; el \u00faltimo de ellos en el pasado Gran Premio de Austria, a principios de mes, un prueba en la que firm\u00f3 la gran remontada: al salir decimoquinto y concluir tercero.<\/p>\n\n\n\n<p><strong><em>Lee:&nbsp;<a href=\"https:\/\/www.forbes.com.mx\/max-verstappen-gana-en-austria-checo-quedo-en-tercer-lugar\/\">Max Verstappen gana en Austria; \u2018Checo\u2019 qued\u00f3 en tercer lugar<\/a><\/em><\/strong><\/p>\n\n\n\n<p>A pesar de estar inmerso en una mala racha, especialmente los s\u00e1bados -en los que ha ca\u00eddo varias veces en la Q3, la tercera ronda de la calificaci\u00f3n, \u2018Checo\u2019 -segundo en el certamen, con 156 puntos, 99 menos que el l\u00edder Max Verstappen y con 19 de ventaja sobre el doble campe\u00f3n mundial espa\u00f1ol Fernando Alonso (Aston Martin), que es tercero- no pierde el optimismo.\u00a0<\/p>\n\n\n\n<p>\u201cLas cosas se han complicado por diferentes factores que cuando los analizas, estamos en una ventana muy, muy peque\u00f1a. Es duro lo que ha pasado en las \u00faltima calificaciones; pero lo importante es c\u00f3mo acabas el a\u00f1o\u201d, explic\u00f3 el mexicano de la muy dominante escuder\u00eda austriaca esta tarde en la capital de Espa\u00f1a, antes del comienzo del \u2018Red Bull Showrun Comunidad de Madrid\u201d.&nbsp;<\/p>\n\n\n\n<p>\u201cAl final siempre lo he dicho: en la F\u00f3rmula Uno siempre importa d\u00f3nde terminas en Abu Dabi. Todo lo dem\u00e1s no importa\u201d, recalc\u00f3 el bravo piloto tapat\u00edo . \u201cMi enfoque es mantener una buena temporada. No estoy segundo del Mundial por milagro. Es porque he ganado carreras\u201d, precis\u00f3<\/p>\n\n\n\n<p>\u201cEs verdad que he tenido algunas malas carreras esta temporada, pero a\u00fan queda toda la temporada por delante. El objetivo es el subcampeonato del mundo\u201d, coment\u00f3 \u2018Checo\u2019 en una zona mixta abierta a la prensa acreditada para el evento en la zona pr\u00f3xima a la Plaza de la Cibeles, eje de un circuito urbano que abarca tambi\u00e9n parte de la Calle de Alcal\u00e1 y del Paseo de Recoletos.<\/p>\n\n\n\n<p><strong><em>Te interesa:&nbsp;<a href=\"https:\/\/www.forbes.com.mx\/verstappen-gana-en-silverstone-checo-termina-sexto\/\">Verstappen gana en Silverstone, \u2018Checo\u2019 termina sexto<\/a><\/em><\/strong><\/p>\n\n\n\n<p>Cuestionado por Efe acerca de que en el caso de que falle Red Bull, a qui\u00e9n ve aprovechando la ocasi\u00f3n par intentar anotarse alguna victoria, P\u00e9rez opin\u00f3 que \u201cparece que cambia carrera a carrera\u201d.&nbsp;<\/p>\n\n\n\n<p>\u201cSi me dices la \u00faltima carrera, McLaren o Mercedes ser\u00eda en los que m\u00e1s pensar\u00eda\u201d, explic\u00f3 \u2018Checo\u2019 antes de rodar con el RB7, un coche con el que, en 2011, el alem\u00e1n Sebastian Vettel gan\u00f3 el segundo de sus cuatro t\u00edtulos de campe\u00f3n y con el que, junto al australiano Mark Webber logr\u00f3 el segundo de los cinco Mundiales de constructores que cuenta hasta la fecha la exitosa escuder\u00eda que dirigen el ingl\u00e9s Christian Horner y el austriaco Helmut Marko.<\/p>\n\n\n\n<p><em>Con informaci\u00f3n de EFE<\/em><\/p>\n\n\n\n<p>Fuente: <a href=\"https:\/\/www.forbes.com.mx\/checo-se-defiende-ante-mala-racha-lo-importante-es-como-acabas-el-ano\/\">https:\/\/www.forbes.com.mx\/checo-se-defiende-ante-mala-racha-lo-importante-es-como-acabas-el-ano\/<\/a><\/p>\n","protected":false},"excerpt":{"rendered":"<p>\u2018Checo\u2019 P\u00e9rez reconoci\u00f3 que han sido duras las \u00faltimas calificaciones en la F\u00f3rmula Uno, pero lo importante es c\u00f3mo cerrar\u00e1 [&hellip;]<\/p>\n","protected":false},"author":1,"featured_media":54757,"comment_status":"open","ping_status":"open","sticky":false,"template":"","format":"standard","meta":{"site-sidebar-layout":"default","site-content-layout":"","ast-site-content-layout":"default","site-content-style":"default","site-sidebar-style":"default","ast-global-header-display":"","ast-banner-title-visibility":"","ast-main-header-display":"","ast-hfb-above-header-display":"","ast-hfb-below-header-display":"","ast-hfb-mobile-header-display":"","site-post-title":"","ast-breadcrumbs-content":"","ast-featured-img":"","footer-sml-layout":"","theme-transparent-header-meta":"","adv-header-id-meta":"","stick-header-meta":"","header-above-stick-meta":"","header-main-stick-meta":"","header-below-stick-meta":"","astra-migrate-meta-layouts":"default","ast-page-background-enabled":"default","ast-page-background-meta":{"desktop":{"background-color":"var(--ast-global-color-4)","background-image":"","background-repeat":"repeat","background-position":"center center","background-size":"auto","background-attachment":"scroll","background-type":"","background-media":"","overlay-type":"","overlay-color":"","overlay-opacity":"","overlay-gradient":""},"tablet":{"background-color":"","background-image":"","background-repeat":"repeat","background-position":"center center","background-size":"auto","background-attachment":"scroll","background-type":"","background-media":"","overlay-type":"","overlay-color":"","overlay-opacity":"","overlay-gradient":""},"mobile":{"background-color":"","background-image":"","background-repeat":"repeat","background-position":"center center","background-size":"auto","background-attachment":"scroll","background-type":"","background-media":"","overlay-type":"","overlay-color":"","overlay-opacity":"","overlay-gradient":""}},"ast-content-background-meta":{"desktop":{"background-color":"var(--ast-global-color-5)","background-image":"","background-repeat":"repeat","background-position":"center center","background-size":"auto","background-attachment":"scroll","background-type":"","background-media":"","overlay-type":"","overlay-color":"","overlay-opacity":"","overlay-gradient":""},"tablet":{"background-color":"var(--ast-global-color-5)","background-image":"","background-repeat":"repeat","background-position":"center center","background-size":"auto","background-attachment":"scroll","background-type":"","background-media":"","overlay-type":"","overlay-color":"","overlay-opacity":"","overlay-gradient":""},"mobile":{"background-color":"var(--ast-global-color-5)","background-image":"","background-repeat":"repeat","background-position":"center center","background-size":"auto","background-attachment":"scroll","background-type":"","background-media":"","overlay-type":"","overlay-color":"","overlay-opacity":"","overlay-gradient":""}},"footnotes":""},"categories":[8],"tags":[276,466],"class_list":["post-54756","post","type-post","status-publish","format-standard","has-post-thumbnail","hentry","category-noticias","tag-checo-perez","tag-red-bull"],"_links":{"self":[{"href":"https:\/\/losperiodistas.com.mx\/portal\/wp-json\/wp\/v2\/posts\/54756","targetHints":{"allow":["GET"]}}],"collection":[{"href":"https:\/\/losperiodistas.com.mx\/portal\/wp-json\/wp\/v2\/posts"}],"about":[{"href":"https:\/\/losperiodistas.com.mx\/portal\/wp-json\/wp\/v2\/types\/post"}],"author":[{"embeddable":true,"href":"https:\/\/losperiodistas.com.mx\/portal\/wp-json\/wp\/v2\/users\/1"}],"replies":[{"embeddable":true,"href":"https:\/\/losperiodistas.com.mx\/portal\/wp-json\/wp\/v2\/comments?post=54756"}],"version-history":[{"count":1,"href":"https:\/\/losperiodistas.com.mx\/portal\/wp-json\/wp\/v2\/posts\/54756\/revisions"}],"predecessor-version":[{"id":54758,"href":"https:\/\/losperiodistas.com.mx\/portal\/wp-json\/wp\/v2\/posts\/54756\/revisions\/54758"}],"wp:featuredmedia":[{"embeddable":true,"href":"https:\/\/losperiodistas.com.mx\/portal\/wp-json\/wp\/v2\/media\/54757"}],"wp:attachment":[{"href":"https:\/\/losperiodistas.com.mx\/portal\/wp-json\/wp\/v2\/media?parent=54756"}],"wp:term":[{"taxonomy":"category","embeddable":true,"href":"https:\/\/losperiodistas.com.mx\/portal\/wp-json\/wp\/v2\/categories?post=54756"},{"taxonomy":"post_tag","embeddable":true,"href":"https:\/\/losperiodistas.com.mx\/portal\/wp-json\/wp\/v2\/tags?post=54756"}],"curies":[{"name":"wp","href":"https:\/\/api.w.org\/{rel}","templated":true}]}}